{"id":93806,"date":"2025-09-04T22:22:10","date_gmt":"2025-09-04T22:22:10","guid":{"rendered":"https:\/\/www.europesays.com\/es\/93806\/"},"modified":"2025-09-04T22:22:10","modified_gmt":"2025-09-04T22:22:10","slug":"la-uco-aprecia-que-el-patrimonio-de-abalos-y-koldo-pudo-entremezclarse-y-el-juez-reclama-nueva-informacion-de-cerdan-al-psoe","status":"publish","type":"post","link":"https:\/\/www.europesays.com\/es\/93806\/","title":{"rendered":"La UCO aprecia que el patrimonio de \u00c1balos y Koldo pudo \u00abentremezclarse\u00bb y el juez reclama nueva informaci\u00f3n de Cerd\u00e1n al PSOE"},"content":{"rendered":"<p style=\"\">La Guardia Civil aprecia que \u00abparte del patrimonio\u00bb del exministro de Transportes investigado por corrupci\u00f3n en el Tribunal Supremo, Jos\u00e9 Luis \u00c1balos, \u00abpodr\u00eda haberse entremezclado\u00bb con el de su asesor en el Ministerio, Koldo Garc\u00eda Izaguirre.<\/p>\n<p style=\"\">As\u00ed lo expone en un informe entregado ayer al  &#8230; magistrado instructor Leopoldo Puente, que se ha notificado hoy y al que ha tenido acceso ABC, en el que reclam\u00f3 solicitar diversa informaci\u00f3n al PSOE tanto de ambos investigados como del ex secretario de Organizaci\u00f3n o mano derecha de Pedro S\u00e1nchez, Santos Cerd\u00e1n. <\/p>\n<p class=\"voc-p\" style=\"\">El juez ha acordado este jueves requerir toda la informaci\u00f3n solicitada por la fuerza investigadora tanto al PSOE como al Parlamento de Navarra y al Ayuntamiento de Milagro (Navarra), en este caso en relaci\u00f3n con Cerd\u00e1n. <\/p>\n<p class=\"voc-p\" style=\"\">La Guardia Civil ha solicitado los requerimientos judiciales para poder <a href=\"https:\/\/www.abc.es\/espana\/fiscal-trata-dar-parte-activa-corrupcion-excarcelacion-20250721040240-nt.html\" target=\"_self\" data-voc-vtm-id=\"in-text-traffic\" title=\"continuar con los informes patrimoniales y financieros\" data-mrf-link=\"www.abc.es\" rel=\"nofollow noopener\">continuar con los informes patrimoniales y financieros<\/a> tanto de Santos Cerd\u00e1n como de \u00c1balos, su hijo y su entorno m\u00e1s pr\u00f3ximo.<\/p>\n<p class=\"voc-p\" style=\"\">As\u00ed, seg\u00fan ped\u00eda la UCO, el juez ha requerido al PSOE <strong>que informe, en menos de siete d\u00edas<\/strong>, sobre todas las \u00abcuotas, donaciones, liquidaciones de gastos, pagos de servicios, retribuciones u otros abonos, que pudiera haber recibido de o entregado a don Santos Cerd\u00e1n Le\u00f3n desde el a\u00f1o 2014. Dicha informaci\u00f3n deber\u00e1 precisar cada una de las operaciones realizadas, con indicaci\u00f3n de su fecha, m\u00e9todo de pago o abono empleado, cuenta bancaria de origen y destino, junto al concepto o comentario consignado, as\u00ed como cualquier otro dato adicional que pudiera constar en relaci\u00f3n con dichas operaciones econ\u00f3micas\u00bb. Es la misma informaci\u00f3n que el magistrado ya requiri\u00f3 a Ferraz sobre \u00c1balos.<\/p>\n<p class=\"voc-p\" style=\"\">Sobre Cerd\u00e1n, requiere la misma informaci\u00f3n que al PSOE al Ayuntamiento de Milagro (Navarra), al Parlamento de Navarra y al Congreso de los Diputados, instituciones en las que Cerd\u00e1n ha desempe\u00f1ado diversos cargos desde 2014 a 2024.<\/p>\n<p class=\"voc-p\" style=\"\">El magistrado, seg\u00fan la investigaci\u00f3n que impulsa apoy\u00e1ndose en el trabajo conjunto de la Fiscal\u00eda Anticorrupci\u00f3n y la Guardia Civil, indaga en el patrimonio de los tres investigados que pudo aumentar gracias a las presuntas mordidas que cobraron a cambio de interferir en adjudicaciones de obra p\u00fablica a favor de algunas empresas. En este momento el foco est\u00e1 puesto en Levantina, Obras P\u00fablicas y Regad\u00edos (OPR) y Acciona en Uni\u00f3n Temporal de Empresas (UTE) con Servinabar, de Antxon Alonso, due\u00f1a de esta \u00faltima compa\u00f1\u00eda con sede en Pamplona de la que Cerd\u00e1n tuvo la mitad de participaciones.<\/p>\n<p>\nDinero conjunto\n<\/p>\n<p class=\"voc-p\" style=\"\">La UCO afirma en el oficio entregado ayer al juez que del an\u00e1lisis efectuado sobre los movimientos bancarios y la informaci\u00f3n remitida por Hacienda sobre \u00c1balos, \u00aben conjunci\u00f3n con el resto de evidencias obrantes en la causa, se aprecia la existencia de relaci\u00f3n econ\u00f3mica en la que parte del patrimonio de \u00c1balos podr\u00eda haberse entremezclado con el de Koldo Garc\u00eda Izaguirre. Conviene recordar la estrecha vinculaci\u00f3n personal y profesional entre ambos, as\u00ed como que \u00c1balos ha percibido determinados abonos del PSOE y realizado diversas aportaciones econ\u00f3micas al citado partido\u00bb. <\/p>\n<p class=\"voc-p\" style=\"\">De esta manera, trasladan los agentes, \u00aben el marco del an\u00e1lisis de los productos bancarios relativos a Koldo y su entorno, se han identificado abonos con el concepto &#8216;Partido Socialista Obrero Espa\u00f1ol [&#8230;] Viajes Corte Ingl\u00e9s&#8217;, as\u00ed como otros en los que figura &#8216;[&#8230;] Pago Liquidaci\u00f3n May-18&#8217;, sin que, por el momento, resulte posible determinar con precisi\u00f3n la naturaleza de dichos abonos\u00bb.<\/p>\n<p class=\"voc-p\" style=\"\">Por eso, la Guardia Civil justifica que \u00abal fin de conocer las circunstancias concretas de la relaci\u00f3n econ\u00f3mica entre \u00c1balos y Koldo junto con su entorno en lo relativo a liquidaciones de gastos, pagos de servicios, retribuciones u otros abonos, realizadas por o hacia el PSOE\u00bb, en relaci\u00f3n con Koldo Garc\u00eda, Patricia Uriz (su exmujer), Joseba Garc\u00eda (su hermano) -estos dos \u00faltimos est\u00e1n investigados en la Audiencia Nacional-.<\/p>\n<p class=\"voc-p\" style=\"\">El juez ha acordado todo lo solicitado y sobre estas personas ha enviado un requerimiento al PSOE para que remita toda la informaci\u00f3n sobre operaciones de abonos.<\/p>\n","protected":false},"excerpt":{"rendered":"La Guardia Civil aprecia que \u00abparte del patrimonio\u00bb del exministro de Transportes investigado por corrupci\u00f3n en el Tribunal&hellip;\n","protected":false},"author":2,"featured_media":93807,"comment_status":"","ping_status":"","sticky":false,"template":"","format":"standard","meta":{"footnotes":""},"categories":[8],"tags":[32397,7574,17,18,33978,25,24,13,14,11,1667,1664,4164,19,20,9,10,15,16,795,1397,1699,14405,17585,23,12,2155,21,22],"class_list":{"0":"post-93806","1":"post","2":"type-post","3":"status-publish","4":"format-standard","5":"has-post-thumbnail","7":"category-espana","8":"tag-abalos","9":"tag-aprecia","10":"tag-breaking-news","11":"tag-breakingnews","12":"tag-entremezclarse","13":"tag-es","14":"tag-espana","15":"tag-featured-news","16":"tag-featurednews","17":"tag-headlines","18":"tag-informacion","19":"tag-juez","20":"tag-koldo","21":"tag-latest-news","22":"tag-latestnews","23":"tag-news","24":"tag-noticias","25":"tag-noticias-destacadas","26":"tag-noticiasdestacadas","27":"tag-nueva","28":"tag-patrimonio","29":"tag-psoe","30":"tag-pudo","31":"tag-reclama","32":"tag-spain","33":"tag-titulares","34":"tag-uco","35":"tag-ultimas-noticias","36":"tag-ultimasnoticias"},"share_on_mastodon":{"url":"","error":""},"_links":{"self":[{"href":"https:\/\/www.europesays.com\/es\/wp-json\/wp\/v2\/posts\/93806","targetHints":{"allow":["GET"]}}],"collection":[{"href":"https:\/\/www.europesays.com\/es\/wp-json\/wp\/v2\/posts"}],"about":[{"href":"https:\/\/www.europesays.com\/es\/wp-json\/wp\/v2\/types\/post"}],"author":[{"embeddable":true,"href":"https:\/\/www.europesays.com\/es\/wp-json\/wp\/v2\/users\/2"}],"replies":[{"embeddable":true,"href":"https:\/\/www.europesays.com\/es\/wp-json\/wp\/v2\/comments?post=93806"}],"version-history":[{"count":0,"href":"https:\/\/www.europesays.com\/es\/wp-json\/wp\/v2\/posts\/93806\/revisions"}],"wp:featuredmedia":[{"embeddable":true,"href":"https:\/\/www.europesays.com\/es\/wp-json\/wp\/v2\/media\/93807"}],"wp:attachment":[{"href":"https:\/\/www.europesays.com\/es\/wp-json\/wp\/v2\/media?parent=93806"}],"wp:term":[{"taxonomy":"category","embeddable":true,"href":"https:\/\/www.europesays.com\/es\/wp-json\/wp\/v2\/categories?post=93806"},{"taxonomy":"post_tag","embeddable":true,"href":"https:\/\/www.europesays.com\/es\/wp-json\/wp\/v2\/tags?post=93806"}],"curies":[{"name":"wp","href":"https:\/\/api.w.org\/{rel}","templated":true}]}}