{"id":93842,"date":"2025-09-04T22:46:10","date_gmt":"2025-09-04T22:46:10","guid":{"rendered":"https:\/\/www.europesays.com\/es\/93842\/"},"modified":"2025-09-04T22:46:10","modified_gmt":"2025-09-04T22:46:10","slug":"aimar-bretos-resume-en-tres-minutos-el-ultimo-desproposito-del-juez-peinado-con-la-mujer-de-sanchez","status":"publish","type":"post","link":"https:\/\/www.europesays.com\/es\/93842\/","title":{"rendered":"Aimar Bretos resume en tres minutos el \u00faltimo desprop\u00f3sito del juez Peinado con la mujer de S\u00e1nchez"},"content":{"rendered":"<p class=\"paragraph text-xl pb-7 w-full text-pretty [&amp;_a]:text-link-normal dark:[&amp;_a]:text-link-dark [&amp;_a]:decoration-1 [&amp;_a:hover]:underline [&amp;_a:hover]:text-link-hover [&amp;_a:hover]:decoration-2 [&amp;_b_a]:text-link-normal dark:[&amp;_b_a]:text-link-dark [&amp;_b_a]:decoration-1 [&amp;_b_a:hover]:underline [&amp;_b_a:hover]:text-link-hover desktop:leading-relaxed break-words font-serif\" data-original-text-size=\"text-xl\">Sigue adelante el sainete en el que se ha convertido el caso de la mujer de <b>Pedro S\u00e1nchez<\/b>, que resumieron a la perfecci\u00f3n <a href=\"https:\/\/www.publico.es\/tremending\/semanita-resume-genial-video-desproposito-caso-begona-pero-hecho-exactamente.html\" title=\"&#039;Vaya Semanita&#039; resume con un genial v\u00eddeo el desprop\u00f3sito del &#039;caso Bego\u00f1a&#039;: &quot;\u00bfPero qu\u00e9 ha hecho exactamente?&quot;\" rel=\"nofollow noopener\" target=\"_blank\">en Vaya Semanita<\/a>. Un asunto que arranc\u00f3 con una denuncia con cortes de prensa con alg\u00fan <a href=\"https:\/\/www.publico.es\/tremending\/manos-limpias-pero-mucho-grotesca-denuncia-begona-gomez-recortes-prensa-bulo.html\" title=\"\" manos=\"\" limpias=\"\" pero=\"\" no=\"\" mucho=\"\" la=\"\" grotesca=\"\" denuncia=\"\" contra=\"\" bego=\"\" g=\"\" con=\"\" recortes=\"\" de=\"\" prensa=\"\" y=\"\" un=\"\" bulo=\"\" rel=\"nofollow noopener\" target=\"_blank\">bulo incluido<\/a> y que parece un libro de elige tu propia aventura, a ver por donde sale la siguiente noticia.\u00a0<\/p>\n<p class=\"paragraph text-xl pb-7 w-full text-pretty [&amp;_a]:text-link-normal dark:[&amp;_a]:text-link-dark [&amp;_a]:decoration-1 [&amp;_a:hover]:underline [&amp;_a:hover]:text-link-hover [&amp;_a:hover]:decoration-2 [&amp;_b_a]:text-link-normal dark:[&amp;_b_a]:text-link-dark [&amp;_b_a]:decoration-1 [&amp;_b_a:hover]:underline [&amp;_b_a:hover]:text-link-hover desktop:leading-relaxed break-words font-serif\" data-original-text-size=\"text-xl\">Lo \u00faltimo ha sido que el <b>juez Peinado<\/b> ha pedido a Moncloa los correos electr\u00f3nicos de <b>Bego\u00f1a G\u00f3mez<\/b> desde 2018 para que los analice la UCO.\u00a0\u00a0<\/p>\n<p class=\"paragraph text-xl pb-7 w-full text-pretty [&amp;_a]:text-link-normal dark:[&amp;_a]:text-link-dark [&amp;_a]:decoration-1 [&amp;_a:hover]:underline [&amp;_a:hover]:text-link-hover [&amp;_a:hover]:decoration-2 [&amp;_b_a]:text-link-normal dark:[&amp;_b_a]:text-link-dark [&amp;_b_a]:decoration-1 [&amp;_b_a:hover]:underline [&amp;_b_a:hover]:text-link-hover desktop:leading-relaxed break-words font-serif\" data-original-text-size=\"text-xl\">Este mi\u00e9rcoles el periodista <b>Aimar Bretos<\/b> cont\u00f3 la noticia alucinado. En un v\u00eddeo de tres minutos resumi\u00f3 el \u00faltimo cap\u00edtulo de esta novela en un v\u00eddeo que se ha viralizado en las redes.\u00a0\u00a0<\/p>\n<p class=\"paragraph text-xl pb-7 w-full text-pretty [&amp;_a]:text-link-normal dark:[&amp;_a]:text-link-dark [&amp;_a]:decoration-1 [&amp;_a:hover]:underline [&amp;_a:hover]:text-link-hover [&amp;_a:hover]:decoration-2 [&amp;_b_a]:text-link-normal dark:[&amp;_b_a]:text-link-dark [&amp;_b_a]:decoration-1 [&amp;_b_a:hover]:underline [&amp;_b_a:hover]:text-link-hover desktop:leading-relaxed break-words font-serif\" data-original-text-size=\"text-xl\">\u00abEn su instrucci\u00f3n absolutamente desbocada el juez Juan Carlos Peinado ha ordenado que la Moncloa le entregue todos los correos electr\u00f3nicos de Bego\u00f1a G\u00f3mez desde 2018 [&#8230;] Y que esos correos los escrute la UCO de la Guardia Civil\u00bb, arranc\u00f3 Bretos. El <a href=\"https:\/\/cadenaser.com\/tag\/aimar_bretos_loidi\/a\/\" rel=\"nofollow noreferrer noopener\" target=\"_blank\">periodista de la Cadena Ser<\/a> tild\u00f3 la medida de \u00ababsolutamente excesiva y desproporcionada para los supuestos delitos que investiga Peinado\u00bb y record\u00f3 el papel que han tenido en este caso las organizaciones de extrema derecha.<\/p>\n<p class=\"paragraph text-xl pb-7 w-full text-pretty [&amp;_a]:text-link-normal dark:[&amp;_a]:text-link-dark [&amp;_a]:decoration-1 [&amp;_a:hover]:underline [&amp;_a:hover]:text-link-hover [&amp;_a:hover]:decoration-2 [&amp;_b_a]:text-link-normal dark:[&amp;_b_a]:text-link-dark [&amp;_b_a]:decoration-1 [&amp;_b_a:hover]:underline [&amp;_b_a:hover]:text-link-hover desktop:leading-relaxed break-words font-serif\" data-original-text-size=\"text-xl\">Bretos record\u00f3 que \u00abson ya casi dos a\u00f1os de investigaci\u00f3n sin que todav\u00eda haya aparecido medio indicio s\u00f3lido de corrupci\u00f3n\u00bb e ironiz\u00f3: \u00abPero esto no es investigaci\u00f3n prospectiva\u00bb.<\/p>\n<p class=\"paragraph text-xl pb-7 w-full text-pretty [&amp;_a]:text-link-normal dark:[&amp;_a]:text-link-dark [&amp;_a]:decoration-1 [&amp;_a:hover]:underline [&amp;_a:hover]:text-link-hover [&amp;_a:hover]:decoration-2 [&amp;_b_a]:text-link-normal dark:[&amp;_b_a]:text-link-dark [&amp;_b_a]:decoration-1 [&amp;_b_a:hover]:underline [&amp;_b_a:hover]:text-link-hover desktop:leading-relaxed break-words font-serif\" data-original-text-size=\"text-xl\">Para acabar coment\u00f3: \u00abTiene que estar a esta hora mucha gente salivando confiando en que en esos siete a\u00f1os de emails haya alg\u00fan correo del presidente o de quien sea, y vete t\u00fa a saber si con suerte y con una mano amiga termina publicado en alguna web de por ah\u00ed\u00bb.<\/p>\n","protected":false},"excerpt":{"rendered":"Sigue adelante el sainete en el que se ha convertido el caso de la mujer de Pedro S\u00e1nchez,&hellip;\n","protected":false},"author":2,"featured_media":93843,"comment_status":"","ping_status":"","sticky":false,"template":"","format":"standard","meta":{"footnotes":""},"categories":[5],"tags":[30186,17,18,33535,25,24,13,14,11,19,20,1264,9,10,15,16,33982,23,12,603,21,22],"class_list":{"0":"post-93842","1":"post","2":"type-post","3":"status-publish","4":"format-standard","5":"has-post-thumbnail","7":"category-titulares","8":"tag-aimar","9":"tag-breaking-news","10":"tag-breakingnews","11":"tag-bretos","12":"tag-es","13":"tag-espana","14":"tag-featured-news","15":"tag-featurednews","16":"tag-headlines","17":"tag-latest-news","18":"tag-latestnews","19":"tag-minutos","20":"tag-news","21":"tag-noticias","22":"tag-noticias-destacadas","23":"tag-noticiasdestacadas","24":"tag-resume","25":"tag-spain","26":"tag-titulares","27":"tag-tres","28":"tag-ultimas-noticias","29":"tag-ultimasnoticias"},"share_on_mastodon":{"url":"","error":""},"_links":{"self":[{"href":"https:\/\/www.europesays.com\/es\/wp-json\/wp\/v2\/posts\/93842","targetHints":{"allow":["GET"]}}],"collection":[{"href":"https:\/\/www.europesays.com\/es\/wp-json\/wp\/v2\/posts"}],"about":[{"href":"https:\/\/www.europesays.com\/es\/wp-json\/wp\/v2\/types\/post"}],"author":[{"embeddable":true,"href":"https:\/\/www.europesays.com\/es\/wp-json\/wp\/v2\/users\/2"}],"replies":[{"embeddable":true,"href":"https:\/\/www.europesays.com\/es\/wp-json\/wp\/v2\/comments?post=93842"}],"version-history":[{"count":0,"href":"https:\/\/www.europesays.com\/es\/wp-json\/wp\/v2\/posts\/93842\/revisions"}],"wp:featuredmedia":[{"embeddable":true,"href":"https:\/\/www.europesays.com\/es\/wp-json\/wp\/v2\/media\/93843"}],"wp:attachment":[{"href":"https:\/\/www.europesays.com\/es\/wp-json\/wp\/v2\/media?parent=93842"}],"wp:term":[{"taxonomy":"category","embeddable":true,"href":"https:\/\/www.europesays.com\/es\/wp-json\/wp\/v2\/categories?post=93842"},{"taxonomy":"post_tag","embeddable":true,"href":"https:\/\/www.europesays.com\/es\/wp-json\/wp\/v2\/tags?post=93842"}],"curies":[{"name":"wp","href":"https:\/\/api.w.org\/{rel}","templated":true}]}}