{"id":93859,"date":"2025-09-04T22:57:07","date_gmt":"2025-09-04T22:57:07","guid":{"rendered":"https:\/\/www.europesays.com\/es\/93859\/"},"modified":"2025-09-04T22:57:07","modified_gmt":"2025-09-04T22:57:07","slug":"un-road-trip-de-cinco-dias-por-los-paisajes-que-inspiraron-la-pintura-moderna","status":"publish","type":"post","link":"https:\/\/www.europesays.com\/es\/93859\/","title":{"rendered":"un &#8216;road trip&#8217; de cinco d\u00edas por los paisajes que inspiraron la pintura moderna"},"content":{"rendered":"<p class=\"article-text\">\n        Era la segunda mitad del XIX y dicen que, al conocerse, se despreciaron mutuamente. Van Gogh entend\u00eda el arte como herramienta para expresar sus sentimientos. C\u00e9zanne como un acto meramente cerebral: forma y materia. Pero, aunque ellos nunca lo sabr\u00edan, el destino les unir\u00eda bajo la etiqueta de \u201cpostimpresionistas\u201d, a pesar de que su \u00fanico punto en com\u00fan era el rechazo a las limitaciones que les preced\u00edan.\n    <\/p>\n<p class=\"article-text\">\n        Casualidad o causalidad, esas dos visiones tan opuestas fueron ba\u00f1adas por la misma luz que da color a los paisajes de la Provenza francesa. Ponemos rumbo al norte para viajar hasta el interior de sus cuadros y visitar los lugares retratados por los maestros de la pintura moderna.\n    <\/p>\n","protected":false},"excerpt":{"rendered":"Era la segunda mitad del XIX y dicen que, al conocerse, se despreciaron mutuamente. Van Gogh entend\u00eda el&hellip;\n","protected":false},"author":2,"featured_media":93860,"comment_status":"","ping_status":"","sticky":false,"template":"","format":"standard","meta":{"footnotes":""},"categories":[173],"tags":[229,233,231,230,5810,232,960,234,146,147,25,24,1751,13964,33990,33988,23,33989,6174],"class_list":{"0":"post-93859","1":"post","2":"type-post","3":"status-publish","4":"format-standard","5":"has-post-thumbnail","7":"category-arte-y-diseno","8":"tag-arte","9":"tag-arte-y-diseno","10":"tag-arts","11":"tag-arts-and-design","12":"tag-cinco","13":"tag-design","14":"tag-dias","15":"tag-diseno","16":"tag-entertainment","17":"tag-entretenimiento","18":"tag-es","19":"tag-espana","20":"tag-francesa","21":"tag-gogh","22":"tag-provenza","23":"tag-road","24":"tag-spain","25":"tag-trip","26":"tag-van"},"share_on_mastodon":{"url":"","error":""},"_links":{"self":[{"href":"https:\/\/www.europesays.com\/es\/wp-json\/wp\/v2\/posts\/93859","targetHints":{"allow":["GET"]}}],"collection":[{"href":"https:\/\/www.europesays.com\/es\/wp-json\/wp\/v2\/posts"}],"about":[{"href":"https:\/\/www.europesays.com\/es\/wp-json\/wp\/v2\/types\/post"}],"author":[{"embeddable":true,"href":"https:\/\/www.europesays.com\/es\/wp-json\/wp\/v2\/users\/2"}],"replies":[{"embeddable":true,"href":"https:\/\/www.europesays.com\/es\/wp-json\/wp\/v2\/comments?post=93859"}],"version-history":[{"count":0,"href":"https:\/\/www.europesays.com\/es\/wp-json\/wp\/v2\/posts\/93859\/revisions"}],"wp:featuredmedia":[{"embeddable":true,"href":"https:\/\/www.europesays.com\/es\/wp-json\/wp\/v2\/media\/93860"}],"wp:attachment":[{"href":"https:\/\/www.europesays.com\/es\/wp-json\/wp\/v2\/media?parent=93859"}],"wp:term":[{"taxonomy":"category","embeddable":true,"href":"https:\/\/www.europesays.com\/es\/wp-json\/wp\/v2\/categories?post=93859"},{"taxonomy":"post_tag","embeddable":true,"href":"https:\/\/www.europesays.com\/es\/wp-json\/wp\/v2\/tags?post=93859"}],"curies":[{"name":"wp","href":"https:\/\/api.w.org\/{rel}","templated":true}]}}