{"id":93865,"date":"2025-09-04T23:00:09","date_gmt":"2025-09-04T23:00:09","guid":{"rendered":"https:\/\/www.europesays.com\/es\/93865\/"},"modified":"2025-09-04T23:00:09","modified_gmt":"2025-09-04T23:00:09","slug":"radio-vitoria-una-emisora-luminosa","status":"publish","type":"post","link":"https:\/\/www.europesays.com\/es\/93865\/","title":{"rendered":"Radio Vitoria, una emisora luminosa"},"content":{"rendered":"<p class=\"v-mdl-ath__p v-mdl-ath__p--6\">\nJueves, 4 de septiembre 2025, 22:09<\/p>\n<p class=\"v-p\">Radio Vitoria cumple 90 a\u00f1os. Y lo celebra con el espect\u00e1culo &#8216;Batzen gaituen ahotsa-La voz que nos une&#8217;, que en la noche de este jueves reuni\u00f3 en la plaza de la Virgen Blanca a centenares de alaveses que aceptaron gustosamente la invitaci\u00f3n de la emisora. Luz y sonido para celebrar su 90 aniversario.<\/p>\n<p class=\"v-p\">Asistieron a un original repaso visual de los hechos m\u00e1s relevantes ocurridos en todos estos a\u00f1os en el territorio, a trav\u00e9s del sonido de la emisora, con una puesta en escena que incluy\u00f3 actuaciones de danza y m\u00fasica. Participaron el m\u00fasico I\u00f1aki Palacios y su banda, la compa\u00f1\u00eda De Mode Quartet, la agrupaci\u00f3n de baile Amezti y la compa\u00f1\u00eda de danza contempor\u00e1nea DAB. <\/p>\n<p>Comenta<\/p>\n<p>Reporta un error<\/p>\n","protected":false},"excerpt":{"rendered":"Jueves, 4 de septiembre 2025, 22:09 Radio Vitoria cumple 90 a\u00f1os. Y lo celebra con el espect\u00e1culo &#8216;Batzen&hellip;\n","protected":false},"author":2,"featured_media":93866,"comment_status":"","ping_status":"","sticky":false,"template":"","format":"standard","meta":{"footnotes":""},"categories":[170],"tags":[24414,146,147,25,24,33991,184,185,1448,23,2177],"class_list":{"0":"post-93865","1":"post","2":"type-post","3":"status-publish","4":"format-standard","5":"has-post-thumbnail","7":"category-musica","8":"tag-emisora","9":"tag-entertainment","10":"tag-entretenimiento","11":"tag-es","12":"tag-espana","13":"tag-luminosa","14":"tag-music","15":"tag-musica","16":"tag-radio","17":"tag-spain","18":"tag-vitoria"},"share_on_mastodon":{"url":"","error":""},"_links":{"self":[{"href":"https:\/\/www.europesays.com\/es\/wp-json\/wp\/v2\/posts\/93865","targetHints":{"allow":["GET"]}}],"collection":[{"href":"https:\/\/www.europesays.com\/es\/wp-json\/wp\/v2\/posts"}],"about":[{"href":"https:\/\/www.europesays.com\/es\/wp-json\/wp\/v2\/types\/post"}],"author":[{"embeddable":true,"href":"https:\/\/www.europesays.com\/es\/wp-json\/wp\/v2\/users\/2"}],"replies":[{"embeddable":true,"href":"https:\/\/www.europesays.com\/es\/wp-json\/wp\/v2\/comments?post=93865"}],"version-history":[{"count":0,"href":"https:\/\/www.europesays.com\/es\/wp-json\/wp\/v2\/posts\/93865\/revisions"}],"wp:featuredmedia":[{"embeddable":true,"href":"https:\/\/www.europesays.com\/es\/wp-json\/wp\/v2\/media\/93866"}],"wp:attachment":[{"href":"https:\/\/www.europesays.com\/es\/wp-json\/wp\/v2\/media?parent=93865"}],"wp:term":[{"taxonomy":"category","embeddable":true,"href":"https:\/\/www.europesays.com\/es\/wp-json\/wp\/v2\/categories?post=93865"},{"taxonomy":"post_tag","embeddable":true,"href":"https:\/\/www.europesays.com\/es\/wp-json\/wp\/v2\/tags?post=93865"}],"curies":[{"name":"wp","href":"https:\/\/api.w.org\/{rel}","templated":true}]}}