{"id":93911,"date":"2025-09-04T23:26:09","date_gmt":"2025-09-04T23:26:09","guid":{"rendered":"https:\/\/www.europesays.com\/es\/93911\/"},"modified":"2025-09-04T23:26:09","modified_gmt":"2025-09-04T23:26:09","slug":"la-oms-reconoce-que-los-hombres-han-sido-discriminados-en-la-salud-y-pide-corregirlo","status":"publish","type":"post","link":"https:\/\/www.europesays.com\/es\/93911\/","title":{"rendered":"La OMS reconoce que los hombres han sido discriminados en la salud y pide corregirlo"},"content":{"rendered":"<p>La <strong><a href=\"https:\/\/theobjective.com\/etiqueta\/oms\/\" rel=\"nofollow noopener\" target=\"_blank\">Organizaci\u00f3n Mundial de la Salud<\/a><\/strong> (OMS) ha reconocido por primera vez que la salud de los hombres se ha ignorado hist\u00f3ricamente y ha llamado a adoptar pol\u00edticas exclusivas contra problemas espec\u00edficamente masculinos como la elevada tasa de <a href=\"https:\/\/theobjective.com\/etiqueta\/suicidios\/\" rel=\"nofollow noopener\" target=\"_blank\">suicidio<\/a>, estrechamente relacionada con la <a href=\"https:\/\/theobjective.com\/etiqueta\/salud-mental\/\" rel=\"nofollow noopener\" target=\"_blank\">salud mental,<\/a> o el c\u00e1ncer de pr\u00f3stata. Lo ha hecho a trav\u00e9s de una reciente publicaci\u00f3n de la investigadora sudafricana <strong>Morna Cornell<\/strong>, Pol\u00edticas de salud masculinas: ya va siendo hora, que hace un llamamiento a los gobiernos de los distintos pa\u00edses del globo: \u00ab<strong>La salud masculina debe reconocerse como una cuesti\u00f3n fundamental, no como una consideraci\u00f3n secundaria<\/strong>\u00bb.<\/p>\n<p>El art\u00edculo, <a href=\"https:\/\/iris.who.int\/handle\/10665\/382216?utm_source=substack&amp;utm_medium=email\" target=\"_blank\" rel=\"noreferrer noopener nofollow\">recogido en el \u00faltimo bolet\u00edn de la OMS<\/a>, la publicaci\u00f3n mensual de referencia en materia sanitaria entre cient\u00edficos y pol\u00edticos, recuerda que los hombres de todo el mundo viven vidas m\u00e1s cortas y enfrentan una mortalidad mayor que las mujeres. Sin embargo, reciben una menor atenci\u00f3n en las pol\u00edticas de salud p\u00fablica. Cornell analiza la evidencia, las lecciones de otros pa\u00edses y las acciones que se necesitan ahora.<\/p>\n<p>\u00ab<strong>Hist\u00f3ricamente, la salud de los hombres ha sido ampliamente ignorada por las agencias internacionales de salud, los financiadores y los programas nacionales, una situaci\u00f3n que se ha descrito como un abandono sistem\u00e1tico<\/strong>\u00bb, reconoce la OMS, que abunda: \u00abLos hombres todav\u00eda no son identificados como un grupo vulnerable en la mayor\u00eda de las pol\u00edticas nacionales de salud. Hombres y mujeres son tratados como poblaciones en competencia, con los hombres considerados, de alguna manera, menos merecedores de atenci\u00f3n. Sin embargo, dada la evidencia sobre el acceso a la salud y los resultados, <strong>los hombres claramente est\u00e1n quedando m\u00e1s rezagados<\/strong>\u00bb.<\/p>\n<p>Un texto disruptor que enfatiza que, a nivel mundial, <strong>los hombres tienen una esperanza de vida m\u00e1s corta y una mayor mortalidad que las mujeres<\/strong>: \u00abEn 2023, la esperanza de vida mundial al nacer era de 71 a\u00f1os para los hombres y de 76 para las mujeres, una brecha que se mantiene desde 1950. Adem\u00e1s, la tasa de mortalidad en 2023 fue de 176 muertes por cada 1.000 hombres y de 113 muertes por cada 1.000 mujeres\u00bb. <strong>En este sentido, la autora subraya \u00abla alta carga de lesiones, accidentes de tr\u00e1fico, suicidio y salud mental que sufren los hombres\u00bb<\/strong>, incidiendo en que \u00abla inseguridad financiera y la migraci\u00f3n aumentan la vulnerabilidad y la exclusi\u00f3n social\u00bb de estos.<\/p>\n<p>El informe recuerda que la revisi\u00f3n de 37 documentos de pol\u00edticas sanitarias mundiales sobre salud sexual y reproductiva revel\u00f3 que solo cinco pa\u00edses inclu\u00edan metas para los hombres. Para m\u00e1s inri, \u00ab<strong>cuando se inclu\u00eda a los hombres en los documentos de pol\u00edticas sanitarias mundiales, con frecuencia se hac\u00eda de forma instrumental, para proteger la salud de las mujeres, en lugar de abordar las necesidades de salud de los hombres<\/strong>\u00bb. \u00abSe debe revisar el lenguaje de los objetivos globales para garantizar la coherencia entre cuatro objetivos cruciales e interrelacionados: pobreza, salud, igualdad de g\u00e9nero y reducci\u00f3n de la desigualdad, a fin de garantizar que los ODS se basen en la evidencia y se centren verdaderamente en la equidad\u00bb, prescribe Cornell.<\/p>\n<p>Avances insuficientes<\/p>\n<p>En los \u00faltimos 15 a\u00f1os hay \u00abun peque\u00f1o n\u00famero\u00bb de pa\u00edses -entre los que no se encuentra Espa\u00f1a- que \u00abhan centrado su atenci\u00f3n en la salud masculina y la han defendido\u00bb, en algunos casos \u00abhasta 20 a\u00f1os despu\u00e9s de formular pol\u00edticas para mujeres, personas mayores y personas con discapacidad\u00bb. El \u00faltimo bolet\u00edn de la OMS se\u00f1ala <strong>Irlanda<\/strong> como ejemplo positivo por haber liderado el camino con un informe exhaustivo sobre los hombres y salud que sirvi\u00f3 como inspiraci\u00f3n para pol\u00edticas de salud masculinas en <strong>Australia<\/strong>, <strong>Brasil<\/strong> y <strong>Canad\u00e1<\/strong>.<\/p>\n<p>\u00abEstas pol\u00edticas confirman que los hombres presentan una mayor mortalidad y una menor participaci\u00f3n en los servicios de salud que las mujeres, y abordan los factores de riesgo individuales y sistem\u00e1ticos que impulsan estas disparidades\u00bb, se\u00f1ala la doctora <strong>Morna Cornell<\/strong>, que pone como ejemplos de buena praxis las pol\u00edticas que \u00abproponen puntos de acceso para involucrar a los hombres en la atenci\u00f3n, incluyendo la paternidad en Brasil, la circuncisi\u00f3n m\u00e9dica masculina voluntaria en Sud\u00e1frica y un enfoque en Quebec que promueve los aspectos positivos de la masculinidad\u00bb.<\/p>\n<p>Tambi\u00e9n se alaba que en Reino Unido e Irlanda del Norte \u00abahora se considera el g\u00e9nero al contratar todos los nuevos servicios, lo que ha cambiado la forma en que se prestan intervenciones como la prevenci\u00f3n del c\u00e1ncer y el riesgo de suicidio\u00bb. En este sentido, la estrategia nacional contra el suicidio del Reino Unido se centra en los hombres, mientras que la Comisi\u00f3n Europea recomienda la introducci\u00f3n de programas de detecci\u00f3n del c\u00e1ncer de pr\u00f3stata en todos los pa\u00edses de la Uni\u00f3n Europea (UE). Pese a estos avances,  se lamenta que \u00abla mayor\u00eda de las pol\u00edticas no se centran lo suficiente en el seguimiento y carecen de objetivos y plazos espec\u00edficos y alcanzables\u00bb.<\/p>\n<p>Por todo lo expuesto, se insta a los gobiernos a dotar pol\u00edticas de salud masculina con marcos claros de seguimiento y evaluaci\u00f3n. \u00abA medida que los gobiernos trabajan hacia la cobertura sanitaria universal, la salud masculina debe reconocerse como una cuesti\u00f3n fundamental, no como una consideraci\u00f3n secundaria. <strong>Abordar las desigualdades de g\u00e9nero en materia de salud, incluidas las que afectan a los hombres, es esencial para garantizar que nadie se quede atr\u00e1s<\/strong>\u00bb, afirma la autora.<\/p>\n","protected":false},"excerpt":{"rendered":"La Organizaci\u00f3n Mundial de la Salud (OMS) ha reconocido por primera vez que la salud de los hombres&hellip;\n","protected":false},"author":2,"featured_media":93912,"comment_status":"","ping_status":"","sticky":false,"template":"","format":"standard","meta":{"footnotes":""},"categories":[92],"tags":[34006,25,24,165,12257,34007,34008,166,23,34009],"class_list":{"0":"post-93911","1":"post","2":"type-post","3":"status-publish","4":"format-standard","5":"has-post-thumbnail","7":"category-salud","8":"tag-discriminaciu00f3n","9":"tag-es","10":"tag-espana","11":"tag-health","12":"tag-hombres","13":"tag-oms-organizaciu00f3n-mundial-de-la-salud","14":"tag-perspectiva-de-gu00e9nero","15":"tag-salud","16":"tag-spain","17":"tag-suicidios"},"share_on_mastodon":{"url":"","error":""},"_links":{"self":[{"href":"https:\/\/www.europesays.com\/es\/wp-json\/wp\/v2\/posts\/93911","targetHints":{"allow":["GET"]}}],"collection":[{"href":"https:\/\/www.europesays.com\/es\/wp-json\/wp\/v2\/posts"}],"about":[{"href":"https:\/\/www.europesays.com\/es\/wp-json\/wp\/v2\/types\/post"}],"author":[{"embeddable":true,"href":"https:\/\/www.europesays.com\/es\/wp-json\/wp\/v2\/users\/2"}],"replies":[{"embeddable":true,"href":"https:\/\/www.europesays.com\/es\/wp-json\/wp\/v2\/comments?post=93911"}],"version-history":[{"count":0,"href":"https:\/\/www.europesays.com\/es\/wp-json\/wp\/v2\/posts\/93911\/revisions"}],"wp:featuredmedia":[{"embeddable":true,"href":"https:\/\/www.europesays.com\/es\/wp-json\/wp\/v2\/media\/93912"}],"wp:attachment":[{"href":"https:\/\/www.europesays.com\/es\/wp-json\/wp\/v2\/media?parent=93911"}],"wp:term":[{"taxonomy":"category","embeddable":true,"href":"https:\/\/www.europesays.com\/es\/wp-json\/wp\/v2\/categories?post=93911"},{"taxonomy":"post_tag","embeddable":true,"href":"https:\/\/www.europesays.com\/es\/wp-json\/wp\/v2\/tags?post=93911"}],"curies":[{"name":"wp","href":"https:\/\/api.w.org\/{rel}","templated":true}]}}