{"id":93925,"date":"2025-09-04T23:34:07","date_gmt":"2025-09-04T23:34:07","guid":{"rendered":"https:\/\/www.europesays.com\/es\/93925\/"},"modified":"2025-09-04T23:34:07","modified_gmt":"2025-09-04T23:34:07","slug":"la-alternativa-de-trigueros-eje-de-la-feria-de-abaran","status":"publish","type":"post","link":"https:\/\/www.europesays.com\/es\/93925\/","title":{"rendered":"La alternativa de Trigueros, eje de la Feria de Abar\u00e1n"},"content":{"rendered":"<p>La Feria de Abar\u00e1n se present\u00f3 este jueves con mucha expectaci\u00f3n en el mismo ruedo del coso de la Era. <\/p>\n<p>La empresa Tauro Luj\u00e1n, con  &#8230; su gerente Enrique Luj\u00e1n, acompa\u00f1ado por el primer teniente de alcalde y concejal de Turismo, Tradiciones, Urbanismo y Obras, Jaime Tornero, dio a conocer el cartel de la Feria taurina de Abar\u00e1n 2025, que contar\u00e1 con cuatro festejos, siendo el principal la tradicional corrida de toros del d\u00eda 27 de septiembre, festividad de San Cosme y San Dami\u00e1n, patrones del municipio. Este a\u00f1o la corrida vino con agradable sorpresa pues, adem\u00e1s de anunciar figuras del momento, como es habitual en esta plaza, inclu\u00eda en la terna a un joven torero de la Regi\u00f3n de Murcia, Jos\u00e9 Mar\u00eda Trigueros, que tomar\u00e1 la alternativa.<\/p>\n<p class=\"v-p\">Ese d\u00eda, Trigueros, que asisti\u00f3 ayer al acto de presentaci\u00f3n de la corrida, tomar\u00e1 la alternativa de manos de una gran figura del toreo como es el franc\u00e9s Sebasti\u00e1n Castella, matador veterano con una espectacular trayectoria en la que atesora seis puertas grandes de Las Ventas. Como testigo de la ceremonia estar\u00e1 un torero joven de enorme proyecci\u00f3n como Tom\u00e1s Rufo, quien ya conoce las mieles del triunfo, con salidas a hombros por la Puerta del Pr\u00edncipe de Sevilla y Madrid.<\/p>\n<p class=\"v-p\">Para la ocasi\u00f3n, se ha rese\u00f1ado un encierro de Buenavista, ganader\u00eda de garant\u00edas.<\/p>\n<p class=\"v-p\">La corrida dar\u00e1 comienzo a las cinco y media de la tarde.<\/p>\n<p class=\"v-p\">Adem\u00e1s de la tradicional corrida de toros, Abar\u00e1n abrir\u00e1 feria en la jornada previa, el 26 de septiembre, con un encierro que comenzar\u00e1 a las cuatro y media de la tarde. El d\u00eda 29 de septiembre, a las siete de la tarde, la plaza se abrir\u00e1 para un Gran Prix Taurino, y los festejos concluir\u00e1n el 4 de octubre con una novillada sin picadores con la celebraci\u00f3n del II Certamen Promesas del Toreo de Murcia, que comenzar\u00e1 a las cinco y media de la tarde.<\/p>\n<ol class=\"v-cmp-u-b__u\">\n<li class=\"v-cmp-u-b__l\">\n<p>\nPlaza de Ceheg\u00edn\n<\/p>\n<p>Antonio Puerta tendr\u00e1 un azulejo de sus diez a\u00f1os de alternativa <\/p>\n<\/li>\n<\/ol>\n<p class=\"v-p\">El Club Taurino de Ceheg\u00edn tiene previsto el pr\u00f3ximo d\u00eda 14 de septiembre, fecha en la que el torero de la tierra Antonio Puerta cumple su d\u00e9cimo aniversario de alternativa, conmemorar la efem\u00e9ride con la colocaci\u00f3n de un azulejo conmemorativo en el t\u00fanel de cuadrillas de la plaza de toros de Ceheg\u00edn. Se da la circunstancia que el diestro ceheginero celebrar\u00e1 ese aniversario toreando por la tarde en su plaza, en la corrida de las Maravillas, compartiendo cartel con las figuras del toreo Miguel \u00c1ngel Perera y Alejandro Talavante, en la lidia de toros de La Palmosilla, por lo que el estreno del azulejo ser\u00e1 por la ma\u00f1ana, a las once, con la presencia del propio Antonio Puerta, que estar\u00e1 acompa\u00f1ado por personalidades del mundo del toro, autoridades, familiares y amigos. <\/p>\n<p class=\"v-p\">Este azulejo est\u00e1 patrocinado por el Gobierno Regional de la Comunidad Aut\u00f3noma de Murcia y el acto cuenta con la colaboraci\u00f3n del Ayuntamiento de Ceheg\u00edn.<\/p>\n<ol class=\"v-cmp-u-b__u\">\n<li class=\"v-cmp-u-b__l\">\n<p>\nEscuela Taurina &#8216;El Toreo&#8217;\n<\/p>\n<p>Clase pr\u00e1ctica en Yecla el 13 de septiembre<\/p>\n<\/li>\n<\/ol>\n<p class=\"v-p\">La Escuela Taurina de Murcia &#8216;El Toreo&#8217;, junto a la Pe\u00f1a Taurina Yeclana y el Ayuntamiento de Yecla ha programado el 13 de septiembre una clase pr\u00e1ctica en la que participar\u00e1n sus alumnos David Pardo, Toni Mar\u00edn, Jes\u00fas Montiel e Iv\u00e1n Benito, el novillero de la Escuela de Almer\u00eda Pablo S\u00e1nchez, y el de la Escuela de \u00dabeda, Jes\u00fas Mil\u00e1n, quienes lidiar\u00e1n 6 novillos de Julio de la Puerta. El festejo tendr\u00e1 lugar con motivo de la Feria de septiembre y alrededor del mismo se celebrar\u00e1n varios actos complementarios que comenzar\u00e1n a las 11 de la ma\u00f1ana y consistir\u00e1n en un encierro infantil, exhibici\u00f3n de toreo de sal\u00f3n y un coloquio con los novilleros que actuar\u00e1n por la tarde. Al festejo se podr\u00e1 asistir por invitaci\u00f3n, que se pueden recoger, de manera gratuita en la Pe\u00f1a Taurina Yeclana, en la Concejal\u00eda de Festejos y en la propia Escuela &#8216;El Toreo&#8217;. La Pe\u00f1a Taurina Yeclana entregar\u00e1 al triunfador el Trofeo Trap\u00edo, patrocinado por Bodegas La Pur\u00edsima,<\/p>\n","protected":false},"excerpt":{"rendered":"La Feria de Abar\u00e1n se present\u00f3 este jueves con mucha expectaci\u00f3n en el mismo ruedo del coso de&hellip;\n","protected":false},"author":2,"featured_media":93926,"comment_status":"","ping_status":"","sticky":false,"template":"","format":"standard","meta":{"footnotes":""},"categories":[277],"tags":[34011,14388,373,168,34010,25,24,599,23,167,374,14584],"class_list":{"0":"post-93925","1":"post","2":"type-post","3":"status-publish","4":"format-standard","5":"has-post-thumbnail","7":"category-toreo","8":"tag-abaran","9":"tag-alternativa","10":"tag-bullfighting","11":"tag-deportes","12":"tag-eje","13":"tag-es","14":"tag-espana","15":"tag-feria","16":"tag-spain","17":"tag-sports","18":"tag-toreo","19":"tag-trigueros"},"share_on_mastodon":{"url":"","error":""},"_links":{"self":[{"href":"https:\/\/www.europesays.com\/es\/wp-json\/wp\/v2\/posts\/93925","targetHints":{"allow":["GET"]}}],"collection":[{"href":"https:\/\/www.europesays.com\/es\/wp-json\/wp\/v2\/posts"}],"about":[{"href":"https:\/\/www.europesays.com\/es\/wp-json\/wp\/v2\/types\/post"}],"author":[{"embeddable":true,"href":"https:\/\/www.europesays.com\/es\/wp-json\/wp\/v2\/users\/2"}],"replies":[{"embeddable":true,"href":"https:\/\/www.europesays.com\/es\/wp-json\/wp\/v2\/comments?post=93925"}],"version-history":[{"count":0,"href":"https:\/\/www.europesays.com\/es\/wp-json\/wp\/v2\/posts\/93925\/revisions"}],"wp:featuredmedia":[{"embeddable":true,"href":"https:\/\/www.europesays.com\/es\/wp-json\/wp\/v2\/media\/93926"}],"wp:attachment":[{"href":"https:\/\/www.europesays.com\/es\/wp-json\/wp\/v2\/media?parent=93925"}],"wp:term":[{"taxonomy":"category","embeddable":true,"href":"https:\/\/www.europesays.com\/es\/wp-json\/wp\/v2\/categories?post=93925"},{"taxonomy":"post_tag","embeddable":true,"href":"https:\/\/www.europesays.com\/es\/wp-json\/wp\/v2\/tags?post=93925"}],"curies":[{"name":"wp","href":"https:\/\/api.w.org\/{rel}","templated":true}]}}