{"id":93931,"date":"2025-09-04T23:39:11","date_gmt":"2025-09-04T23:39:11","guid":{"rendered":"https:\/\/www.europesays.com\/es\/93931\/"},"modified":"2025-09-04T23:39:11","modified_gmt":"2025-09-04T23:39:11","slug":"el-mensaje-de-fernando-alonso-que-pone-a-aston-martin-f1-en-alerta-para-el-gp-de-italia-tendre-precaucion","status":"publish","type":"post","link":"https:\/\/www.europesays.com\/es\/93931\/","title":{"rendered":"El mensaje de Fernando Alonso que pone a Aston Martin F1 en alerta para el GP de Italia: \u00abTendr\u00e9 precauci\u00f3n\u00bb"},"content":{"rendered":"<p data-journey-content=\"true\" data-node-id=\"2\" class=\"css-i9p093 emevuu60\">A principios de temporada, el equipo Aston Martin asegur\u00f3 que iba a traer piezas para mejorar el coche con el paso de las carreras, y as\u00ed ha sido. De hecho, el GP de la Emilia Roma\u00f1a fue escenario <a href=\"https:\/\/www.caranddriver.com\/es\/formula-1\/a64782239\/aston-martin-motivos-creer-fernando-alonso-mejoras-gp-emilia-romana\/\" target=\"_blank\" data-vars-ga-outbound-link=\"https:\/\/www.caranddriver.com\/es\/formula-1\/a64782239\/aston-martin-motivos-creer-fernando-alonso-mejoras-gp-emilia-romana\/\" data-vars-ga-ux-element=\"Hyperlink\" data-vars-ga-call-to-action=\"del primer paquete de mejoras para el AMR25,\" data-node-id=\"2.1\" class=\"body-link css-168zq96 emevuu60\" rel=\"nofollow noopener\">del primer paquete de mejoras para el AMR25,<\/a> lo que supuso un salto de Fernando Alonso y Lance Stroll en clasificaci\u00f3n, terminando en la 5\u00aa y 8\u00aa posicion, aunque el resultado en carrera fue diferente, con ambos pilotos fuera de los puntos.<\/p>\n<p>Un circuito complicado para Aston Martin F1<\/p>\n<p data-journey-content=\"true\" data-node-id=\"4\" class=\"css-i9p093 emevuu60\">Con el paso de las carreras, <strong data-node-id=\"4.1\">los de Silverstone siguieron trayendo m\u00e1s implementaciones, siendo las \u00faltima de ellas en B\u00e9lgica,<\/strong> aunque no fue hasta Hungr\u00eda cuando terminaron de adaptarlas al nuevo monoplaza. Sin embargo, el propio Andy Cowell ya detallaba que estas piezas har\u00edan del AMR25 un coche m\u00e1s competitivo en trazados como Zaandvort, Qatar o Singapur, dejando entrever que circuitos de alta carga aerodin\u00e1mica, sobre el papel, se adaptan mejor que los de mayor velocidad punta.<\/p>\n<p data-journey-content=\"true\" data-node-id=\"5\" class=\"css-i9p093 emevuu60\">Y tras el GP de los Pa\u00edses Bajos, donde Aston Martin comenz\u00f3 <a href=\"https:\/\/www.caranddriver.com\/es\/formula-1\/a65954301\/mike-krack-expone-problema-fernando-alonso-gp-paises-bajos-tuvimos-empeorarlo\/\" target=\"_blank\" data-vars-ga-outbound-link=\"https:\/\/www.caranddriver.com\/es\/formula-1\/a65954301\/mike-krack-expone-problema-fernando-alonso-gp-paises-bajos-tuvimos-empeorarlo\/\" data-vars-ga-ux-element=\"Hyperlink\" data-vars-ga-call-to-action=\"con buen pie en la jornada de viernes\" data-node-id=\"5.1\" class=\"body-link css-168zq96 emevuu60\" rel=\"nofollow noopener\">con buen pie en la jornada de viernes<\/a>,<strong data-node-id=\"5.3\"> Fernando Alonso llega a Monza con la esperanza de seguir manteniendo la buena racha de seis Grandes Premios en los puntos en las \u00faltimas siete carreras. <\/strong>A pesar de ello, ha dejado claro que las condiciones del trazado, especialmente por las largas rectas, no son el punto fuerte del AMR25.<\/p>\n<p><img draggable=\"true\" alt=\"fernando alonso aston martin f1\" title=\"Fernando Alonso Aston Martin F1\" loading=\"lazy\" width=\"5120\" height=\"3413\" decoding=\"async\" data-nimg=\"1\" style=\"color:transparent;width:100%;height:auto;\"   src=\"https:\/\/www.europesays.com\/es\/wp-content\/uploads\/2025\/09\/gettyimages-2233042199-68b9905250c50.jpg\" class=\"css-0 e1g79fud0\"\/><a target=\"_blank\" rel=\"noopener nofollow\" data-theme-key=\"base-link\" href=\"https:\/\/pinterest.com\/pin\/create\/button\/?url=https:\/\/www.caranddriver.com\/es\/formula-1\/a65980644\/mensaje-fernando-alonso-pone-aston-martin-f1-alerta-gp-italia-precaucion\/&amp;description=&amp;media=https:\/\/hips.hearstapps.com\/hmg-prod\/images\/gettyimages-2233042199-68b9905250c50.jpg?resize=1600:*\" class=\"pinterest css-on9hn5 e1c1bym14\"><img decoding=\"async\" data-dynamic-svg=\"true\" src=\"https:\/\/www.caranddriver.com\/_assets\/design-tokens\/fre\/static\/icons\/social\/pinterest.e8cf655.svg?primary=%2523ffffff\" loading=\"lazy\" data-testid=\"dynamic-svg-base\" height=\"auto\" width=\"auto\" alt=\"pinterest\" class=\"css-4lml0h e1mlxuuw1\"\/><\/a><\/p>\n<p>James Sutton<\/p>\n<p data-journey-content=\"true\" data-node-id=\"8\" class=\"css-i9p093 emevuu60\">\u201cEl coche creo que es mucho mejor que al comienzo de la temporada. Creo que mi primer punto en el campeonato lleg\u00f3 en la octava o novena carrera. <strong data-node-id=\"8.1\">Al principio no ten\u00edamos un coche para estar entre los diez mejores los domingos<\/strong> y ahora parece que podemos luchar en esa clase media y puntuar regularmente\u201d, dec\u00eda el piloto de Aston Martin.<\/p>\n<p data-journey-content=\"true\" data-node-id=\"9\" class=\"css-i9p093 emevuu60\">\u201cHay un par de circuitos que se parecen m\u00e1s a Budapest y a Zandvoort. Quiz\u00e1 Singapur podr\u00eda ser uno de ellos, quiz\u00e1s Brasil tambi\u00e9n. <strong data-node-id=\"9.1\">Pero es cierto que nos hemos encontrado sorpresas, a veces negativas y otras positivas. <\/strong> As\u00ed que no estamos depositando todas las esperanzas en una misma carrera\u201d, prosigui\u00f3.<\/p>\n<p data-journey-content=\"true\" data-node-id=\"10\" class=\"css-i9p093 emevuu60\">\u201c<strong data-node-id=\"10.1\">E<\/strong><strong data-node-id=\"10.2\">l equipo y yo llegamos con un poquito m\u00e1s de precauci\u00f3n de cara a Monza. <\/strong><strong data-node-id=\"10.3\">El \u00faltimo circuito de eficiencia fue Spa<\/strong> y podr\u00edamos decir que fuimos particularmente r\u00e1pidos. Veremos con la configuraci\u00f3n del coche y con la forma de enfocar el fin de semana si podemos mejorar lo que hicimos en Spa. Pero sobre el papel, no es la misma pista Monza que las \u00faltimas dos carreras\u201d, concluy\u00f3 <a href=\"https:\/\/www.caranddriver.com\/es\/formula-1\/pilotos\/a3517\/fernando-alonso\/\" target=\"_blank\" data-vars-ga-outbound-link=\"https:\/\/www.caranddriver.com\/es\/formula-1\/pilotos\/a3517\/fernando-alonso\/\" data-vars-ga-ux-element=\"Hyperlink\" data-vars-ga-call-to-action=\"Fernando Alonso.\" data-node-id=\"10.5\" class=\"body-link css-168zq96 emevuu60\" rel=\"nofollow noopener\">Fernando Alonso.<\/a><\/p>\n<p data-journey-content=\"true\" data-node-id=\"11\" class=\"css-i9p093 emevuu60\">Es as\u00ed como el piloto de Aston Martin afronta el GP de Italia, un circuito que sobre el papel, no potencia los puntos fuertes del AMR25.<\/p>\n<p>Contenidos relacionados<\/p>\n","protected":false},"excerpt":{"rendered":"A principios de temporada, el equipo Aston Martin asegur\u00f3 que iba a traer piezas para mejorar el coche&hellip;\n","protected":false},"author":2,"featured_media":93932,"comment_status":"","ping_status":"","sticky":false,"template":"","format":"standard","meta":{"footnotes":""},"categories":[270],"tags":[168,253,25,24,306,271,272,23,167],"class_list":{"0":"post-93931","1":"post","2":"type-post","3":"status-publish","4":"format-standard","5":"has-post-thumbnail","7":"category-formula-1","8":"tag-deportes","9":"tag-discover","10":"tag-es","11":"tag-espana","12":"tag-f1","13":"tag-formula-1","14":"tag-formula1","15":"tag-spain","16":"tag-sports"},"share_on_mastodon":{"url":"","error":""},"_links":{"self":[{"href":"https:\/\/www.europesays.com\/es\/wp-json\/wp\/v2\/posts\/93931","targetHints":{"allow":["GET"]}}],"collection":[{"href":"https:\/\/www.europesays.com\/es\/wp-json\/wp\/v2\/posts"}],"about":[{"href":"https:\/\/www.europesays.com\/es\/wp-json\/wp\/v2\/types\/post"}],"author":[{"embeddable":true,"href":"https:\/\/www.europesays.com\/es\/wp-json\/wp\/v2\/users\/2"}],"replies":[{"embeddable":true,"href":"https:\/\/www.europesays.com\/es\/wp-json\/wp\/v2\/comments?post=93931"}],"version-history":[{"count":0,"href":"https:\/\/www.europesays.com\/es\/wp-json\/wp\/v2\/posts\/93931\/revisions"}],"wp:featuredmedia":[{"embeddable":true,"href":"https:\/\/www.europesays.com\/es\/wp-json\/wp\/v2\/media\/93932"}],"wp:attachment":[{"href":"https:\/\/www.europesays.com\/es\/wp-json\/wp\/v2\/media?parent=93931"}],"wp:term":[{"taxonomy":"category","embeddable":true,"href":"https:\/\/www.europesays.com\/es\/wp-json\/wp\/v2\/categories?post=93931"},{"taxonomy":"post_tag","embeddable":true,"href":"https:\/\/www.europesays.com\/es\/wp-json\/wp\/v2\/tags?post=93931"}],"curies":[{"name":"wp","href":"https:\/\/api.w.org\/{rel}","templated":true}]}}