{"id":93977,"date":"2025-09-05T00:07:08","date_gmt":"2025-09-05T00:07:08","guid":{"rendered":"https:\/\/www.europesays.com\/es\/93977\/"},"modified":"2025-09-05T00:07:08","modified_gmt":"2025-09-05T00:07:08","slug":"el-libro-de-nick-clegg-sobre-como-salvar-internet-revela-historias-sorprendentes-del-interior-de-meta","status":"publish","type":"post","link":"https:\/\/www.europesays.com\/es\/93977\/","title":{"rendered":"El libro de Nick Clegg sobre c\u00f3mo salvar internet revela historias sorprendentes del interior de Meta"},"content":{"rendered":"<p class=\"mb-4 text-lg md:leading-8 break-words\">El periodo de Nick Clegg como presidente de asuntos globales de <a href=\"https:\/\/fastcompany.mx\/tag\/meta\/\" rel=\"nofollow noopener\" target=\"_blank\" data-ylk=\"slk:Meta;elm:context_link;itc:0;sec:content-canvas\" class=\"link \">Meta<\/a> termin\u00f3 a principios de este a\u00f1o. Ahora, en su libro <a href=\"https:\/\/www.penguin.co.uk\/books\/463182\/how-to-save-the-internet-by-clegg-nick\/9781847928597\" rel=\"nofollow noopener\" target=\"_blank\" data-ylk=\"slk:How to Save the Internet;elm:context_link;itc:0;sec:content-canvas\" class=\"link \">How to Save the Internet<\/a> (C\u00f3mo salvar a internet), describe lo que cree que debe cambiar en el sector tecnol\u00f3gico. La acogida no ha sido muy favorable, algunos <a href=\"https:\/\/www.telegraph.co.uk\/books\/non-fiction\/how-to-save-the-internet-by-nick-clegg-review\/\" rel=\"nofollow noopener\" target=\"_blank\" data-ylk=\"slk:lo califican de;elm:context_link;itc:0;sec:content-canvas\" class=\"link \">lo califican de<\/a> \u201cdesconcertante e insatisfactorio\u201d. Pero, enterradas en la prosa, por lo dem\u00e1s endeble, se esconden algunas an\u00e9cdotas e ideas sorprendentes.<\/p>\n<p>Clegg una vez entren\u00f3 con su segundo al mando en MMA<\/p>\n<p class=\"mb-4 text-lg md:leading-8 break-words\">La reinvenci\u00f3n de Mark Zuckerberg como entusiasta de las MMA est\u00e1 bien documentada. Menos conocido es c\u00f3mo anim\u00f3 a sus altos ejecutivos a unirse a \u00e9l. \u201cEl compromiso de Mark con las MMA es tan fuerte que insisti\u00f3 una ma\u00f1ana, durante una reuni\u00f3n de gesti\u00f3n fuera de la oficina, en que algunos de sus ejecutivos m\u00e1s importantes lo acompa\u00f1aran a una sesi\u00f3n de entrenamiento\u201d, escribe Clegg. As\u00ed fue como termin\u00f3 en la lona Joel Kaplan (quien m\u00e1s tarde lo reemplazar\u00eda), en \u201cuna maniobra aparentemente conocida como el \u2018Monte de la Dominaci\u00f3n&#8217;\u201d, que Clegg admite que fue \u201cdemasiado cercana para su comodidad\u201d.<\/p>\n<p>La pol\u00edtica representa solo 6% del feed de Facebook<\/p>\n<p class=\"mb-4 text-lg md:leading-8 break-words\">Clegg hace un intento en\u00e9rgico, aunque no siempre convincente, de abordar la afirmaci\u00f3n de que Meta ha perjudicado las interacciones p\u00fablicas y <a href=\"https:\/\/www.wsj.com\/tech\/science-editors-raise-new-doubts-on-metas-claims-it-isnt-polarizing-aaf955e4?gaa_at=eafs&amp;gaa_n=ASWzDAhfRXE1TtBcPWsifQihm8Bkkcr6KPhORiIyQayket7z-i7Z-AUDFptUshMzLBI%3D&amp;gaa_ts=68b8a81e&amp;gaa_sig=eXmVO-zNNYD0sg_gnXwhgLx79fi4ygOWAKtWKjWn4zM51kHYtznRndlR5VW8MPIZFMqFDuEjuZ2KjbRHkjbpOA%3D%3D\" rel=\"nofollow noopener\" target=\"_blank\" data-ylk=\"slk:polarizado la pol\u00edtica;elm:context_link;itc:0;sec:content-canvas\" class=\"link \">polarizado la pol\u00edtica<\/a>. \u201cLa mayor\u00eda de la gente no usa las redes sociales para involucrarse en pol\u00edtica\u201d, escribe. El contenido pol\u00edtico, afirma, representa menos del 6% de lo que la gente ve en Facebook. Si quieres atribuir la culpa al discurso pol\u00edtico, sugiere, mirar <a href=\"https:\/\/go.skimresources.com\/?id=122276X1583643&amp;isjs=1&amp;jv=15.7.1&amp;sref=https%3A%2F%2Fwww.fastcompany.com%2F91397852%2Fnick-clegg-book-meta-revelations&amp;url=https%3A%2F%2Fwww.nature.com%2Farticles%2Fs41562-023-01550-8&amp;xs=1&amp;xtz=360&amp;xuuid=4594d5eb942c0190146f83790812e441&amp;abp=1&amp;xjsf=other_click__contextmenu%20%5B2%5D\" data-i13n=\"elm:affiliate_link;elmt:premonetized\" rel=\"sponsored nofollow noopener\" target=\"_blank\" data-ylk=\"slk:mejor a X;elm:affiliate_link;elmt:premonetized;itc:0;sec:content-canvas\" class=\"link  rapid-with-clickid etailiffa-link\">mejor a X<\/a> (anteriormente Twitter).<\/p>\n<p>Las redes sociales cambiaron la democracia<\/p>\n<p class=\"mb-4 text-lg md:leading-8 break-words\">Seg\u00fan Clegg, las redes sociales han transformado la democracia, pero no la han destruido. \u201cSin duda, s\u00ed [cambiaron la democracia]\u201d, escribe, describi\u00e9ndolo como un \u201ccambio disruptivo y ca\u00f3tico\u201d. Argumenta que tomar\u00e1 tiempo comprender todas las implicaciones, pero insiste en que existen beneficios junto con los problemas bien documentados.<\/p>\n<p>Clegg suspendi\u00f3 la cuenta de Donald Trump en 2021<\/p>\n<p class=\"mb-4 text-lg md:leading-8 break-words\">Una secci\u00f3n poco explicada cubre la respuesta de Meta al papel de <a href=\"https:\/\/fastcompany.mx\/tag\/donald-trump\/\" rel=\"nofollow noopener\" target=\"_blank\" data-ylk=\"slk:Donald Trump;elm:context_link;itc:0;sec:content-canvas\" class=\"link \">Donald Trump<\/a> en los disturbios del Capitolio del 6 de enero. Trump fue vetado de las aplicaciones de Facebook, una decisi\u00f3n que posteriormente se revirti\u00f3 tras el fin de su suspensi\u00f3n. \u201cEl apoyo de Trump a quienes protestaban en el Capitolio y su negativa a condenar la violencia de los insurrectos equivali\u00f3 a incitar a m\u00e1s violencia\u201d, escribe Clegg, y a\u00f1ade que \u201cMark Zuckerberg dej\u00f3 claro que la decisi\u00f3n ser\u00eda m\u00eda\u201d. Clegg finalmente opt\u00f3 por suspender el acceso de Trump a Facebook e Instagram.<\/p>\n<p>C\u00f3mo la IA cambiar\u00e1 nuestro mundo<\/p>\n<p class=\"mb-4 text-lg md:leading-8 break-words\">Clegg cree que la IA generativa puede ayudar a abordar el <a href=\"https:\/\/www.bloomberg.com\/news\/articles\/2025-03-20\/measuring-ai-s-effects-on-productivity-is-tough-here-s-why\" rel=\"nofollow noopener\" target=\"_blank\" data-ylk=\"slk:estancamiento de la productividad;elm:context_link;itc:0;sec:content-canvas\" class=\"link \">estancamiento de la productividad<\/a> en Occidente. \u201cLa promesa impl\u00edcita del capitalismo es que la pr\u00f3xima generaci\u00f3n estar\u00e1 en mejores condiciones que la anterior, con el trabajo duro recompensado por la seguridad econ\u00f3mica y servicios p\u00fablicos decentes que proporcionen una red de seguridad cuando la tragedia o la desgracia golpeen\u201d, escribi\u00f3. Esa promesa, argumenta, se ha roto: las generaciones m\u00e1s j\u00f3venes est\u00e1n sobrecargadas de trabajo, mal pagadas y llenas de estr\u00e9s.<\/p>\n<p class=\"mb-4 text-lg md:leading-8 break-words\">Clegg cree que la IA puede ayudar. \u201cNo sugiero que la IA sea una panacea que revertir\u00e1 repentinamente d\u00e9cadas de declive gradual\u201d, escribi\u00f3. \u201cPero el mundo desarrollado necesita urgentemente un impulso de productividad\u201d.<\/p>\n<p>Clegg no era partidario de la Cumbre de Seguridad de la IA, ni de sus catastrofistas<\/p>\n<p class=\"mb-4 text-lg md:leading-8 break-words\">Clegg relata su experiencia en la Cumbre de Seguridad de la IA en Bletchley Park en noviembre de 2023, a la que asistieron Kamala Harris, Rishi Sunak y Ursula von der Leyen. Clegg afirma haber contado una historia sobre una mujer hipot\u00e9tica, llamada \u201cSra. Miggins\u201d, que viv\u00eda muy cerca de la cumbre. Escribe: \u201cLes garantizo que ahora le tiene m\u00e1s miedo a la IA que antes de que comenzara esta cumbre hace dos d\u00edas\u201d.<\/p>\n<p class=\"mb-4 text-lg md:leading-8 break-words\">No sorprende, entonces, que tambi\u00e9n descarte los escenarios catastr\u00f3ficos de dominaci\u00f3n por la IA. \u201cEstamos apenas en las faldas, debatiendo los peligros que podr\u00edamos encontrar en la cima\u201d, escribe.<\/p>\n","protected":false},"excerpt":{"rendered":"El periodo de Nick Clegg como presidente de asuntos globales de Meta termin\u00f3 a principios de este a\u00f1o.&hellip;\n","protected":false},"author":2,"featured_media":93978,"comment_status":"","ping_status":"","sticky":false,"template":"","format":"standard","meta":{"footnotes":""},"categories":[172],"tags":[224,352,146,147,25,24,225,143,34013,34014,34015,23],"class_list":{"0":"post-93977","1":"post","2":"type-post","3":"status-publish","4":"format-standard","5":"has-post-thumbnail","7":"category-libros","8":"tag-books","9":"tag-donald-trump","10":"tag-entertainment","11":"tag-entretenimiento","12":"tag-es","13":"tag-espana","14":"tag-libros","15":"tag-mark-zuckerberg","16":"tag-nick-clegg","17":"tag-red-de-seguridad","18":"tag-save-the-internet","19":"tag-spain"},"share_on_mastodon":{"url":"","error":""},"_links":{"self":[{"href":"https:\/\/www.europesays.com\/es\/wp-json\/wp\/v2\/posts\/93977","targetHints":{"allow":["GET"]}}],"collection":[{"href":"https:\/\/www.europesays.com\/es\/wp-json\/wp\/v2\/posts"}],"about":[{"href":"https:\/\/www.europesays.com\/es\/wp-json\/wp\/v2\/types\/post"}],"author":[{"embeddable":true,"href":"https:\/\/www.europesays.com\/es\/wp-json\/wp\/v2\/users\/2"}],"replies":[{"embeddable":true,"href":"https:\/\/www.europesays.com\/es\/wp-json\/wp\/v2\/comments?post=93977"}],"version-history":[{"count":0,"href":"https:\/\/www.europesays.com\/es\/wp-json\/wp\/v2\/posts\/93977\/revisions"}],"wp:featuredmedia":[{"embeddable":true,"href":"https:\/\/www.europesays.com\/es\/wp-json\/wp\/v2\/media\/93978"}],"wp:attachment":[{"href":"https:\/\/www.europesays.com\/es\/wp-json\/wp\/v2\/media?parent=93977"}],"wp:term":[{"taxonomy":"category","embeddable":true,"href":"https:\/\/www.europesays.com\/es\/wp-json\/wp\/v2\/categories?post=93977"},{"taxonomy":"post_tag","embeddable":true,"href":"https:\/\/www.europesays.com\/es\/wp-json\/wp\/v2\/tags?post=93977"}],"curies":[{"name":"wp","href":"https:\/\/api.w.org\/{rel}","templated":true}]}}