{"id":94005,"date":"2025-09-05T00:25:07","date_gmt":"2025-09-05T00:25:07","guid":{"rendered":"https:\/\/www.europesays.com\/es\/94005\/"},"modified":"2025-09-05T00:25:07","modified_gmt":"2025-09-05T00:25:07","slug":"max-verstappen-sorprendio-al-hablar-sobre-un-posible-pase-a-ferrari-en-la-formula-1-la-condicion-que-exigio","status":"publish","type":"post","link":"https:\/\/www.europesays.com\/es\/94005\/","title":{"rendered":"Max Verstappen sorprendi\u00f3 al hablar sobre un posible pase a Ferrari en la F\u00f3rmula 1: la condici\u00f3n que exigi\u00f3"},"content":{"rendered":"<p><img alt=\"Max Verstappen hoy no tiene\" class=\"global-image\" decoding=\"async\" fetchpriority=\"high\" height=\"3200\" loading=\"eager\" src=\"https:\/\/www.europesays.com\/es\/wp-content\/uploads\/2025\/09\/R5C4YOVUS5HO3MSRC4Y42XXYRM.JPG\" width=\"4846\"\/>Max Verstappen hoy no tiene el mejor auto, pero sigue siendo el mejor piloto del mundo en la actualidad (REUTERS\/Piroschka Van De Wouw)<\/p>\n<p class=\"paragraph\">El futuro de <b>Max Verstappen<\/b> en la <b>F\u00f3rmula 1<\/b> sigue siendo objeto de especulaci\u00f3n, especialmente tras sus recientes declaraciones sobre la posibilidad de unirse a <b>Ferrari<\/b>. El piloto neerland\u00e9s, actualmente vinculado a <b>Red Bull<\/b> hasta 2028, dej\u00f3 claro que no descarta la opci\u00f3n de correr para la escuder\u00eda italiana, aunque subraya que su decisi\u00f3n no estar\u00eda motivada \u00fanicamente por el prestigio de la marca, sino por la oportunidad real de luchar por victorias.<\/p>\n<p class=\"paragraph\">El atractivo de <b>Ferrari<\/b> en la F1 es innegable, pero tambi\u00e9n lo es la presi\u00f3n que implica formar parte de un equipo con una historia tan cargada de expectativas. El propio <b>Enzo Ferrari<\/b> instaur\u00f3 una cultura en la que los pilotos, salvo contadas excepciones, eran considerados empleados al servicio de la m\u00e1quina. <\/p>\n<p class=\"paragraph\">En la actualidad, <b>Lewis Hamilton<\/b> afronta su primera temporada en <b>Maranello<\/b> bajo una presi\u00f3n considerable. M\u00e1s all\u00e1 de su triunfo en la carrera sprint de China, el brit\u00e1nico no ha logrado superar a su compa\u00f1ero <b>Charles Leclerc<\/b> en ritmo, y el monoplaza no ha estado a la altura de las expectativas, sin ser un contendiente real a la victoria en la mayor\u00eda de las pruebas. El jefe de equipo, <b>Fred Vasseur<\/b>, reconoci\u00f3 recientemente que subestim\u00f3 el reto que supon\u00eda integrar a Hamilton en la estructura de Ferrari.<\/p>\n<p class=\"paragraph\">Durante la previa del Gran Premio de Italia en <b>Monza<\/b>, Verstappen fue consultado sobre la situaci\u00f3n de Ferrari y la adaptaci\u00f3n de Hamilton. El neerland\u00e9s respondi\u00f3: <b>\u201cTienen a dos pilotos contratados para el pr\u00f3ximo a\u00f1o, as\u00ed que no hay discusi\u00f3n al respecto. Ahora, \u00bfhay una posibilidad? S\u00ed, hay muchas posibilidades en la vida para cualquier tipo de decisi\u00f3n\u201d<\/b>. Insisti\u00f3 en que, aunque actualmente no contempla ese movimiento, el futuro es incierto: <b>\u201cPor supuesto, en este momento eso no est\u00e1 en el horizonte, pero \u00bfqui\u00e9n sabe? Ni siquiera s\u00e9 cu\u00e1nto tiempo m\u00e1s voy a correr en la F1, as\u00ed que todav\u00eda hay muchas inc\u00f3gnitas para m\u00ed\u201d<\/b>.<\/p>\n<p><img alt=\"Verstappen con la Ferrari 296\" class=\"global-image\" decoding=\"async\" fetchpriority=\"low\" height=\"2048\" loading=\"lazy\" src=\"https:\/\/www.europesays.com\/es\/wp-content\/uploads\/2025\/09\/5HQBPVHF2ZEWTOVVWPNTVAVKZY.jpeg\" width=\"2048\"\/>Verstappen con la Ferrari 296 GT en el Nordschleife de N\u00fcrburgring <\/p>\n<p class=\"paragraph\"><b>Verstappen<\/b> tambi\u00e9n se refiri\u00f3 a la dificultad de adaptarse a un nuevo equipo, especialmente cuando el compa\u00f1ero de escuder\u00eda, como Leclerc, est\u00e1 plenamente integrado y conoce a fondo la organizaci\u00f3n. <b>\u201cLa cuesti\u00f3n es que \u00e9l se uni\u00f3 a un equipo que ya tiene un piloto muy fuerte como Charles (Leclerc), as\u00ed que nunca va a ser f\u00e1cil llegar e inmediatamente empezar a vencer a tu compa\u00f1ero de equipo, que est\u00e1 bien integrado, conoce muy bien al equipo y habla el idioma\u201d<\/b>, explic\u00f3. A\u00f1adi\u00f3 que los monoplazas actuales pueden resultar complejos y que no siempre es sencillo identificar las razones detr\u00e1s del rendimiento: <b>\u201cEstos coches pueden ser bastante complicados a veces para entender completamente por qu\u00e9 eres r\u00e1pido o no, b\u00e1sicamente\u201d<\/b>.<\/p>\n<p class=\"paragraph\">A pesar de la fascinaci\u00f3n que genera Ferrari,<b> Verstappen <\/b>ha dejado claro que no se dejar\u00eda llevar \u00fanicamente por el mito. <b>\u201cCreo que Ferrari es una marca enorme. Todos los pilotos se imaginan a s\u00ed mismos all\u00ed, \u2018Me gustar\u00eda pilotar para Ferrari\u2019. Pero creo que ah\u00ed es donde se comete el error: ir simplemente para manejar para Ferrari\u201d<\/b>, afirm\u00f3. Subray\u00f3 que solo considerar\u00eda ese paso si percibiera una oportunidad real de \u00e9xito: <b>\u201cSi alguna vez quisiera ir all\u00ed, no ser\u00eda solo para correr para Ferrari, ir\u00eda porque veo la oportunidad de ganar\u201d<\/b>. <\/p>\n<p class=\"paragraph\"><b>Verstappen<\/b> ya se subi\u00f3 a una<b> Ferrari <\/b>y fue una <b>296 de Gran Turismo<\/b>, cuyo motor eroga <b>600 caballos de potencia y llega a unos 280 km\/h<\/b>. Fue en una prueba en el <b>Nordschleife<\/b> de 22 kil\u00f3metros de <b>N\u00fcrburgring<\/b>, el circuito m\u00e1s largo y peligroso del mundo. El neerland\u00e9s us\u00f3 el seud\u00f3nimo <b>Franz Hermann<\/b>. Al cu\u00e1druple campe\u00f3n mundial le gustan las competencias de Endurance. <\/p>\n<p class=\"paragraph\">Para <b>Max Verstappen<\/b>, la clave est\u00e1 en no dejarse guiar \u00fanicamente por la emoci\u00f3n o la pasi\u00f3n, sino en elegir el momento adecuado y las condiciones propicias para competir al m\u00e1ximo nivel.<\/p>\n","protected":false},"excerpt":{"rendered":"Max Verstappen hoy no tiene el mejor auto, pero sigue siendo el mejor piloto del mundo en la&hellip;\n","protected":false},"author":2,"featured_media":94006,"comment_status":"","ping_status":"","sticky":false,"template":"","format":"standard","meta":{"footnotes":""},"categories":[270],"tags":[168,25,24,406,306,271,272,3019,23,3020,167,25649],"class_list":{"0":"post-94005","1":"post","2":"type-post","3":"status-publish","4":"format-standard","5":"has-post-thumbnail","7":"category-formula-1","8":"tag-deportes","9":"tag-es","10":"tag-espana","11":"tag-europe","12":"tag-f1","13":"tag-formula-1","14":"tag-formula1","15":"tag-motor-racing","16":"tag-spain","17":"tag-sport","18":"tag-sports","19":"tag-zandvoort"},"share_on_mastodon":{"url":"","error":""},"_links":{"self":[{"href":"https:\/\/www.europesays.com\/es\/wp-json\/wp\/v2\/posts\/94005","targetHints":{"allow":["GET"]}}],"collection":[{"href":"https:\/\/www.europesays.com\/es\/wp-json\/wp\/v2\/posts"}],"about":[{"href":"https:\/\/www.europesays.com\/es\/wp-json\/wp\/v2\/types\/post"}],"author":[{"embeddable":true,"href":"https:\/\/www.europesays.com\/es\/wp-json\/wp\/v2\/users\/2"}],"replies":[{"embeddable":true,"href":"https:\/\/www.europesays.com\/es\/wp-json\/wp\/v2\/comments?post=94005"}],"version-history":[{"count":0,"href":"https:\/\/www.europesays.com\/es\/wp-json\/wp\/v2\/posts\/94005\/revisions"}],"wp:featuredmedia":[{"embeddable":true,"href":"https:\/\/www.europesays.com\/es\/wp-json\/wp\/v2\/media\/94006"}],"wp:attachment":[{"href":"https:\/\/www.europesays.com\/es\/wp-json\/wp\/v2\/media?parent=94005"}],"wp:term":[{"taxonomy":"category","embeddable":true,"href":"https:\/\/www.europesays.com\/es\/wp-json\/wp\/v2\/categories?post=94005"},{"taxonomy":"post_tag","embeddable":true,"href":"https:\/\/www.europesays.com\/es\/wp-json\/wp\/v2\/tags?post=94005"}],"curies":[{"name":"wp","href":"https:\/\/api.w.org\/{rel}","templated":true}]}}