{"id":94057,"date":"2025-09-05T00:59:07","date_gmt":"2025-09-05T00:59:07","guid":{"rendered":"https:\/\/www.europesays.com\/es\/94057\/"},"modified":"2025-09-05T00:59:07","modified_gmt":"2025-09-05T00:59:07","slug":"arnold-schwarzenegger-invitado-de-honor-de-la-comic-con-de-malaga-2025-junto-a-lo-nuevo-de-star-wars-y-los-zombies-de-the-walking-dead","status":"publish","type":"post","link":"https:\/\/www.europesays.com\/es\/94057\/","title":{"rendered":"Arnold Schwarzenegger, invitado de honor de la Comic-Con de M\u00e1laga 2025 junto a lo nuevo de Star Wars y los zombies de &#8216;The Walking Dead&#8217;"},"content":{"rendered":"<p data-journey-content=\"true\" data-node-id=\"3\" class=\"css-i9p093 emevuu60\">Echa un vistazo al cartel de la <strong data-node-id=\"3.1\">San Diego Comic-Con M\u00e1laga 2025<\/strong> y pell\u00edzcate, porque es real: <strong data-node-id=\"3.3\">Arnold Schwarzenegger<\/strong> ser\u00e1 el gran invitado de esta primera edici\u00f3n en Espa\u00f1a. El protagonista de &#8216;Terminator&#8217;, &#8216;Predator&#8217; y &#8216;Desaf\u00edo total&#8217;, t\u00edtulos que no necesitan ni adjetivos ni contexto, estar\u00e1 en persona en el evento malague\u00f1o, revalidando su estatus de figura indiscutible de la cultura popular.<br data-node-id=\"3.5\"\/><\/p>\n<p data-journey-content=\"true\" data-node-id=\"6\" class=\"css-i9p093 emevuu60\">La llegada del exgobernator de California ser\u00e1 uno de los m\u00faltiples eventos que ocupar\u00e1n los <strong data-node-id=\"6.1\">80.000 metros cuadrados del Palacio de Ferias y Congresos de M\u00e1laga<\/strong> y su nuevo espacio exterior, con un despliegue de escenarios, auditorios y zonas tem\u00e1ticas pensadas para que sus m\u00e1s de 100.000 asistentes no olviden la experiencia. Entre ellas, Ludic Plaza, con capacidad para 1.200 personas, ofrecer\u00e1 34 horas de programaci\u00f3n dedicadas al universo de los juegos de mesa. Y marcas como <strong data-node-id=\"6.3\">Disney, Bandai, Funko o Nintendo<\/strong> presentar\u00e1n novedades exclusivas en un Exhibitor Hall convertido en parque tem\u00e1tico ef\u00edmero. La promesa es clara: aqu\u00ed dentro, el entretenimiento no tiene pausa.<\/p>\n<p><img draggable=\"true\" alt=\"comic con malaga\" title=\"comic con malaga\" loading=\"lazy\" width=\"2000\" height=\"1125\" decoding=\"async\" data-nimg=\"1\" style=\"color:transparent;width:100%;height:auto;\"   src=\"https:\/\/www.europesays.com\/es\/wp-content\/uploads\/2025\/09\/comic-con-malaga-67d16b2e87784.jpg\" class=\"css-0 e1g79fud0\"\/><\/p>\n<p>Comic-Con M\u00e1laga<\/p>\n<p data-journey-content=\"true\" data-node-id=\"9\" class=\"css-i9p093 emevuu60\">La programaci\u00f3n, como era de esperar, no se queda atr\u00e1s. M\u00e1s de 300 horas de contenido original abarcando desde c\u00f3mic y cine hasta animaci\u00f3n, gaming y literatura. El abanico es amplio, pero tambi\u00e9n selecto: entre los nombres confirmados est\u00e1n <strong data-node-id=\"9.1\">Jim Lee, Jeph Loeb y C.B. Cebulski<\/strong>, editor jefe de Marvel Comics, responsables de moldear el presente y el futuro de la industria. Y si lo que buscas son grandes anuncios, Disney ha elegido M\u00e1laga para mostrar por primera vez avances exclusivos de <strong data-node-id=\"9.3\">&#8216;Tron: Ares&#8217; y &#8216;Predator: Badlands&#8217;<\/strong>, mientras que Lucasfilm traer\u00e1 consigo la tercera temporada de &#8216;<strong data-node-id=\"9.5\">Star Wars: Visions<\/strong>&#8216;, la antolog\u00eda animada que lleva el universo gal\u00e1ctico a lugares inesperados. En el \u00e1mbito de las series, los zombies invadir\u00e1n M\u00e1laga con la presentaci\u00f3n de la tercera temporada de &#8216;<strong data-node-id=\"9.7\">The Walking Dead: Daryl Dixon<\/strong>&#8216;, rodada en Espa\u00f1a.<br data-node-id=\"9.9\"\/><\/p>\n<p data-journey-content=\"true\" data-node-id=\"12\" class=\"css-i9p093 emevuu60\">Pero m\u00e1s all\u00e1 del programa oficial, la Comic-Con malague\u00f1a tambi\u00e9n apuesta por quienes viven esta pasi\u00f3n desde dentro. El<strong data-node-id=\"12.1\"> cosplay<\/strong> no es un complemento aqu\u00ed, sino una forma de vida con entrada especial, zona de reparaci\u00f3n de trajes y concursos patrocinados por marcas especializadas. Tambi\u00e9n habr\u00e1 talleres de ilustraci\u00f3n, actividades para ni\u00f1os, <strong data-node-id=\"12.3\">concursos de baile de K-pop<\/strong> y, por primera vez, un espacio para que los nuevos talentos del c\u00f3mic puedan presentar su portfolio a editores internacionales.<\/p>\n<p><img draggable=\"true\" alt=\"comiccon malaga cosplay\" title=\"comic-con malaga\" loading=\"lazy\" width=\"6048\" height=\"4024\" decoding=\"async\" data-nimg=\"1\" style=\"color:transparent;width:100%;height:auto;\"   src=\"https:\/\/www.europesays.com\/es\/wp-content\/uploads\/2025\/09\/comic-con-ma-laga-photocall-rp-4-de-10-67d167b3215c0.jpg\" class=\"css-0 e1g79fud0\"\/><\/p>\n<p>Comic-Con M\u00e1laga<\/p>\n<p data-journey-content=\"true\" data-node-id=\"15\" class=\"css-i9p093 emevuu60\">Apunta las fechas: <strong data-node-id=\"15.1\">Del 25 al 28 de septiembre de 2025<\/strong>. La primera Comic-Con de M\u00e1laga est\u00e1 a la vuelta de la esquina. <\/p>\n<p><img src=\"https:\/\/www.europesays.com\/es\/wp-content\/uploads\/2025\/09\/16ef0056-3dd2-41b2-90bf-d587efe4719f_1698915925.jpg\" alt=\"Headshot of Fran Chico\" title=\"Headshot of Fran Chico\" width=\"100%\" height=\"100%\" decoding=\"async\" loading=\"lazy\" class=\"css-o0wq4v ev8dhu53\"\/><\/p>\n<p><a href=\"https:\/\/www.linkedin.com\/in\/fran-chico\/\" rel=\"nofollow noopener\" target=\"_blank\">Fran Chico<\/a> es experto en cine y series, especializado en divulgaci\u00f3n cultural y cr\u00edtica cinematogr\u00e1fica. Es cr\u00edtico reconocido en <a href=\"https:\/\/www.rottentomatoes.com\/critics\/fran-chico\/movies\" rel=\"nofollow noopener\" target=\"_blank\">Rotten Tomatoes<\/a> y en <a href=\"https:\/\/www.filmaffinity.com\/es\/name.php?name-id=684658057\" rel=\"nofollow noopener\" target=\"_blank\">Filmaffinity<\/a>. Aunque su g\u00e9nero favorito es el terror, lo mismo te habla del nuevo taquillazo del UCM de Marvel que de una pel\u00edcula de autor a reivindicar del circuito de festivales. No hay serie de Netflix, HBO Max, Amazon Prime Video o Disney+ que escape a su radar, profundizando en el cat\u00e1logo de cada plataforma para recomendar y analizar sus mejores contenidos.<\/p>\n<p>Fran lleva m\u00e1s de un a\u00f1o escribiendo en Fotogramas, pero sus inicios se remontan a hace casi dos d\u00e9cadas en foros y blogs de cine como Planeta Claqueta o <a href=\"https:\/\/www.moviementarios.com\/author\/fran-chico\/\" rel=\"nofollow noopener\" target=\"_blank\">Moviementarios<\/a>. Fue fundador y parte del consejo de direcci\u00f3n de la publicaci\u00f3n digital de cr\u00edticas y an\u00e1lisis f\u00edlmico <a href=\"https:\/\/revistamutaciones.com\/author\/fran-chico\/\" rel=\"nofollow noopener\" target=\"_blank\">Revista Mutaciones<\/a> y miembro de la Asociaci\u00f3n de Informadores Cinematogr\u00e1ficos de Espa\u00f1a (AICE), la organizaci\u00f3n que otorga los Premios Feroz, as\u00ed como votante de los Blogos de Oro al cine independiente. Despu\u00e9s de cursar el M\u00e1ster de Cr\u00edtica Cinematogr\u00e1fica de la Escuela de Cine de Madrid (ECAM) impartido por <a href=\"https:\/\/www.caimanediciones.es\/etiquetas\/fran-chico\/\" rel=\"nofollow noopener\" target=\"_blank\">Caim\u00e1n Cuadernos de Cine<\/a>, ha colaborado y\/o cubierto como prensa especializada durante m\u00e1s de 10 a\u00f1os festivales de cine como San Sebasti\u00e1n, Sitges y Filmadrid, entrevistando por el camino a directores, actores y actrices relevantes de la industria nacional de la talla de Pen\u00e9lope Cruz, Carlos Saura, Ana de Armas, Jos\u00e9 Luis Cuerda o Jos\u00e9 Sacrist\u00e1n e internacional como James Wan, Edgar Wright o Dario Argento.\u00a0<\/p>\n<p>Sus conocimientos y su experiencia le han llevado a ser <a href=\"https:\/\/www.youtube.com\/watch?v=q4f4chF-chg&amp;t=37s&amp;pp=ygUSZm5hYyBpbmRpYW5hIGpvbmVz\" rel=\"nofollow noopener\" target=\"_blank\">videoblogger de cine de Fnac Espa\u00f1a<\/a> y director y presentador del podcast <a href=\"https:\/\/www.ivoox.com\/podcast-holocausto-zinefago_sq_f179082_1.html\" rel=\"nofollow noopener\" target=\"_blank\">Holocausto Zin\u00e9fago<\/a>, con m\u00e1s de 150 programas emitidos y disponibles en los que se mezclan el cine y el humor desde un punto de vista \u00fanico y original.<\/p>\n","protected":false},"excerpt":{"rendered":"Echa un vistazo al cartel de la San Diego Comic-Con M\u00e1laga 2025 y pell\u00edzcate, porque es real: Arnold&hellip;\n","protected":false},"author":2,"featured_media":94058,"comment_status":"","ping_status":"","sticky":false,"template":"","format":"standard","meta":{"footnotes":""},"categories":[91],"tags":[1180,146,147,25,24,23],"class_list":{"0":"post-94057","1":"post","2":"type-post","3":"status-publish","4":"format-standard","5":"has-post-thumbnail","7":"category-entretenimiento","8":"tag-editorial","9":"tag-entertainment","10":"tag-entretenimiento","11":"tag-es","12":"tag-espana","13":"tag-spain"},"share_on_mastodon":{"url":"","error":""},"_links":{"self":[{"href":"https:\/\/www.europesays.com\/es\/wp-json\/wp\/v2\/posts\/94057","targetHints":{"allow":["GET"]}}],"collection":[{"href":"https:\/\/www.europesays.com\/es\/wp-json\/wp\/v2\/posts"}],"about":[{"href":"https:\/\/www.europesays.com\/es\/wp-json\/wp\/v2\/types\/post"}],"author":[{"embeddable":true,"href":"https:\/\/www.europesays.com\/es\/wp-json\/wp\/v2\/users\/2"}],"replies":[{"embeddable":true,"href":"https:\/\/www.europesays.com\/es\/wp-json\/wp\/v2\/comments?post=94057"}],"version-history":[{"count":0,"href":"https:\/\/www.europesays.com\/es\/wp-json\/wp\/v2\/posts\/94057\/revisions"}],"wp:featuredmedia":[{"embeddable":true,"href":"https:\/\/www.europesays.com\/es\/wp-json\/wp\/v2\/media\/94058"}],"wp:attachment":[{"href":"https:\/\/www.europesays.com\/es\/wp-json\/wp\/v2\/media?parent=94057"}],"wp:term":[{"taxonomy":"category","embeddable":true,"href":"https:\/\/www.europesays.com\/es\/wp-json\/wp\/v2\/categories?post=94057"},{"taxonomy":"post_tag","embeddable":true,"href":"https:\/\/www.europesays.com\/es\/wp-json\/wp\/v2\/tags?post=94057"}],"curies":[{"name":"wp","href":"https:\/\/api.w.org\/{rel}","templated":true}]}}