{"id":94211,"date":"2025-09-05T02:50:08","date_gmt":"2025-09-05T02:50:08","guid":{"rendered":"https:\/\/www.europesays.com\/es\/94211\/"},"modified":"2025-09-05T02:50:08","modified_gmt":"2025-09-05T02:50:08","slug":"tame-impala-regresa-despues-de-5-anos-con-su-nuevo-album-deadbeat","status":"publish","type":"post","link":"https:\/\/www.europesays.com\/es\/94211\/","title":{"rendered":"Tame Impala regresa despu\u00e9s de 5 a\u00f1os con su nuevo \u00e1lbum &#8216;Deadbeat&#8217;"},"content":{"rendered":"<p>\t\t\t\t\tLo que necesitas saber:<\/p>\n<p>En la portada de &#8216;Deadbeat&#8217; podemos ver a Kevin Parker junto a su peque\u00f1a hija, Peach.<\/p>\n<p>\u00a1Tenemos buenas noticias! La espera termin\u00f3 y despu\u00e9s de 5 a\u00f1os de ausencia, Kevin Parker regresa con el <b>nuevo \u00e1lbum de<a href=\"https:\/\/www.sopitas.com\/musica\/experimentacion-musical-tame-impala-a-traves-anos-kevin-parker\/\" rel=\"nofollow noopener\" target=\"_blank\"> <\/a><\/b><strong style=\"font-weight: bold\"><a href=\"https:\/\/www.sopitas.com\/musica\/experimentacion-musical-tame-impala-a-traves-anos-kevin-parker\/\" rel=\"nofollow noopener\" target=\"_blank\">Tame Impala<\/a><\/strong> llamado<strong> \u2018Deadbeat\u2019<\/strong>, se estrenar\u00e1 oficialmente en octubre del 2025.<\/p>\n<p>Aunque <strong>ya podemos escuchar su primer sencillo titulado \u2018Losers\u2019. <\/strong>La \u00faltima vez que tuvimos m\u00fasica nueva fue en el 2020, con el lanzamiento de \u2018The Slow Rush\u2019.<\/p>\n<p><img loading=\"lazy\" decoding=\"async\" width=\"1024\" height=\"383\" src=\"https:\/\/www.europesays.com\/es\/wp-content\/uploads\/2025\/09\/tame-impala-nuevo-disco-1024x383.png\" alt=\"Tenemos nuevo disco de Tame Impala\" class=\"wp-image-1855952\"  \/>Tenemos nuevo disco de Tame Impala \/ Captura de pantalla<\/p>\n<p>\u00bfCu\u00e1ndo se estrena el nuevo \u00e1lbum de Tame Impala?<\/p>\n<p><strong>\u2018<strong>Deadbeat<\/strong>\u2018, el quinto \u00e1lbum de <a href=\"https:\/\/x.com\/tameimpala\/media\" rel=\"nofollow\">Tame Impala<\/a>, se estrena el 17 de octubre del 2025<\/strong> en plataformas digitales y tiendas f\u00edsicas. Sin embargo, ya podemos darnos una idea de los que nos espera con <strong>\u2018Losers\u2019, canci\u00f3n que se estren\u00f3 el 3 de septiembre<\/strong>, ac\u00e1 se las dejamos.<\/p>\n<p>Aunque no es el \u00fanico adelant\u00f3 que nos ha regalado Tame Impala, tambi\u00e9n tenemos <strong>\u2018End of summer\u2019.<\/strong> Y al parecer el recibimiento de \u2018<strong>Deadbeat<\/strong>\u2018 ser\u00e1 bueno, pues al menos los comentarios del video, <strong>varios fans han ca\u00eddo rendidos con el nuevo sonido del \u00e1lbum. <\/strong><\/p>\n<p>Eso no es todo, mientras algunos artistas tienen miedo a probar sonidos nuevos, a Tame le aplauden <strong>justamente la intenci\u00f3n de buscar sonidos nuevos<\/strong> y tener propuestas innovadoras. <\/p>\n<p><strong>Tracklist:<\/strong><\/p>\n<ul class=\"wp-block-list\">\n<li>My Old Ways<\/li>\n<li>No Reply<\/li>\n<li>Dracula<\/li>\n<li>Loser<\/li>\n<li>Oblivion<\/li>\n<li>Not My World<\/li>\n<li>Piece Of Heaven<\/li>\n<li>Obsolete<\/li>\n<li>End Of Summer<\/li>\n<li>See You On Monday<\/li>\n<li>Afterthought<\/li>\n<li>Ethereal Connection<\/li>\n<\/ul>\n<p>En la portada de \u2018Deadbeat\u2019 podemos ver a <strong>Kevin Parker junto a su peque\u00f1a hija, Peach<\/strong>. As\u00ed que podemos esperar un \u00e1lbum muy especial e intimo desde esa elecci\u00f3n de fotograf\u00eda.<\/p>\n<p>A\u00fan no sabemos si este nuevo \u00e1lbum tambi\u00e9n nos traer\u00e1 gira, pero lo que s\u00ed sabemos es que<strong> ya pueden preordenar la merch oficial de \u2018<strong>Deadbeat<\/strong>\u2018<\/strong>. <a href=\"https:\/\/storeus.tameimpala.com\/\" rel=\"nofollow noopener\" target=\"_blank\">Les dejamos el link<\/a> por si animan a darse un gustito, aunque primero deben registrarse. Hay un vinilo, un CD, tote bag y claro, una playera.<\/p>\n<p><img loading=\"lazy\" decoding=\"async\" width=\"1024\" height=\"455\" src=\"https:\/\/www.europesays.com\/es\/wp-content\/uploads\/2025\/09\/merch-tame-impala-1024x455.png\" alt=\"\" class=\"wp-image-1855958\"  \/><\/p>\n<p>Ahora solo queda esperar al<strong> 17 de octubre para escuchar el resto de canciones y conocer la opini\u00f3n de los fans<\/strong>, aquellos responsables convertir un \u00e1lbum en \u00e9xito o fracaso. <\/p>\n<p>\t\tTodo lo que no sab\u00edas que necesitas saber lo encuentras en Sopitas.com<\/p>\n","protected":false},"excerpt":{"rendered":"Lo que necesitas saber: En la portada de &#8216;Deadbeat&#8217; podemos ver a Kevin Parker junto a su peque\u00f1a&hellip;\n","protected":false},"author":2,"featured_media":94212,"comment_status":"","ping_status":"","sticky":false,"template":"","format":"standard","meta":{"footnotes":""},"categories":[170],"tags":[146,147,25,24,184,185,23,34082],"class_list":{"0":"post-94211","1":"post","2":"type-post","3":"status-publish","4":"format-standard","5":"has-post-thumbnail","7":"category-musica","8":"tag-entertainment","9":"tag-entretenimiento","10":"tag-es","11":"tag-espana","12":"tag-music","13":"tag-musica","14":"tag-spain","15":"tag-tame-impala"},"share_on_mastodon":{"url":"","error":""},"_links":{"self":[{"href":"https:\/\/www.europesays.com\/es\/wp-json\/wp\/v2\/posts\/94211","targetHints":{"allow":["GET"]}}],"collection":[{"href":"https:\/\/www.europesays.com\/es\/wp-json\/wp\/v2\/posts"}],"about":[{"href":"https:\/\/www.europesays.com\/es\/wp-json\/wp\/v2\/types\/post"}],"author":[{"embeddable":true,"href":"https:\/\/www.europesays.com\/es\/wp-json\/wp\/v2\/users\/2"}],"replies":[{"embeddable":true,"href":"https:\/\/www.europesays.com\/es\/wp-json\/wp\/v2\/comments?post=94211"}],"version-history":[{"count":0,"href":"https:\/\/www.europesays.com\/es\/wp-json\/wp\/v2\/posts\/94211\/revisions"}],"wp:featuredmedia":[{"embeddable":true,"href":"https:\/\/www.europesays.com\/es\/wp-json\/wp\/v2\/media\/94212"}],"wp:attachment":[{"href":"https:\/\/www.europesays.com\/es\/wp-json\/wp\/v2\/media?parent=94211"}],"wp:term":[{"taxonomy":"category","embeddable":true,"href":"https:\/\/www.europesays.com\/es\/wp-json\/wp\/v2\/categories?post=94211"},{"taxonomy":"post_tag","embeddable":true,"href":"https:\/\/www.europesays.com\/es\/wp-json\/wp\/v2\/tags?post=94211"}],"curies":[{"name":"wp","href":"https:\/\/api.w.org\/{rel}","templated":true}]}}