{"id":94213,"date":"2025-09-05T02:51:09","date_gmt":"2025-09-05T02:51:09","guid":{"rendered":"https:\/\/www.europesays.com\/es\/94213\/"},"modified":"2025-09-05T02:51:09","modified_gmt":"2025-09-05T02:51:09","slug":"listas-50-novedades-para-ver-en-plataformas-septiembre-2025","status":"publish","type":"post","link":"https:\/\/www.europesays.com\/es\/94213\/","title":{"rendered":"Listas: 50 novedades para ver en plataformas (Septiembre 2025)"},"content":{"rendered":"<p>\t\t\t                        <img decoding=\"async\" itemprop=\"image\" src=\"https:\/\/www.europesays.com\/es\/wp-content\/uploads\/2025\/09\/phoenician.webp\" alt=\"Listas: 50 novedades para ver en plataformas (Septiembre 2025)\" width=\"640\" height=\"\"\/>    <\/p>\n<p>Ac\u00e1 va un selecci\u00f3n de t\u00edtulos de pel\u00edculas recomendadas que llegaron a las plataformas de streaming en septiembre 2025. <\/p>\n<p>                <a href=\"https:\/\/www.youtube.com\/@FilmayAclaracion\" aria-label=\"FyAC_BANNER MICROPSIA_OP A\" rel=\"nofollow noopener\" target=\"_blank\"><img loading=\"lazy\" decoding=\"async\" src=\"https:\/\/www.europesays.com\/es\/wp-content\/uploads\/2025\/09\/1757040668_219_FyAC_BANNER-MICROPSIA_OP-A.png\" alt=\"\"   class=\"no-lazyload\" width=\"800\" height=\"160\"\/><\/a><\/p>\n<p class=\"has-drop-cap\">Ac\u00e1 va un selecci\u00f3n de t\u00edtulos recomendados que llegaron a las plataformas de streaming en septiembre 2025. No es una estrictamente de estrenos ni una de pel\u00edculas cl\u00e1sicas. Lo que sigue incluye lo que se da por llamar \u00abnovedades\u00bb en el streaming: pel\u00edculas de todas las \u00e9pocas que est\u00e1n debutando, han regresado a una plataforma o se han mudado de una a otra. La lista no pasa por la antig\u00fcedad o no que tienen las pel\u00edculas sino por el tiempo que lleva en la plataforma en cuesti\u00f3n. Estas aparecen (o reaparecen) ahora. De todos modos, mayoritariamente la selecci\u00f3n es de pel\u00edculas cl\u00e1sicas o, al menos, de un par de d\u00e9cadas atr\u00e1s.<\/p>\n<p>Es posible que algunas de estas pel\u00edculas que subieron reci\u00e9n a una plataforma ya estaban en otra desde antes y ahora las comparten dos o m\u00e1s. Sepan disculpar si ese es el caso. Lo mismo con los pa\u00edses en los que est\u00e1n disponibles. Esto est\u00e1 hecho desde Argentina. En general la disponibilidad suele ser com\u00fan a buena parte de Am\u00e9rica Latina, aunque no siempre es el caso. Lo mismo con Espa\u00f1a, con la que hay a\u00fan m\u00e1s diferencias.<\/p>\n<p>Ac\u00e1, los t\u00edtulos:<\/p>\n<p><img data-recalc-dims=\"1\" fetchpriority=\"high\" decoding=\"async\" width=\"806\" height=\"537\" src=\"https:\/\/www.europesays.com\/es\/wp-content\/uploads\/2025\/09\/the-revenant.jpg\" alt=\"\" class=\"wp-image-17180\" style=\"width:846px;height:auto\"  \/><\/p>\n<p class=\"has-vivid-red-color has-text-color has-link-color wp-elements-d5cef37d8a5736b9603810b72e37bad8\"><strong>Paramount+<\/strong><\/p>\n<ul>\n<li>\u2013<strong>So\u00f1adoras\/Dreamgirls, de Bill Condon<\/strong><\/li>\n<\/ul>\n<p class=\"has-vivid-red-color has-text-color has-link-color wp-elements-c74b57a83186f8d2eb305ee0db88da5a\"><strong>Mercado Libre<\/strong><\/p>\n<ul>\n<li>\u2013<strong>Francotirador, de Clint Eastwood<\/strong><\/li>\n<li>\u2013<strong>Entre copas, de Alexander Payne<\/strong><\/li>\n<li>\u2013<strong>La forma del agua, de Guillermo del Toro<\/strong><\/li>\n<li>\u2013<strong>El renacido, de Alejandro G. I\u00f1\u00e1rritu<\/strong><\/li>\n<li>\u2013<strong>Glass, de M. Night Shyamalan<\/strong><\/li>\n<\/ul>\n<p class=\"has-vivid-red-color has-text-color has-link-color wp-elements-f3b6ab25cac5d03fbb154d6aecf94cc0\"><strong>HBO Max<\/strong><\/p>\n<ul>\n<li>\u2013<strong>Tesis sobre un homicidio, de Hern\u00e1n Goldfrid<\/strong><\/li>\n<li>\u2013<strong>Tootsie, de Sydney Pollack<\/strong><\/li>\n<li>\u2013<strong>El Rey del Once, de Daniel Burman<\/strong><\/li>\n<li>\u2013<strong>El abrazo partido, de Daniel Burman<\/strong><\/li>\n<li>\u2013<strong>Mi mundo privado, de Gus Van Sant<\/strong><\/li>\n<li>\u2013<strong>Cobra, de George Pan Cosmatos<\/strong><\/li>\n<\/ul>\n<p class=\"has-vivid-red-color has-text-color has-link-color wp-elements-41aa0ca59340b264076ed87ad2d44017\"><strong>Netflix<\/strong><\/p>\n<ul>\n<li>\u2013<strong>R\u00e1pido y furioso 1-7, de varios directores<\/strong><\/li>\n<li>\u2013<strong>En busca del destino, de Gus Van Sant<\/strong><\/li>\n<li>\u2013<strong>Amsterdam, de David O. Russell<\/strong><\/li>\n<li>\u2013<strong>J\u00f3venes brujas, de Andrew Fleming<\/strong><\/li>\n<li>\u2013<strong>El poder y la pasi\u00f3n, de Taylor Hackford<\/strong><\/li>\n<li>\u2013<strong>El hombre del norte, de Robert Eggers<\/strong><\/li>\n<\/ul>\n<p class=\"has-vivid-red-color has-text-color has-link-color wp-elements-f0849b6dca2b65aca0b10db44e93f749\"><strong>Apple TV+<\/strong><\/p>\n<ul>\n<li>\u2013<strong>This is Spinal Tap, de Rob Reiner<\/strong><\/li>\n<li>\u2013<strong>El esquema fenicio, de Wes Anderson<\/strong><\/li>\n<\/ul>\n<p><img loading=\"lazy\" data-recalc-dims=\"1\" decoding=\"async\" width=\"1024\" height=\"576\" src=\"https:\/\/www.europesays.com\/es\/wp-content\/uploads\/2025\/09\/robocop.jpg\" alt=\"\" class=\"wp-image-68906\"\/><\/p>\n<p class=\"has-vivid-red-color has-text-color has-link-color wp-elements-aa73f9bfe2fe2324b937576852624702\"><strong>Prime Video<\/strong><\/p>\n<ul>\n<li>\u2013<strong>Cuando Harry conoci\u00f3 a Sally, de Rob Reiner<\/strong><\/li>\n<li>\u2013<strong>El gran escape, de John Sturges<\/strong><\/li>\n<li>\u2013<strong>El regreso de los muertos vivientes, de Dan O\u2019Bannon<\/strong><\/li>\n<li>\u2013<strong>Robocop 1-3, de varios directores<\/strong><\/li>\n<li>\u2013<strong>La puerta del cielo, de Michael Cimino<\/strong><\/li>\n<li>\u2013<strong>El embajador del miedo, de John Frankenheimer<\/strong><\/li>\n<li>\u2013<strong>Rollerball, de Norman Jewison<\/strong><\/li>\n<li>\u2013<strong>La Casa Gucci, de Ridley Scott<\/strong><\/li>\n<li>\u2013<strong>La caza al Octubre Rojo, de John McTiernan<\/strong><\/li>\n<li>\u2013<strong>Buscando desesperadamente a Susan, de Susan Seidelman<\/strong><\/li>\n<li>\u2013<strong>En la quietud de la noche, de Robert Benton<\/strong><\/li>\n<li>\u2013<strong>Pira\u00f1a, de Joe Dante<\/strong><\/li>\n<li>\u2013<strong>Pasaje a la India, de David Lean<\/strong><\/li>\n<li>\u2013<strong>Extasis, de Mariano Barroso<\/strong><\/li>\n<li>\u2013<strong>Foxy Brown, de Jack Hill<\/strong><\/li>\n<li>\u2013<strong>Cabalgata infernal, de Walter Hill<\/strong><\/li>\n<li>\u2013<strong>The Monkey, de Osgood Perkins<\/strong><\/li>\n<li>\u2013<strong>Camila saldr\u00e1 esta noche, de In\u00e9s Mar\u00eda Barrionuevo<\/strong><\/li>\n<\/ul>\n<p class=\"has-vivid-red-color has-text-color has-link-color wp-elements-f8c17a74ef25b3ac9f89406b67875b9b\"><strong>Disney+<\/strong><\/p>\n<ul>\n<li>\u2013<strong>Thunderbolts, de Jake Schreier<\/strong><\/li>\n<li>\u2013<strong>Lilo &amp; Stitch, de Dean Fleischer Camp<\/strong><\/li>\n<\/ul>\n<p class=\"has-vivid-red-color has-text-color has-link-color wp-elements-5ec77b4ddefdcb30202a8012969e8fed\"><strong>MUBI<\/strong><\/p>\n<ul>\n<li>\u2013<strong>La chica del valle, de Martha Coolidge<\/strong><\/li>\n<li>\u2013<strong>En la carretera, de Walter Salles<\/strong><\/li>\n<\/ul>\n","protected":false},"excerpt":{"rendered":"Ac\u00e1 va un selecci\u00f3n de t\u00edtulos de pel\u00edculas recomendadas que llegaron a las plataformas de streaming en septiembre&hellip;\n","protected":false},"author":2,"featured_media":94214,"comment_status":"","ping_status":"","sticky":false,"template":"","format":"standard","meta":{"footnotes":""},"categories":[169],"tags":[177,146,147,25,24,176,175,5285,810,23,6879],"class_list":{"0":"post-94213","1":"post","2":"type-post","3":"status-publish","4":"format-standard","5":"has-post-thumbnail","7":"category-cine","8":"tag-cine","9":"tag-entertainment","10":"tag-entretenimiento","11":"tag-es","12":"tag-espana","13":"tag-film","14":"tag-movies","15":"tag-novedades","16":"tag-plataformas","17":"tag-spain","18":"tag-streaming"},"share_on_mastodon":{"url":"","error":""},"_links":{"self":[{"href":"https:\/\/www.europesays.com\/es\/wp-json\/wp\/v2\/posts\/94213","targetHints":{"allow":["GET"]}}],"collection":[{"href":"https:\/\/www.europesays.com\/es\/wp-json\/wp\/v2\/posts"}],"about":[{"href":"https:\/\/www.europesays.com\/es\/wp-json\/wp\/v2\/types\/post"}],"author":[{"embeddable":true,"href":"https:\/\/www.europesays.com\/es\/wp-json\/wp\/v2\/users\/2"}],"replies":[{"embeddable":true,"href":"https:\/\/www.europesays.com\/es\/wp-json\/wp\/v2\/comments?post=94213"}],"version-history":[{"count":0,"href":"https:\/\/www.europesays.com\/es\/wp-json\/wp\/v2\/posts\/94213\/revisions"}],"wp:featuredmedia":[{"embeddable":true,"href":"https:\/\/www.europesays.com\/es\/wp-json\/wp\/v2\/media\/94214"}],"wp:attachment":[{"href":"https:\/\/www.europesays.com\/es\/wp-json\/wp\/v2\/media?parent=94213"}],"wp:term":[{"taxonomy":"category","embeddable":true,"href":"https:\/\/www.europesays.com\/es\/wp-json\/wp\/v2\/categories?post=94213"},{"taxonomy":"post_tag","embeddable":true,"href":"https:\/\/www.europesays.com\/es\/wp-json\/wp\/v2\/tags?post=94213"}],"curies":[{"name":"wp","href":"https:\/\/api.w.org\/{rel}","templated":true}]}}