{"id":94217,"date":"2025-09-05T02:54:16","date_gmt":"2025-09-05T02:54:16","guid":{"rendered":"https:\/\/www.europesays.com\/es\/94217\/"},"modified":"2025-09-05T02:54:16","modified_gmt":"2025-09-05T02:54:16","slug":"los-vaqueros-anchos-perfectos-de-mango-para-el-otono-2025","status":"publish","type":"post","link":"https:\/\/www.europesays.com\/es\/94217\/","title":{"rendered":"Los vaqueros anchos perfectos de Mango para el oto\u00f1o 2025"},"content":{"rendered":"<p data-journey-content=\"true\" data-node-id=\"1\" class=\"css-i9p093 emevuu60\">Llevaba detr\u00e1s de estos <strong data-node-id=\"1.1\"><a href=\"https:\/\/www.elle.com\/es\/moda\/streetstyle\/a63810677\/looks-estilosos-con-baggy-jeans-vaqueros-anchos\/\" data-vars-ga-outbound-link=\"https:\/\/www.elle.com\/es\/moda\/streetstyle\/a63810677\/looks-estilosos-con-baggy-jeans-vaqueros-anchos\/\" data-vars-ga-ux-element=\"Hyperlink\" data-vars-ga-call-to-action=\"vaqueros anchos\" data-node-id=\"1.1.0\" class=\"body-link css-103hk4r emevuu60\" rel=\"nofollow noopener\" target=\"_blank\">vaqueros anchos<\/a> de Mango<\/strong> mucho tiempo, lo confieso. Los vi hace ya unas cuantas semanas y mi talla no estaba disponible (al igual que casi todas las dem\u00e1s). Le di a la opci\u00f3n de &#8216;Av\u00edsame&#8217; para que me mandaran un correo electr\u00f3nico cuando volvieran a estar disponibles. \u00bfSpoiler? Me lleg\u00f3, y cuando me met\u00ed en la aplicaci\u00f3n ya era demasiado tarde. Al menos las dos primeras veces, porque a la tercera fue la vencida. <\/p>\n<p data-journey-content=\"true\" data-node-id=\"3\" class=\"css-i9p093 emevuu60\">Hoy me han llegado a casa, por fin. Y s\u00ed, os puedo asegurar que se tratan de <strong data-node-id=\"3.1\"><a href=\"https:\/\/www.elle.com\/es\/moda\/streetstyle\/a62926742\/como-llevar-bien-los-vaqueros-wide-leg\/\" data-vars-ga-outbound-link=\"https:\/\/www.elle.com\/es\/moda\/streetstyle\/a62926742\/como-llevar-bien-los-vaqueros-wide-leg\/\" data-vars-ga-ux-element=\"Hyperlink\" data-vars-ga-call-to-action=\"los vaqueros anchos perfectos\" data-node-id=\"3.1.0\" class=\"body-link css-103hk4r emevuu60\" rel=\"nofollow noopener\" target=\"_blank\">los vaqueros anchos perfectos<\/a>.<\/strong> El modelo que todas las mujeres \u2014independientemente de su tipo de cuerpo, talla o altura\u2014 deber\u00eda tener en su armario c\u00e1psula perfecto. Porque no, no hay un vaquero ancho que quede mejor que este. Y te lo digo yo que llevo varios a\u00f1os trabajando como <strong data-node-id=\"3.3\">editora <a href=\"https:\/\/www.elle.com\/es\/moda\/compras-elle\/a63296771\/ropa-tendencia-vestir-bien-invierno-2025-experta-en-moda\/\" data-vars-ga-outbound-link=\"https:\/\/www.elle.com\/es\/moda\/compras-elle\/a63296771\/ropa-tendencia-vestir-bien-invierno-2025-experta-en-moda\/\" data-vars-ga-ux-element=\"Hyperlink\" data-vars-ga-call-to-action=\"experta en moda y compras\" data-node-id=\"3.3.1\" class=\"body-link css-103hk4r emevuu60\" rel=\"nofollow noopener\" target=\"_blank\">experta en moda y compras<\/a><\/strong>, y me he probado ya varios modelos sin \u00e9xito a\u00fan con una talla muy est\u00e1ndar. <\/p>\n<p data-journey-content=\"true\" data-node-id=\"6\" class=\"css-i9p093 emevuu60\"><strong data-node-id=\"6.0\">Alargan y estilizan piernas, marcan cintura, disimulan abdomen, realzan gl\u00fateos&#8230; <\/strong>\u00bfQu\u00e9 m\u00e1s se les puede pedir? Absolutamente nada. De ah\u00ed su viral \u00e9xito.<\/p>\n<p><img draggable=\"true\" alt=\"vaqueros anchos wide leg\" title=\"Vaqueros anchos wide leg\" loading=\"lazy\" width=\"1500\" height=\"2098\" decoding=\"async\" data-nimg=\"1\" style=\"color:transparent;width:100%;height:auto;\"   src=\"https:\/\/www.europesays.com\/es\/wp-content\/uploads\/2025\/09\/vaqueros-anchos-mango-elle-1-68b8827389113.jpg\" class=\"css-0 e1g79fud0\"\/><\/p>\n<p>Mango<\/p>\n<p><img draggable=\"true\" alt=\"vaqueros anchos wide leg\" title=\"Vaqueros anchos wide leg\" loading=\"lazy\" width=\"1500\" height=\"2098\" decoding=\"async\" data-nimg=\"1\" style=\"color:transparent;width:100%;height:auto;\"   src=\"https:\/\/www.europesays.com\/es\/wp-content\/uploads\/2025\/09\/vaqueros-anchos-mango-elle-2-68b882741f4f8.jpg\" class=\"css-0 e1g79fud0\"\/><\/p>\n<p>Mango<\/p>\n<p>Los vaqueros anchos de Mango que m\u00e1s estilizan en todas las tallas <\/p>\n<p data-journey-content=\"true\" data-node-id=\"12\" class=\"css-i9p093 emevuu60\">Se tratan de los <strong data-node-id=\"12.1\">vaqueros &#8216;wide leg&#8217; de tiro alto de Mango<\/strong>. Un modelo con pernera amplia &#8216;full-length&#8217; que, desgraciadamente, podemos encontrar \u00fanicamente en color denim. Y digo \u00abdesgraciadamente\u00bb porque me encantar\u00eda tenerlos en todos los colores. Eso s\u00ed, me he quedado impresionada por c\u00f3mo lucen. Tanto que, incluso, se lo he recomendado a una de mis mejores amigas y a mi madre. Ambas con tallas diferentes.<\/p>\n<p data-journey-content=\"true\" data-node-id=\"14\" class=\"css-i9p093 emevuu60\">Pero ojo, porque lo mejor no es que se tratan de unos vaqueros bonitos y favorecedores, lo mejor es que, adem\u00e1s, quedan de maravilla con todo tipo de prendas: americanas de ante, chaquetas bomber, camisas lisas, camisetas b\u00e1sicas&#8230; Aunque, sobre todo,<strong data-node-id=\"14.1\"> quedan especialmente bien con <a href=\"https:\/\/www.elle.com\/es\/moda\/noticias\/a64244513\/blusas-boho-chic-romanticas-de-sezane-looks-con-vaqueros-pantalones-blancos\/\" data-vars-ga-outbound-link=\"https:\/\/www.elle.com\/es\/moda\/noticias\/a64244513\/blusas-boho-chic-romanticas-de-sezane-looks-con-vaqueros-pantalones-blancos\/\" data-vars-ga-ux-element=\"Hyperlink\" data-vars-ga-call-to-action=\"blusas &#039;boho&#039;\" data-node-id=\"14.1.1\" class=\"body-link css-103hk4r emevuu60\" rel=\"nofollow noopener\" target=\"_blank\">blusas &#8216;boho&#8217;<\/a><\/strong>. Te lo aseguro, lo he comprobado.<\/p>\n<p data-journey-content=\"true\" data-node-id=\"16\" class=\"css-i9p093 emevuu60\">\u00bfLa verdad? Se trata de <strong data-node-id=\"16.1\">mi mejor compra para el oto\u00f1o 2025<\/strong>. Porque no, no es f\u00e1cil encontrar unos vaqueros anchos que no sumen tallas y que adem\u00e1s sienten bien. Por eso no paro de recomend\u00e1rselos a todo el mundo. Aunque el hecho de que est\u00e9n pr\u00e1cticamente agotados en casi todas sus tallas tambi\u00e9n me da la raz\u00f3n, \u00bfno crees?<\/p>\n<p>Mango Vaqueros anchos wide leg<\/p>\n<p><a target=\"_blank\" rel=\"nofollow noopener\" data-theme-key=\"product-image-wrapper\" href=\"https:\/\/go.redirectingat.com?id=86370X1578079&amp;url=https%3A%2F%2Fshop.mango.com%2Fes%2Fes%2Fp%2Fmujer%2Fvaqueros%2Fwideleg%2Fjeans-wide-leg-tiro-alto_17091272%3Fc%3DTM\" aria-label=\"40\u00a0\u20ac en Mango for Vaqueros anchos wide leg\" data-href=\"https:\/\/shop.mango.com\/es\/es\/p\/mujer\/vaqueros\/wideleg\/jeans-wide-leg-tiro-alto_17091272?c=TM\" data-product-url=\"https:\/\/shop.mango.com\/es\/es\/p\/mujer\/vaqueros\/wideleg\/jeans-wide-leg-tiro-alto_17091272?c=TM\" data-affiliate=\"true\" data-affiliate-url=\"https:\/\/go.redirectingat.com?id=86370X1578079&amp;url=https%3A%2F%2Fshop.mango.com%2Fes%2Fes%2Fp%2Fmujer%2Fvaqueros%2Fwideleg%2Fjeans-wide-leg-tiro-alto_17091272%3Fc%3DTM\" data-affiliate-network=\"{&quot;afflink_redirect&quot;:&quot;\/_p\/afflink\/xjbn\/mango-vaqueros-anchos-wide-leg&quot;,&quot;site_id&quot;:&quot;5545cc0d-2c00-4ffe-8b27-aa070fd2db3c&quot;,&quot;network&quot;:{&quot;name&quot;:&quot;Skimlinks&quot;}}\" data-vars-ga-call-to-action=\"40\u00a0\u20ac en Mango\" data-vars-ga-media-role=\"\" data-vars-ga-media-type=\"Single Product Embed\" data-vars-ga-outbound-link=\"https:\/\/shop.mango.com\/es\/es\/p\/mujer\/vaqueros\/wideleg\/jeans-wide-leg-tiro-alto_17091272?c=TM\" data-vars-ga-product-brand=\"Mango\" data-vars-ga-product-id=\"af304b0f-d7b6-4009-9b26-6c24893a8901\" data-vars-ga-product-price=\"39,99\u00a0\u20ac\" data-vars-ga-product-retailer-id=\"03404a02-4d73-4d6d-8510-d26b64106acb\" data-vars-ga-product-sem3-brand=\"Mango\" data-vars-ga-link-treatment=\"(not set) | (not set)\" class=\"product-image-link ebgq4gw2 e1b8bpvs0 css-g6od0w e1c1bym14\"><img  alt=\"Vaqueros anchos wide leg\" title=\"Vaqueros anchos wide leg\" src=\"https:\/\/www.europesays.com\/es\/wp-content\/uploads\/2025\/09\/1756922468-vaqueros-anchos-mango-elle-3-68b882455ddc7.jpg\" width=\"1500\" height=\"2098\" decoding=\"async\" loading=\"lazy\"\/><\/a> <img src=\"https:\/\/www.europesays.com\/es\/wp-content\/uploads\/2025\/09\/1757040856_499_5d174fc2-88a3-4418-a5b3-be884db3ec5f_1678984174.file\" alt=\"Headshot of Laura Soria\" title=\"Headshot of Laura Soria\" width=\"100%\" height=\"100%\" decoding=\"async\" loading=\"lazy\" class=\"css-o0wq4v ev8dhu53\"\/><\/p>\n<p>Laura Soria Onieva es experta en moda, tendencias, alfombras rojas y &#8216;celebrities&#8217;. Como apasionada del periodismo y la comunicaci\u00f3n, siempre est\u00e1 atenta a las \u00faltimas novedades del sector. Entiende la moda como una v\u00eda de expresi\u00f3n y siempre busca entender la filosof\u00eda que transmiten los estilismos de las famosas.<\/p>\n<p>La b\u00fasqueda constante de inspiraci\u00f3n la convierte en una prescriptora de futuras tendencias de temporada. As\u00ed, no hay prenda o estilo que se le escape en Instagram y TikTok. Experta en recrear los mejores looks de las famosas e influencers con prendas de las firmas &#8216;low cost&#8217; m\u00e1s exitosas como Zara, Mango, Stradivarius&#8230; As\u00ed como de las firmas espa\u00f1olas que debes tener s\u00ed o s\u00ed en tu radar para que puedas vestir a la \u00faltima. Para ella no hay tendencia imposible: transparencias, aberturas complicadas, brillos, lentejuelas&#8230; Buscar\u00e1 todos los trucos de la mano de las expertas para ense\u00f1ar c\u00f3mo lucirlas sin caer en el error.<\/p>\n<p>Laura Soria se gradu\u00f3 en el doble grado de Periodismo y Comunicaci\u00f3n Audiovisual en la Universidad Rey Juan Carlos y, desde el inicio, ha conseguido experiencia en distintos sectores: radio, televisi\u00f3n, peri\u00f3dico digital&#8230; Actualmente se dedica a la que es su verdadera pasi\u00f3n, el periodismo de moda, como colaboradora de moda y actualidad en la revista ELLE.<\/p>\n<p>Sus constantes ganas de aprender, y su alma inquieta, la han empujado a especializarse a\u00fan m\u00e1s en el mundillo con distintos cursos, destacando el de Marketing Digital y Comunicaci\u00f3n de Moda y Lujo. \u00a0\u00a0<\/p>\n","protected":false},"excerpt":{"rendered":"Llevaba detr\u00e1s de estos vaqueros anchos de Mango mucho tiempo, lo confieso. Los vi hace ya unas cuantas&hellip;\n","protected":false},"author":2,"featured_media":94218,"comment_status":"","ping_status":"","sticky":false,"template":"","format":"standard","meta":{"footnotes":""},"categories":[91],"tags":[1655,253,146,147,25,24,23],"class_list":{"0":"post-94217","1":"post","2":"type-post","3":"status-publish","4":"format-standard","5":"has-post-thumbnail","7":"category-entretenimiento","8":"tag-afiliacion","9":"tag-discover","10":"tag-entertainment","11":"tag-entretenimiento","12":"tag-es","13":"tag-espana","14":"tag-spain"},"share_on_mastodon":{"url":"","error":""},"_links":{"self":[{"href":"https:\/\/www.europesays.com\/es\/wp-json\/wp\/v2\/posts\/94217","targetHints":{"allow":["GET"]}}],"collection":[{"href":"https:\/\/www.europesays.com\/es\/wp-json\/wp\/v2\/posts"}],"about":[{"href":"https:\/\/www.europesays.com\/es\/wp-json\/wp\/v2\/types\/post"}],"author":[{"embeddable":true,"href":"https:\/\/www.europesays.com\/es\/wp-json\/wp\/v2\/users\/2"}],"replies":[{"embeddable":true,"href":"https:\/\/www.europesays.com\/es\/wp-json\/wp\/v2\/comments?post=94217"}],"version-history":[{"count":0,"href":"https:\/\/www.europesays.com\/es\/wp-json\/wp\/v2\/posts\/94217\/revisions"}],"wp:featuredmedia":[{"embeddable":true,"href":"https:\/\/www.europesays.com\/es\/wp-json\/wp\/v2\/media\/94218"}],"wp:attachment":[{"href":"https:\/\/www.europesays.com\/es\/wp-json\/wp\/v2\/media?parent=94217"}],"wp:term":[{"taxonomy":"category","embeddable":true,"href":"https:\/\/www.europesays.com\/es\/wp-json\/wp\/v2\/categories?post=94217"},{"taxonomy":"post_tag","embeddable":true,"href":"https:\/\/www.europesays.com\/es\/wp-json\/wp\/v2\/tags?post=94217"}],"curies":[{"name":"wp","href":"https:\/\/api.w.org\/{rel}","templated":true}]}}