{"id":94305,"date":"2025-09-05T04:00:11","date_gmt":"2025-09-05T04:00:11","guid":{"rendered":"https:\/\/www.europesays.com\/es\/94305\/"},"modified":"2025-09-05T04:00:11","modified_gmt":"2025-09-05T04:00:11","slug":"presentamos-el-trailer-de-hombre-bala-documental-sobre-mikel-erentxun","status":"publish","type":"post","link":"https:\/\/www.europesays.com\/es\/94305\/","title":{"rendered":"Presentamos el tr\u00e1iler de \u201cHombre bala\u201d, documental sobre Mikel Erentxun"},"content":{"rendered":"<p>EITB, que participa en la pel\u00edcula, presenta en primicia el tr\u00e1iler de <b>Hombre bala<\/b>, pel\u00edcula documental sobre el m\u00fasico donostiarra Mikel Erentxun, dirigida por Anuska Ariztimu\u00f1o (Errenteria, 1984).<\/p>\n<p>Hombre bala se estrenar\u00e1 en el Festival Internacional de Cine de San Sebasti\u00e1n, donde clausurar\u00e1 la secci\u00f3n Zinemira.<\/p>\n<p>La pel\u00edcula, de 80 minutos, parte de los 40 a\u00f1os de carrera musical de Erentxun, para contar su vida e historia. \u201cNavegar entre la trayectoria profesional del artista y su vida personal es parte de la esencia de esta cinta. Abrazar su miedo a la muerte y, sobre todo, al paso del tiempo hace que Mikel tenga que tomar decisiones importantes en su vida\u201d, explica su directora.<\/p>\n","protected":false},"excerpt":{"rendered":"EITB, que participa en la pel\u00edcula, presenta en primicia el tr\u00e1iler de Hombre bala, pel\u00edcula documental sobre el&hellip;\n","protected":false},"author":2,"featured_media":94306,"comment_status":"","ping_status":"","sticky":false,"template":"","format":"standard","meta":{"footnotes":""},"categories":[169],"tags":[177,31990,146,147,25,24,28752,176,175,23],"class_list":{"0":"post-94305","1":"post","2":"type-post","3":"status-publish","4":"format-standard","5":"has-post-thumbnail","7":"category-cine","8":"tag-cine","9":"tag-cine-vasco","10":"tag-entertainment","11":"tag-entretenimiento","12":"tag-es","13":"tag-espana","14":"tag-festival-de-cine-de-san-sebastian","15":"tag-film","16":"tag-movies","17":"tag-spain"},"share_on_mastodon":{"url":"","error":""},"_links":{"self":[{"href":"https:\/\/www.europesays.com\/es\/wp-json\/wp\/v2\/posts\/94305","targetHints":{"allow":["GET"]}}],"collection":[{"href":"https:\/\/www.europesays.com\/es\/wp-json\/wp\/v2\/posts"}],"about":[{"href":"https:\/\/www.europesays.com\/es\/wp-json\/wp\/v2\/types\/post"}],"author":[{"embeddable":true,"href":"https:\/\/www.europesays.com\/es\/wp-json\/wp\/v2\/users\/2"}],"replies":[{"embeddable":true,"href":"https:\/\/www.europesays.com\/es\/wp-json\/wp\/v2\/comments?post=94305"}],"version-history":[{"count":0,"href":"https:\/\/www.europesays.com\/es\/wp-json\/wp\/v2\/posts\/94305\/revisions"}],"wp:featuredmedia":[{"embeddable":true,"href":"https:\/\/www.europesays.com\/es\/wp-json\/wp\/v2\/media\/94306"}],"wp:attachment":[{"href":"https:\/\/www.europesays.com\/es\/wp-json\/wp\/v2\/media?parent=94305"}],"wp:term":[{"taxonomy":"category","embeddable":true,"href":"https:\/\/www.europesays.com\/es\/wp-json\/wp\/v2\/categories?post=94305"},{"taxonomy":"post_tag","embeddable":true,"href":"https:\/\/www.europesays.com\/es\/wp-json\/wp\/v2\/tags?post=94305"}],"curies":[{"name":"wp","href":"https:\/\/api.w.org\/{rel}","templated":true}]}}