{"id":94311,"date":"2025-09-05T04:05:06","date_gmt":"2025-09-05T04:05:06","guid":{"rendered":"https:\/\/www.europesays.com\/es\/94311\/"},"modified":"2025-09-05T04:05:06","modified_gmt":"2025-09-05T04:05:06","slug":"las-electricas-alertan-de-una-saturacion-de-las-redes-que-pone-en-riesgo-inversiones-millonarias-economia","status":"publish","type":"post","link":"https:\/\/www.europesays.com\/es\/94311\/","title":{"rendered":"Las el\u00e9ctricas alertan de una saturaci\u00f3n de las redes que pone en riesgo inversiones millonarias | Econom\u00eda"},"content":{"rendered":"<p class=\"\">El pr\u00f3ximo martes 9 de septiembre, las distribuidoras el\u00e9ctricas van a publicar, por exigencia de la Comisi\u00f3n Nacional de los Mercados y la Competencia (CNMC), cu\u00e1nta capacidad disponible existe en sus redes en Espa\u00f1a para conectar nuevos proyectos industriales que necesitan electricidad para desarrollar su actividad. Y la situaci\u00f3n que describen tanto fuentes empresariales como de la Administraci\u00f3n es que el panorama va a ser desolador, por la elevada falta de puntos de acceso de la que actualmente dispone Espa\u00f1a.<\/p>\n<p class=\"\">El problema, detallan las fuentes consultadas, es de primera magnitud, ya que actualmente Espa\u00f1a vive un bum de solicitudes por parte de inversores que quieren establecerse en el pa\u00eds por los precios competitivos de la electricidad. La Organizaci\u00f3n para la Cooperaci\u00f3n y el Desarrollo Econ\u00f3mico (OCDE) recomend\u00f3 a principios de julio a la industria europea trasladar su producci\u00f3n a Espa\u00f1a por los bajos precios que tendr\u00e1 la luz con la contribuci\u00f3n de las energ\u00edas limpias. Pero ahora van a ser conscientes de que las redes no est\u00e1n en disposici\u00f3n plena de darles cabida. <\/p>\n<p class=\"\">Este cuello de botella supone toda una amenaza para la econom\u00eda espa\u00f1ola, que en los \u00faltimos dos a\u00f1os ha recibido propuestas de algunas de las m\u00e1s grandes tecnol\u00f3gicas norteamericanas (Amazon, Microsoft, etc.). Aelec, la asociaci\u00f3n que engloba a Iberdrola, Endesa y EDP, ya advirti\u00f3 en febrero de un boom de peticiones (67 GW) para centros de datos (19 GW) y otras industrias (18 GW) en 2024, equivalente al 40% de lo ya instalado en Espa\u00f1a. De hecho, <a href=\"https:\/\/cincodias.elpais.com\/companias\/2025-02-19\/la-mitad-de-las-peticiones-de-conexion-energetica-de-las-empresas-se-rechazan-por-falta-de-capacidad-en-la-red.html\" target=\"_self\" rel=\"nofollow noopener\" title=\"https:\/\/cincodias.elpais.com\/companias\/2025-02-19\/la-mitad-de-las-peticiones-de-conexion-energetica-de-las-empresas-se-rechazan-por-falta-de-capacidad-en-la-red.html\">la mitad de las solicitudes se denegaron por falta de acceso<\/a>. La cuesti\u00f3n despert\u00f3 la alarma al m\u00e1s alto nivel en la Administraci\u00f3n, ya que <a href=\"https:\/\/cincodias.elpais.com\/companias\/2025-02-19\/la-mitad-de-las-peticiones-de-conexion-energetica-de-las-empresas-se-rechazan-por-falta-de-capacidad-en-la-red.html\" target=\"_self\" rel=\"nofollow noopener\" title=\"https:\/\/cincodias.elpais.com\/companias\/2025-02-19\/la-mitad-de-las-peticiones-de-conexion-energetica-de-las-empresas-se-rechazan-por-falta-de-capacidad-en-la-red.html\">se estim\u00f3 la p\u00e9rdida de oportunidad en 60.000 millones de euros de inversi\u00f3n potencial no ejecutada<\/a>.<\/p>\n<p class=\"\">\u201cM\u00e1s de uno se va a sorprender el martes de la baja capacidad que tenemos; existen muchos nudos en toda Espa\u00f1a que est\u00e1n totalmente saturados ya\u201d, advierten fuentes al tanto de la situaci\u00f3n. El problema sigue siendo muy elevado este 2025. De nuevo sigue habiendo muchos rechazos. Las extrapolaciones realizadas por Endesa en la presentaci\u00f3n de sus resultados y expertos del sector llevan a estimar que este a\u00f1o se solicitar\u00e1n cerca de 70 GW para conectar y de nuevo la mayor\u00eda podr\u00edan quedar sin permiso. Y esto es s\u00f3lo en las redes de baja tensi\u00f3n; a ello habr\u00eda que sumar las peticiones para conexi\u00f3n en transporte que genera Red El\u00e9ctrica y que algunas fuentes calculan que pueden ser otros 50 GW adicionales. <\/p>\n<p class=\"\">Las compa\u00f1\u00edas publicar\u00e1n sus datos el pr\u00f3ximo martes en tanto<a href=\"https:\/\/www.cnmc.es\/prensa\/acceso-firme-redes-distribucion-electrica-20250611\" target=\"_self\" rel=\"nofollow noopener\" title=\"https:\/\/www.cnmc.es\/prensa\/acceso-firme-redes-distribucion-electrica-20250611\"> la CNMC<\/a> quiere que todo el mundo sepa la capacidad real que tienen las l\u00edneas espa\u00f1olas en cada uno de los puntos de la geograf\u00eda para poder hacer sus planteamientos. Esta situaci\u00f3n, se\u00f1ala un responsable energ\u00e9tico del gobierno regional de una de las comunidades aut\u00f3nomas m\u00e1s grandes de Espa\u00f1a, va a generar un fuerte revuelo, ya que podr\u00eda suponer un gran jarro de agua fr\u00eda para muchos proyectos que pretenden invertir en Espa\u00f1a. Las el\u00e9ctricas ya advirtieron en febrero que este cuello de botella puede derivar en la p\u00e9rdida de una oportunidad como pa\u00eds para la reindustrializaci\u00f3n y la generaci\u00f3n de riqueza nacional. \u201cResulta especialmente preocupante no poder dar respuesta a las solicitudes asociadas a proyectos industriales, que tienen un alto efecto tractor sobre la econom\u00eda espa\u00f1ola. De no atenderse a tiempo, <a href=\"https:\/\/cincodias.elpais.com\/opinion\/2025-06-13\/lo-que-sucede-conviene.html\" target=\"_self\" rel=\"nofollow noopener\" title=\"https:\/\/cincodias.elpais.com\/opinion\/2025-06-13\/lo-que-sucede-conviene.html\">esta oportunidad-pa\u00eds podr\u00eda esfumarse, dejando pasar una oleada de inversi\u00f3n estrat\u00e9gica dif\u00edcilmente recuperable<\/a>\u201d, lamenta la directora de regulaci\u00f3n de Aelec, Marta Castro.<\/p>\n<p class=\"\">Fuentes del sector se\u00f1alan que hay varias cosas que se pueden hacer para buscar soluciones. En primer lugar, realizar nuevas exigencias a los solicitantes de estos puntos de acceso para evitar la especulaci\u00f3n y que quien ocupe un punto de acceso tenga detr\u00e1s un proyecto de inversi\u00f3n real. Pero eso, advierten, es una soluci\u00f3n parcial. Para integrar la fuerte demanda de electricidad que est\u00e1 llegando a Espa\u00f1a es necesario invertir m\u00e1s en estas redes. <\/p>\n<p class=\"\">La falta de acceso y conexi\u00f3n para los consumidores a la red llega en un momento cr\u00edtico, ya que las due\u00f1as de las l\u00edneas de baja distribuci\u00f3n han puesto el grito en el cielo por la baja retribuci\u00f3n a dichas redes para el periodo 2026-2031, y que actualmente se encuentra en negociaci\u00f3n. Otras fuentes pr\u00f3ximas a los reguladores creen que lo que reciben las compa\u00f1\u00edas es adecuado, ya que esta retribuci\u00f3n contempla unos costes que son irreales dado que sus niveles de eficiencia son m\u00e1s elevados a los propuestos. <\/p>\n<p class=\"\">Entre los reguladores tambi\u00e9n hab\u00eda ciertas dudas sobre la indisponibilidad de las redes. La nueva circular de metodolog\u00eda retributiva insinuaba que las empresas tienen \u201csesgos\u201d a favor de invertir m\u00e1s en lugar de optimizar las infraestructuras ya existentes. Otro problema que denuncian las el\u00e9ctricas desde hace a\u00f1os es que tienen limitada por ley la capacidad de invertir en redes.<\/p>\n<p class=\"\">Para paliar esta situaci\u00f3n, el Gobierno est\u00e1 tratando de poner algunas medidas sobre la mesa. El Ministerio para la Transici\u00f3n Ecol\u00f3gica lanz\u00f3 una convocatoria para asignar capacidad en alta tensi\u00f3n (Red El\u00e9ctrica) en ocho puntos donde grandes industrias hab\u00eda pedido permiso por una potencia de 3.681 MW. El real decreto que decay\u00f3 en julio tambi\u00e9n contemplaba medidas que buscaban poner remedio a esta situaci\u00f3n, <a href=\"https:\/\/elpais.com\/espana\/2025-07-22\/el-congreso-tumba-el-decreto-antiapagon-del-gobierno-con-los-votos-de-pp-vox-junts-y-podemos.html\" target=\"_self\" rel=\"nofollow noopener\" title=\"https:\/\/elpais.com\/espana\/2025-07-22\/el-congreso-tumba-el-decreto-antiapagon-del-gobierno-con-los-votos-de-pp-vox-junts-y-podemos.html\">pero la falta de apoyos del Gobierno en el Congreso de los Diputados lo ech\u00f3 por tierra<\/a>.<\/p>\n<p class=\"\">Sea como fuere, la baja capacidad de acceso que se destapar\u00e1 este martes requiere de soluciones r\u00e1pidas para evitar da\u00f1ar la oportunidad de futuro de Espa\u00f1a despu\u00e9s de atraer inversiones cr\u00edticas de algunas de las empresas con m\u00e1s renombre de Espa\u00f1a. Hasta ahora, la asociaci\u00f3n espa\u00f1ola de centros de datos, Spain DC, proyecta que estas inversiones superar\u00e1n los <a href=\"https:\/\/cincodias.elpais.com\/companias\/2025-03-26\/el-sector-de-los-centros-de-datos-responde-al-gobierno-que-no-hay-burbuja-y-reclama-inversiones-en-la-red-electrica.html\" target=\"_self\" rel=\"nofollow noopener\" title=\"https:\/\/cincodias.elpais.com\/companias\/2025-03-26\/el-sector-de-los-centros-de-datos-responde-al-gobierno-que-no-hay-burbuja-y-reclama-inversiones-en-la-red-electrica.html\">58.000 millones hasta 2030, lo que multiplicar\u00eda por siete la potencia instalada actual<\/a>. <\/p>\n<p class=\"\">Firmas como <a href=\"https:\/\/elpais.com\/economia\/2024-05-22\/amazon-invertira-15700-millones-en-una-red-de-centros-de-datos-en-aragon.html\" target=\"_self\" rel=\"nofollow noopener\" title=\"https:\/\/elpais.com\/economia\/2024-05-22\/amazon-invertira-15700-millones-en-una-red-de-centros-de-datos-en-aragon.html\">Amazon (15.700 millones de euros)<\/a>, Microsoft (1.950 millones de euros), Oracle (1.000 millones de euros), <a href=\"https:\/\/cincodias.elpais.com\/companias\/2024-10-14\/blackstone-invertira-7500-millones-en-un-centro-de-datos-en-calatorao-zaragoza.html\" target=\"_self\" rel=\"nofollow noopener\" title=\"https:\/\/cincodias.elpais.com\/companias\/2024-10-14\/blackstone-invertira-7500-millones-en-un-centro-de-datos-en-calatorao-zaragoza.html\">Blackstone<\/a> (7.500 millones), Stoneshield Capital (3.600 millones) o Azora (2.000 millones de euros) han anunciado multimillonarias inversiones en estos activos necesarios para desarrollos cr\u00edticos como la inteligencias artificial y que son muy demandantes de electricidad. Dichos inversores han ocupado buena parte de la capacidad disponible en la red hasta hace poco. Ahora est\u00e1 por ver si las l\u00edneas tienen capacidad suficiente para que las tecnol\u00f3gicas hagan sus desarrollos completos que tienen previstos. El presidente de Spain DC, Emilio D\u00edaz, se\u00f1al\u00f3 en marzo que \u201cEspa\u00f1a no se puede permitir perder el tren de la digitalizaci\u00f3n, quedar rezagada de esta cuarta revoluci\u00f3n industrial en la que hemos partido con ventaja, pero donde estamos perdiendo velocidad. <a href=\"https:\/\/cincodias.elpais.com\/companias\/2025-03-26\/el-sector-de-los-centros-de-datos-responde-al-gobierno-que-no-hay-burbuja-y-reclama-inversiones-en-la-red-electrica.html\" target=\"_self\" rel=\"nofollow noopener\" title=\"https:\/\/cincodias.elpais.com\/companias\/2025-03-26\/el-sector-de-los-centros-de-datos-responde-al-gobierno-que-no-hay-burbuja-y-reclama-inversiones-en-la-red-electrica.html\">Tenemos que hacer un esfuerzo significativo en t\u00e9rminos de inversi\u00f3n en infraestructura digital e incremento de redes de distribuci\u00f3n el\u00e9ctrica<\/a> que han quedado obsoletas para las necesidades actuales\u201d.<\/p>\n<p class=\"\">Tambi\u00e9n est\u00e1n previstos grandes industrias de futuro como las gigafactor\u00edas de bater\u00edas para el desarrollo del coche el\u00e9ctrico: CATL en Zaragoza, PowerCo (Volkswagen) en Valencia o Envision en C\u00e1ceres. Las fuentes consultadas se\u00f1alan que el Gobierno ya ha recibido informaci\u00f3n de algunas industrias con problemas de conexi\u00f3n que amenazan la creaci\u00f3n de muchos puestos de trabajo.<\/p>\n","protected":false},"excerpt":{"rendered":"El pr\u00f3ximo martes 9 de septiembre, las distribuidoras el\u00e9ctricas van a publicar, por exigencia de la Comisi\u00f3n Nacional&hellip;\n","protected":false},"author":2,"featured_media":94312,"comment_status":"","ping_status":"","sticky":false,"template":"","format":"standard","meta":{"footnotes":""},"categories":[80],"tags":[912,29294,82,95,94,29800,2308,2917,25,24,7131,10070,14178,23],"class_list":{"0":"post-94311","1":"post","2":"type-post","3":"status-publish","4":"format-standard","5":"has-post-thumbnail","7":"category-economia","8":"tag-amazon","9":"tag-blackstone","10":"tag-business","11":"tag-economia","12":"tag-economy","13":"tag-edp","14":"tag-empresas","15":"tag-endesa","16":"tag-es","17":"tag-espana","18":"tag-iberdrola","19":"tag-microsoft","20":"tag-naturgy","21":"tag-spain"},"share_on_mastodon":{"url":"","error":""},"_links":{"self":[{"href":"https:\/\/www.europesays.com\/es\/wp-json\/wp\/v2\/posts\/94311","targetHints":{"allow":["GET"]}}],"collection":[{"href":"https:\/\/www.europesays.com\/es\/wp-json\/wp\/v2\/posts"}],"about":[{"href":"https:\/\/www.europesays.com\/es\/wp-json\/wp\/v2\/types\/post"}],"author":[{"embeddable":true,"href":"https:\/\/www.europesays.com\/es\/wp-json\/wp\/v2\/users\/2"}],"replies":[{"embeddable":true,"href":"https:\/\/www.europesays.com\/es\/wp-json\/wp\/v2\/comments?post=94311"}],"version-history":[{"count":0,"href":"https:\/\/www.europesays.com\/es\/wp-json\/wp\/v2\/posts\/94311\/revisions"}],"wp:featuredmedia":[{"embeddable":true,"href":"https:\/\/www.europesays.com\/es\/wp-json\/wp\/v2\/media\/94312"}],"wp:attachment":[{"href":"https:\/\/www.europesays.com\/es\/wp-json\/wp\/v2\/media?parent=94311"}],"wp:term":[{"taxonomy":"category","embeddable":true,"href":"https:\/\/www.europesays.com\/es\/wp-json\/wp\/v2\/categories?post=94311"},{"taxonomy":"post_tag","embeddable":true,"href":"https:\/\/www.europesays.com\/es\/wp-json\/wp\/v2\/tags?post=94311"}],"curies":[{"name":"wp","href":"https:\/\/api.w.org\/{rel}","templated":true}]}}