{"id":94327,"date":"2025-09-05T04:16:09","date_gmt":"2025-09-05T04:16:09","guid":{"rendered":"https:\/\/www.europesays.com\/es\/94327\/"},"modified":"2025-09-05T04:16:09","modified_gmt":"2025-09-05T04:16:09","slug":"ricky-rubio-redebuta-con-el-joventut-16-anos-despues-con-una-victoria-sobre-el-hiopos-lleida","status":"publish","type":"post","link":"https:\/\/www.europesays.com\/es\/94327\/","title":{"rendered":"Ricky Rubio redebuta con el Joventut 16 a\u00f1os despu\u00e9s con una victoria sobre el Hiopos Lleida"},"content":{"rendered":"<p class=\"ft-text\"><strong>Ricky Rubio<\/strong> redebut\u00f3 con la camiseta del <strong>Joventut<\/strong> 16 a\u00f1os despu\u00e9s y lo hizo con victoria ante el <strong>Hiopos Lleida<\/strong> por 78-62 en el primer test de pretemporada de ambos conjuntos catalanes.<\/p>\n<p class=\"ft-text\">El del Masnou, adem\u00e1s, volvi\u00f3 oficialmente a jugar un partido tras m\u00e1s de un a\u00f1o de par\u00f3n, y lo hizo con buenos n\u00fameros: 8 puntos y m\u00faltiples asistencias en 20 minutos de juego.<\/p>\n<p class=\"ft-text\">Un d\u00eda especial para la entidad verdinegra, no s\u00f3lo por la vuelta de Rubio, sino que tambi\u00e9n por el debut en el primer equipo de dos j\u00f3venes talentos como <strong>Diego Niebla<\/strong> y <strong>Humbert Ruiz.<\/strong> De hecho, ambos se estrenaron tambi\u00e9n en el casillero de anotaci\u00f3n y mostraron buenas sensaciones.<\/p>\n<p class=\"ft-text\">En el Hiopos Lleida, muchos minutos para los nuevos fichajes, especialmente Melvin Ejim, que fue un mal de cabeza para la defensa del equipo dirigido por Dani Miret.<\/p>\n<p class=\"ft-text\">Ambos equipos estuvieron bastante acertados desde el inicio del partido, algo at\u00edpico en pretemporada, y la igualdad estuvo presente durante pr\u00e1cticamente todo el primer periodo (20-20).<\/p>\n<p class=\"ft-text\">Aunque todas las miradas estaban en Ricky Rubio, que anot\u00f3 su primera canasta con su t\u00edpica jugada de aro pasado y tiro a una pierna, el jugador m\u00e1s destacado hasta el momento fue otro de los fichajes, el escolta<strong> Cameron Hunt<\/strong>, que anot\u00f3 dos triples pr\u00e1cticamente consecutivos.<\/p>\n<p class=\"ft-text\">En el segundo cuarto, los ilerdenses intentaron descuadrar a los badaloneses con un juego en transici\u00f3n r\u00e1pido, pero sus bajos porcentajes desde la l\u00ednea de tres, y el buen juego del Joventut con unos muy buenos minutos de Rubio en la direcci\u00f3n de partido, descolocaron a los de <strong>Gerard Encuentra<\/strong> (38-32).<\/p>\n<p class=\"ft-text\">En la reanudaci\u00f3n, Hiopos Lleida reaccion\u00f3 con un parcial de 0-8, pero luego la Penya respondi\u00f3 con el mismo parcial para mantener la ventaja lograda en la primera mitad y luego aumentarla tras dos triples m\u00e1s de Hunt (60-48).<\/p>\n<p class=\"ft-text\">Ya en el tramo final, los ilerdenses desaparecieron por completo con much\u00edsimos fallos en tiros librados y el Joventut lo aprovech\u00f3 para sentenciar el choque lo antes posible y vencer por 78-62 en el primer partido de pretemporada.<\/p>\n","protected":false},"excerpt":{"rendered":"Ricky Rubio redebut\u00f3 con la camiseta del Joventut 16 a\u00f1os despu\u00e9s y lo hizo con victoria ante el&hellip;\n","protected":false},"author":2,"featured_media":94328,"comment_status":"","ping_status":"","sticky":false,"template":"","format":"standard","meta":{"footnotes":""},"categories":[269],"tags":[3331,299,298,168,25,24,4079,961,34118,15723,4080,14346,23,167],"class_list":{"0":"post-94327","1":"post","2":"type-post","3":"status-publish","4":"format-standard","5":"has-post-thumbnail","7":"category-baloncesto","8":"tag-amistoso","9":"tag-baloncesto","10":"tag-basketball","11":"tag-deportes","12":"tag-es","13":"tag-espana","14":"tag-joventut","15":"tag-pretemporada","16":"tag-redebuta","17":"tag-ricky","18":"tag-ricky-rubio","19":"tag-rubio","20":"tag-spain","21":"tag-sports"},"share_on_mastodon":{"url":"","error":""},"_links":{"self":[{"href":"https:\/\/www.europesays.com\/es\/wp-json\/wp\/v2\/posts\/94327","targetHints":{"allow":["GET"]}}],"collection":[{"href":"https:\/\/www.europesays.com\/es\/wp-json\/wp\/v2\/posts"}],"about":[{"href":"https:\/\/www.europesays.com\/es\/wp-json\/wp\/v2\/types\/post"}],"author":[{"embeddable":true,"href":"https:\/\/www.europesays.com\/es\/wp-json\/wp\/v2\/users\/2"}],"replies":[{"embeddable":true,"href":"https:\/\/www.europesays.com\/es\/wp-json\/wp\/v2\/comments?post=94327"}],"version-history":[{"count":0,"href":"https:\/\/www.europesays.com\/es\/wp-json\/wp\/v2\/posts\/94327\/revisions"}],"wp:featuredmedia":[{"embeddable":true,"href":"https:\/\/www.europesays.com\/es\/wp-json\/wp\/v2\/media\/94328"}],"wp:attachment":[{"href":"https:\/\/www.europesays.com\/es\/wp-json\/wp\/v2\/media?parent=94327"}],"wp:term":[{"taxonomy":"category","embeddable":true,"href":"https:\/\/www.europesays.com\/es\/wp-json\/wp\/v2\/categories?post=94327"},{"taxonomy":"post_tag","embeddable":true,"href":"https:\/\/www.europesays.com\/es\/wp-json\/wp\/v2\/tags?post=94327"}],"curies":[{"name":"wp","href":"https:\/\/api.w.org\/{rel}","templated":true}]}}