{"id":94331,"date":"2025-09-05T04:18:13","date_gmt":"2025-09-05T04:18:13","guid":{"rendered":"https:\/\/www.europesays.com\/es\/94331\/"},"modified":"2025-09-05T04:18:13","modified_gmt":"2025-09-05T04:18:13","slug":"entre-bienes-modestos-y-deudas","status":"publish","type":"post","link":"https:\/\/www.europesays.com\/es\/94331\/","title":{"rendered":"entre bienes modestos y deudas"},"content":{"rendered":"<p data-start=\"122\" data-end=\"734\">La repentina muerte de <strong>Michu<\/strong>, ex pareja de <strong>Jos\u00e9 Fernando Ortega<\/strong>, ha generado un intenso revuelo medi\u00e1tico y abierto un conflicto entre la familia de <strong>Ortega Cano<\/strong> y la de la fallecida. Apenas <a href=\"https:\/\/okdiario.com\/look\/actualidad\/imagenes-familiares-amigos-dan-ultimo-adios-michu-2334739\" rel=\"nofollow noopener\" target=\"_blank\">unas horas despu\u00e9s de su fallecimiento,<\/a> su hermana Tamara comenz\u00f3 a acudir a distintos plat\u00f3s de televisi\u00f3n para comentar la situaci\u00f3n familiar y la herencia que dej\u00f3 Michu. Este mi\u00e9rcoles, sin ir m\u00e1s lejos, Tamara intervino en el programa <strong data-start=\"533\" data-end=\"544\">TardeAR<\/strong>, donde se\u00f1al\u00f3 que la herencia de su hermana estaba marcada por un desequilibrio entre bienes y deudas, sugiriendo que los compromisos financieros podr\u00edan superar el patrimonio disponible.<\/p>\n<p data-start=\"736\" data-end=\"1371\">Hoy, desde el <strong data-start=\"759\" data-end=\"789\">Club Social de Vamos a ver<\/strong>, la periodista <strong data-start=\"805\" data-end=\"822\">Sandra Aladro<\/strong> ha ofrecido un an\u00e1lisis m\u00e1s detallado sobre el legado de Michu, aclarando que se trata de un patrimonio modesto. \u00abAl hablar de bienes y legado parece que estamos hablando de una herencia abundante, pero es muy modesta. Hablamos de un piso que era herencia de su abuelo y que ella compr\u00f3 a su padre y a su hermana, pag\u00e1ndoles a cada uno 6.000 euros. Se trata de un apartamento de 36 metros cuadrados en Arcos de la Frontera (C\u00e1diz). Es una propiedad muy modesta, que <strong>Michu adquiri\u00f3 sin solicitar hipoteca y que no tiene ninguna carga\u00bb<\/strong>, ha explicado Aladro.<\/p>\n<p>\n<img decoding=\"async\" loading=\"lazy\" class=\"size-full wp-image-2334183\" alt=\"\" width=\"1707\" height=\"2560\"  src=\"https:\/\/www.europesays.com\/es\/wp-content\/uploads\/2025\/08\/1754781369_613_placeholder.jpg\"  bad-src=\"https:\/\/www.europesays.com\/es\/wp-content\/uploads\/2025\/08\/1754781369_613_placeholder.jpg\"\/><\/p>\n<p><img decoding=\"async\" loading=\"lazy\" class=\"size-full wp-image-2334183\" src=\"https:\/\/www.europesays.com\/es\/wp-content\/uploads\/2025\/09\/u406492_029-1-scaled.jpg\" alt=\"\" width=\"1707\" height=\"2560\"  \/><\/p>\n<p> Michu y Jos\u00e9 Ortega Cano. (Foto: Gtres)\n<\/p>\n<p data-start=\"1451\" data-end=\"1898\">Adem\u00e1s del piso, Michu contaba con un coche y una moto, ambos con pagos pendientes, ya que se los hab\u00eda comprado recientemente. <strong>\u00abNo hablamos de nada m\u00e1s. Este es el patrimonio de Michu\u00bb<\/strong>, ha a\u00f1adido la periodista. Aladro tambi\u00e9n ha se\u00f1alado que, aparte de estos bienes, existe otra parte de la herencia relacionada con deudas, aunque no ha podido confirmar las cifras exactas. Seg\u00fan la informaci\u00f3n disponible, las deudas podr\u00edan superar el valor de los bienes.<\/p>\n<p data-start=\"1900\" data-end=\"2236\">En el mismo debate televisivo, <strong data-start=\"1931\" data-end=\"1949\">Carmen Borrego<\/strong> ha comentado que, en caso de que las deudas sean mayores que los bienes, lo m\u00e1s recomendable para la familia ser\u00eda rechazar la herencia. <strong>\u00abSi aceptas, te quedas con lo bueno y con lo malo\u00bb<\/strong>, ha afirmado, subrayando los riesgos de asumir obligaciones econ\u00f3micas que superen el patrimonio heredado.<\/p>\n<p>\n<img decoding=\"async\" loading=\"lazy\" class=\"size-full wp-image-2371338\" alt=\"La hermana de Michu en 'TardeAR'. (Foto: Telecinco)\" width=\"1800\" height=\"1009\"  src=\"https:\/\/www.europesays.com\/es\/wp-content\/uploads\/2025\/08\/1754781369_613_placeholder.jpg\"  bad-src=\"https:\/\/www.europesays.com\/es\/wp-content\/uploads\/2025\/08\/1754781369_613_placeholder.jpg\"\/><\/p>\n<p><img decoding=\"async\" loading=\"lazy\" class=\"size-full wp-image-2371338\" src=\"https:\/\/www.europesays.com\/es\/wp-content\/uploads\/2025\/09\/captura-de-pantalla-2025-09-03-204521.jpg\" alt=\"La hermana de Michu en 'TardeAR'. (Foto: Telecinco)\" width=\"1800\" height=\"1009\"  \/><\/p>\n<p> La hermana de Michu en \u2018TardeAR\u2019. (Foto: Telecinco)\n<\/p>\n<p>La nueva vida de la hija de Michu en Madrid<\/p>\n<p data-start=\"163\" data-end=\"735\">Tras la apertura del <a href=\"https:\/\/okdiario.com\/look\/actualidad\/ortega-cano-sincera-dias-nieta-rocio-muerte-michu-2355103\" rel=\"nofollow noopener\" target=\"_blank\">testamento de Michu<\/a>, la familia de Ortega Cano ha comenzado a organizar la nueva etapa de la peque\u00f1a Roc\u00edo en Madrid. La hija de Michu y Jos\u00e9 Fernando, pese a la oposici\u00f3n de la madre y la hermana de la fallecida, <strong>se trasladar\u00e1 junto a su abuelo, Ortega Cano, y su t\u00eda Gloria Camila<\/strong>, quien estar\u00e1 ausente temporalmente por su participaci\u00f3n en Supervivientes All Stars. La primera medida adoptada ha sido inscribir a la ni\u00f1a en un colegio de la capital, marcando un cambio de entorno frente a la familia materna, que reside en Arcos de la Frontera.<\/p>\n<p data-start=\"737\" data-end=\"1202\">Desde la muerte de Michu, la custodia de Roc\u00edo ha generado un enfrentamiento medi\u00e1tico entre ambas familias, con Tamara, hermana de la fallecida, y Gloria Camila como protagonistas en los plat\u00f3s de televisi\u00f3n. La influencer afirm\u00f3 que \u00abtenemos que hacer lo que sea mejor para ella y est\u00e1 todo en manos de los abogados\u00bb. El testamento de Michu, que falleci\u00f3 el 7 de julio a los 33 a\u00f1os, establece que su hija permanezca bajo el cuidado de Ortega Cano y su familia. <strong>Mari Carmen, hermana del diestro, confirm\u00f3 recientemente que la ni\u00f1a ya est\u00e1 en Madrid,<\/strong> mientras Ortega Cano ha mantenido la prudencia y no ha hecho declaraciones. Roc\u00edo estar\u00e1 as\u00ed m\u00e1s cerca de su padre, Jos\u00e9 Fernando, quien contin\u00faa ingresado en un centro de salud mental en la capital.<\/p>\n","protected":false},"excerpt":{"rendered":"La repentina muerte de Michu, ex pareja de Jos\u00e9 Fernando Ortega, ha generado un intenso revuelo medi\u00e1tico y&hellip;\n","protected":false},"author":2,"featured_media":94332,"comment_status":"","ping_status":"","sticky":false,"template":"","format":"standard","meta":{"footnotes":""},"categories":[174],"tags":[255,146,147,25,24,256,5931,23],"class_list":["post-94331","post","type-post","status-publish","format-standard","has-post-thumbnail","category-famosos","tag-celebrities","tag-entertainment","tag-entretenimiento","tag-es","tag-espana","tag-famosos","tag-michu","tag-spain"],"share_on_mastodon":{"url":"","error":""},"_links":{"self":[{"href":"https:\/\/www.europesays.com\/es\/wp-json\/wp\/v2\/posts\/94331","targetHints":{"allow":["GET"]}}],"collection":[{"href":"https:\/\/www.europesays.com\/es\/wp-json\/wp\/v2\/posts"}],"about":[{"href":"https:\/\/www.europesays.com\/es\/wp-json\/wp\/v2\/types\/post"}],"author":[{"embeddable":true,"href":"https:\/\/www.europesays.com\/es\/wp-json\/wp\/v2\/users\/2"}],"replies":[{"embeddable":true,"href":"https:\/\/www.europesays.com\/es\/wp-json\/wp\/v2\/comments?post=94331"}],"version-history":[{"count":0,"href":"https:\/\/www.europesays.com\/es\/wp-json\/wp\/v2\/posts\/94331\/revisions"}],"wp:featuredmedia":[{"embeddable":true,"href":"https:\/\/www.europesays.com\/es\/wp-json\/wp\/v2\/media\/94332"}],"wp:attachment":[{"href":"https:\/\/www.europesays.com\/es\/wp-json\/wp\/v2\/media?parent=94331"}],"wp:term":[{"taxonomy":"category","embeddable":true,"href":"https:\/\/www.europesays.com\/es\/wp-json\/wp\/v2\/categories?post=94331"},{"taxonomy":"post_tag","embeddable":true,"href":"https:\/\/www.europesays.com\/es\/wp-json\/wp\/v2\/tags?post=94331"}],"curies":[{"name":"wp","href":"https:\/\/api.w.org\/{rel}","templated":true}]}}