{"id":94351,"date":"2025-09-05T04:32:11","date_gmt":"2025-09-05T04:32:11","guid":{"rendered":"https:\/\/www.europesays.com\/es\/94351\/"},"modified":"2025-09-05T04:32:11","modified_gmt":"2025-09-05T04:32:11","slug":"todo-el-mundo-me-recomendo-fichar-por-el-cangas","status":"publish","type":"post","link":"https:\/\/www.europesays.com\/es\/94351\/","title":{"rendered":"\u00abTodo el mundo me recomend\u00f3 fichar por el Cangas\u00bb"},"content":{"rendered":"<p class=\"ft-text ft-helper-closenews\">Ilusionado, <strong>seguro de s\u00ed mismo y con ganas de afinar su puesta a punto<\/strong> de cara al debut liguero del pr\u00f3ximo d\u00eda 13 ante el Ademar Le\u00f3n. As\u00ed se mostr\u00f3 <a class=\"ft-link ft-link--decoration\" href=\"https:\/\/www.farodevigo.es\/deportes\/morrazo\/2025\/09\/03\/frigorificos-completa-porteria-fichaje-croata-121187835.html\" rel=\"nofollow noopener\" target=\"_blank\">Ivan Panjan en su presentaci\u00f3n como nuevo jugador del Frigor\u00edficos del Morrazo<\/a>, en un acto en el que reconoci\u00f3 que cuando recibi\u00f3 la oferta canguesa \u00abhabl\u00e9 con amigos que hab\u00edan jugado en la Asobal y todos me dijeron que viniese\u00bb. Es m\u00e1s, apunt\u00f3 como aspectos positivos \u00abel que sea <strong>un club familiar, con una ciudad que vive de una manera especial el balonmano, con un ambiente espectacular en O Gata\u00f1al,<\/strong> con la mejor afici\u00f3n de Espa\u00f1a\u00bb, por lo que reconoci\u00f3 que la decisi\u00f3n \u00abfue muy f\u00e1cil\u00bb.<\/p>\n<p class=\"ft-text\">Es m\u00e1s, Panjan hizo memoria al recordar los grandes porteros que han pasado por el Cangas, como<strong> \u00abCorrales, Losert, Kasper o Martini\u00bb <\/strong>y apunt\u00f3 la tradici\u00f3n del equipo morracense en la m\u00e1xima categor\u00eda del balonmano espa\u00f1ol, 26 a\u00f1os, 15 de ellos de forma consecutiva\u00bb.<\/p>\n<p><img decoding=\"async\" src=\"https:\/\/www.europesays.com\/es\/wp-content\/uploads\/2025\/09\/c08fe87f-6c58-4ed0-b7de-519514dae60c_alta-libre-aspect-ratio_default_0.jpg\" width=\"1200\" height=\"1800\" alt=\"Yago Gra\u00f1a y el jugador balc\u00e1nico con la camiseta del Frigor\u00edficos del Morrazo.\" class=\"ft-helper-img-rd\" loading=\"lazy\" hasdataaida=\"true\"\/><\/p>\n<p class=\"ft-helper-fontColor-quaternary ft-helper-fontSize-body-S ft-helper-spacer-t-xxs\">Yago Gra\u00f1a y el jugador balc\u00e1nico con la camiseta del Frigor\u00edficos del Morrazo.  \/ Gonzalo N\u00fa\u00f1ez<\/p>\n<p class=\"ft-text\">Para el croata ha sido un <strong>verano convulso por los problemas financieros del Nancy, <\/strong>que precipitaron su salida y ofrecieron al Cangas una excelente oportunidad de mercado para hacerse con un subcampe\u00f3n del mundo j\u00fanior en 2019. <strong>\u00abFue dif\u00edcil porque ten\u00edamos un buen proyecto,<\/strong> perdimos en el playoff por penaltis y este a\u00f1o el objetivo era llegar a semifinales o a la final. Luego no sab\u00edamos si saldr\u00edamos en Segunda, en Proligue o si el equipo iba a seguir existiendo\u00bb, reconoce.<\/p>\n<p class=\"ft-text\">A pesar de ello, ha podido seguir entrenando con normalidad con su anterior equipo, por lo que su estado f\u00edsico es bueno.<strong> \u00abNo estoy completamente al cien por cien pero s\u00ed cerca de ello\u00bb, dice<\/strong>, y asume que deber\u00e1 acortar los plazos de adaptaci\u00f3n ante el inminente comienzo de la competici\u00f3n liguera. \u00abHay que hacer r\u00e1pido la preparaci\u00f3n y <strong>espero conectar tambi\u00e9n r\u00e1pido con mis compa\u00f1eros\u00bb, subraya<\/strong>. Para ello, afirma que \u00abhar\u00e9 todo lo posible para integrarme\u00bb, y espera hablar largo y tendido con Quique Dom\u00ednguez para \u00abconocer el estilo de juego, la defensa, los objetivos y dem\u00e1s\u00bb.<\/p>\n<p class=\"ft-text\">Todav\u00eda no ha tenido tiempo de ver muchos partidos del Cangas, aunque s\u00ed vio parte del duelo ante el Granollers de la pasada temporada. \u00abFue espectacular, sobre todo el ambiente\u00bb, dijo. Ser\u00e1 su primera vez en Cangas, ya que en el Mundial Junior de 2019 solamente conoci\u00f3 Vigo y Pontevedra. El recuerdo que guarda de aquel momento fue muy positivo. \u00ab<strong>Todo fue excepcional, pero perdimos la final [ante Francia].<\/strong> La gente fue muy agradable, la mentalidad es amistosa, sin ning\u00fan tipo de problema\u00bb, apunta. Ahora tendr\u00e1 por delante adem\u00e1s su <strong>estreno en la Asobal, en lo que para \u00e9l \u00absupone un reto que me gusta. <\/strong>Espero encontrar aqu\u00ed mi sitio y que la pr\u00f3xima entrevista sea ya en espa\u00f1ol [habl\u00f3 en ingl\u00e9s]\u00bb.<\/p>\n<p data-close=\"closedContent\" class=\"subscribeHideForDisplay\">Suscr\u00edbete para seguir leyendo<\/p>\n","protected":false},"excerpt":{"rendered":"Ilusionado, seguro de s\u00ed mismo y con ganas de afinar su puesta a punto de cara al debut&hellip;\n","protected":false},"author":2,"featured_media":94352,"comment_status":"","ping_status":"","sticky":false,"template":"","format":"standard","meta":{"footnotes":""},"categories":[278],"tags":[1672,376,168,25,24,1673,375,33147,1675,1677,23,167],"class_list":{"0":"post-94351","1":"post","2":"type-post","3":"status-publish","4":"format-standard","5":"has-post-thumbnail","7":"category-balonmano","8":"tag-balonman-cangas","9":"tag-balonmano","10":"tag-deportes","11":"tag-es","12":"tag-espana","13":"tag-frigorificos-del-morrazo","14":"tag-handball","15":"tag-ivan-panjan","16":"tag-liga-asobal","17":"tag-mercado-de-fichajes-asobal","18":"tag-spain","19":"tag-sports"},"share_on_mastodon":{"url":"","error":""},"_links":{"self":[{"href":"https:\/\/www.europesays.com\/es\/wp-json\/wp\/v2\/posts\/94351","targetHints":{"allow":["GET"]}}],"collection":[{"href":"https:\/\/www.europesays.com\/es\/wp-json\/wp\/v2\/posts"}],"about":[{"href":"https:\/\/www.europesays.com\/es\/wp-json\/wp\/v2\/types\/post"}],"author":[{"embeddable":true,"href":"https:\/\/www.europesays.com\/es\/wp-json\/wp\/v2\/users\/2"}],"replies":[{"embeddable":true,"href":"https:\/\/www.europesays.com\/es\/wp-json\/wp\/v2\/comments?post=94351"}],"version-history":[{"count":0,"href":"https:\/\/www.europesays.com\/es\/wp-json\/wp\/v2\/posts\/94351\/revisions"}],"wp:featuredmedia":[{"embeddable":true,"href":"https:\/\/www.europesays.com\/es\/wp-json\/wp\/v2\/media\/94352"}],"wp:attachment":[{"href":"https:\/\/www.europesays.com\/es\/wp-json\/wp\/v2\/media?parent=94351"}],"wp:term":[{"taxonomy":"category","embeddable":true,"href":"https:\/\/www.europesays.com\/es\/wp-json\/wp\/v2\/categories?post=94351"},{"taxonomy":"post_tag","embeddable":true,"href":"https:\/\/www.europesays.com\/es\/wp-json\/wp\/v2\/tags?post=94351"}],"curies":[{"name":"wp","href":"https:\/\/api.w.org\/{rel}","templated":true}]}}