{"id":94361,"date":"2025-09-05T04:43:11","date_gmt":"2025-09-05T04:43:11","guid":{"rendered":"https:\/\/www.europesays.com\/es\/94361\/"},"modified":"2025-09-05T04:43:11","modified_gmt":"2025-09-05T04:43:11","slug":"hay-un-aroma-esencial-el-de-la-primera-pastilla-de-jabon","status":"publish","type":"post","link":"https:\/\/www.europesays.com\/es\/94361\/","title":{"rendered":"\u00abHay un aroma esencial, el de la primera pastilla de jab\u00f3n\u00bb"},"content":{"rendered":"<p>\t\t\t \t\t \t\t\t\t\t\t\tFrancesca Giannone, autora del superventas \u00abLa cartera\u00bb.  <strong class=\"pd-l\">ROBERTO PALOMO  <\/strong><\/p>\n<p>\t\t\t\t\t\tTras el \u00e9xito mundial de \u00abLa cartera\u00bb, vuelve con una obra que entrelaza sue\u00f1os rotos, memoria y la fuerza de las mujeres<br \/>\n\t\t\t\t\t\t\t\t\t\t\t\t<strong>05 sep 2025<\/strong> . Actualizado a las 05:00 h.\t\t\t\t\t\t<\/p>\n<p class=\"txt\">Sigue atrapando a miles de lectores con<strong> La cartera<\/strong>. Cuando su novela debut todav\u00eda triunfa en las librer\u00edas, <strong>Francesca Giannone<\/strong> regresa con una nueva historia ambientada en su <strong>Apulia<\/strong> natal. En <strong>La fragancia del ma\u00f1ana <\/strong>rescata la tradici\u00f3n jabonera del sur italiano en los a\u00f1os del bum econ\u00f3mico, y vuelve a reivindicar a las mujeres que quedaron fuera de los libros de historia.<\/p>\n<p class=\"txt\"><strong>\u00ad\u2014\u00bfSe inspira en una historia real? <\/strong><\/p>\n<p class=\"txt\">\u2014Detr\u00e1s hay un v\u00ednculo con la realidad. La inspiraci\u00f3n me lleg\u00f3 de forma inesperada, como con La cartera. Descubr\u00ed algo que no sab\u00eda de mi tierra al toparme con una f\u00e1brica abandonada. En Apulia existi\u00f3 una gran tradici\u00f3n jabonera. Algunos productores de aceite de oliva tuvieron la genial idea de utilizar los residuos de la elaboraci\u00f3n del aceite como materia grasa para fabricar jabones. As\u00ed, peque\u00f1as empresas familiares intentaron dar el gran salto en una \u00e9poca en la que Italia viv\u00eda el llamado bum econ\u00f3mico. Aunque el desarrollo industrial se centr\u00f3 en el norte, en el sur tambi\u00e9n se so\u00f1\u00f3 a lo grande. Pero estos peque\u00f1os empresarios del sur no lograron competir con las grandes industrias del norte y muchos, lamentablemente, fracasaron. Por tanto, esta novela es el relato de un sue\u00f1o interrumpido.<\/p>\n<p class=\"txt\"><strong>\u00ad\u2014\u00bfQu\u00e9 papel juega el olfato? <\/strong><\/p>\n<p class=\"txt\">\u2014Hay un aroma fundamental: el del talco, es decir, el de la primera pastilla de jab\u00f3n que elabor\u00f3 el fundador de la f\u00e1brica, el abuelo de Agnese y Lorenzo. Ese perfume representa no solo el lazo afectivo con el patriarca, tambi\u00e9n el peso de las expectativas que recaen sobre sus descendientes: desde el hijo, que vive esa f\u00e1brica como una condena, hasta los dos nietos. Para ellos, sacar adelante la empresa es una cuesti\u00f3n de vida.<\/p>\n<p class=\"txt\"><strong>\u00ad\u2014\u00bfDialoga alguno de los personajes con Anna, su famosa cartera? <\/strong><\/p>\n<p class=\"txt\">\u2014S\u00ed, hay uno (un personaje femenino)que, por un instante, se cruzar\u00e1 con Anna Allavena en un encuentro simb\u00f3lico tras el cual se producir\u00e1 una toma de conciencia sobre su destino. No puedo revelar m\u00e1s.<\/p>\n<p class=\"txt\"><strong>\u00ad\u2014Una vez m\u00e1s, encontramos a una mujer fuerte y decidida. \u00bfHubo m\u00e1s mujeres a contracorriente de las que pensamos? <\/strong><\/p>\n<p class=\"txt\">\u2014Estoy convencida. No solo es necesario, sino que es nuestro deber hacia las mujeres que nos han precedido. Hay much\u00edsimas que, sin aparecer en los libros de historia, contribuyeron a ella tanto como los hombres. Pongo un ejemplo: en Italia, el relato oficial cuenta que la Resistencia contra el fascismo fue una lucha protagonizada exclusivamente por hombres. No es cierto. Much\u00edsimas partisanas lucharon y marcaron la diferencia. Y, sin embargo, \u00bfpor qu\u00e9 en los libros solo aparecen ellos?<\/p>\n<p class=\"txt\"><strong>\u2014La ambientaci\u00f3n de la novela tiene un gran peso narrativo. \u00bfPor qu\u00e9 ese lugar? <\/strong><\/p>\n<p class=\"txt\">\u2014La novela transcurre en Salento, en un pueblo llamado Araglie, que, aunque imaginario, est\u00e1 inspirado en lugares reales. A diferencia de La cartera, que se desarrolla en un pueblito muy cerrado en s\u00ed mismo, Araglie es una ciudad costera, con un puerto comercial que se abre al exterior, al extranjero, a lo diferente. He elegido contar unos a\u00f1os cruciales para Italia, que van de 1958 a 1963. La generaci\u00f3n de la que hablo, la de Agnese y Lorenzo, act\u00faa como un puente entre la que combati\u00f3 en la guerra y la que protagonizar\u00e1 las grandes revoluciones de los sesenta, pero es tambi\u00e9n una generaci\u00f3n que empieza a impacientarse, que se agita porque intuye que el mundo est\u00e1 tomando un rumbo diferente al que han heredado.<\/p>\n<p class=\"txt\"><strong>\u2014\u00bfEl \u00e9xito editorial la ha condicionado? <\/strong><\/p>\n<p class=\"txt\">\u2014No, mi coraz\u00f3n y mi mirada siguen siendo los mismos. Espero que los lectores puedan reconocerse en la atm\u00f3sfera y los lugares que habitan en La fragancia y, sobre todo, en la mirada hacia los seres humanos. Sus contradicciones y fragilidades que, en el fondo, nos tocan a todos.<\/p>\n<p class=\"txt\"><strong>\u2014\u00bfAlg\u00fan lector la ha parado alguna vez para hablarle de su bisabuela Anna? <\/strong>\u2014Le cuento un episodio divertido que me ocurri\u00f3 hace unos d\u00edas. Estaba en una librer\u00eda eligiendo los libros que quer\u00eda llevarme de vacaciones, cuando una clienta se me acerc\u00f3 y me dijo: \u00abLe recomiendo La cartera. C\u00f3mprelo, de verdad. \u00a1F\u00edese de m\u00ed!\u00bb. Fue maravilloso que una lectora me recomendara mi propia novela.<\/p>\n<p class=\"txt\"><strong>\u2014\u00bfC\u00f3mo se siente al saber que logr\u00f3 cumplir el deseo de Anna: ser recordada? <\/strong><\/p>\n<p class=\"txt\">\u2014Ha sido una promesa cumplida.<\/p>\n<p class=\"txt\"><strong>\u2014\u00bfY al saber que es tan querida? <\/strong><\/p>\n<p class=\"txt\">\u2014Me conmueve profundamente. Especialmente, cuando los lectores me cuentan que, gracias a Anna, han encontrado el valor para perseguir sus sue\u00f1os. Para muchos, se ha convertido en una inspiraci\u00f3n, y eso es algo realmente sorprendente.<\/p>\n<p class=\"txt\"><strong>\u2014\u00bfQu\u00e9 voces de la narrativa italiana considera referentes literarios? <\/strong><\/p>\n<p class=\"txt\">\u2014Citar\u00e9 una por encima de todas: Elena Ferrante. Para m\u00ed, la saga de La amiga estupenda es una obra maestra, uno de mis libros del alma. Lila y Len\u00f9 son personajes memorables, destinados a permanecer en la historia de la literatura.<\/p>\n<p class=\"txt\"><strong>\u2014\u00bfUtiliza el correo tradicional, el postal? <\/strong><\/p>\n<p class=\"txt\">\u2014Ay, por desgracia, solo el electr\u00f3nico. \u00a1Pero no se lo digas a Anna, me re\u00f1ir\u00eda!<\/p>\n<p>&#13;<br \/>\n\tArchivado en:&#13;<br \/>\n\t\t\t\t\t<a href=\"https:\/\/www.lavozdegalicia.es\/temas\/novela\/\" target=\"_blank\" class=\"mg-l\" rel=\"nofollow noopener\">Novela<\/a>&#13;<br \/>\n\t\t\t\t\t<a href=\"https:\/\/www.lavozdegalicia.es\/temas\/libros\/\" target=\"_blank\" class=\"mg-l\" rel=\"nofollow noopener\">Libros<\/a>&#13;<br \/>\n\t&#13;<\/p>\n","protected":false},"excerpt":{"rendered":"Francesca Giannone, autora del superventas \u00abLa cartera\u00bb. ROBERTO PALOMO Tras el \u00e9xito mundial de \u00abLa cartera\u00bb, vuelve con&hellip;\n","protected":false},"author":2,"featured_media":94362,"comment_status":"","ping_status":"","sticky":false,"template":"","format":"standard","meta":{"footnotes":""},"categories":[172],"tags":[224,146,147,25,24,225,1645,23],"class_list":{"0":"post-94361","1":"post","2":"type-post","3":"status-publish","4":"format-standard","5":"has-post-thumbnail","7":"category-libros","8":"tag-books","9":"tag-entertainment","10":"tag-entretenimiento","11":"tag-es","12":"tag-espana","13":"tag-libros","14":"tag-novela","15":"tag-spain"},"share_on_mastodon":{"url":"","error":""},"_links":{"self":[{"href":"https:\/\/www.europesays.com\/es\/wp-json\/wp\/v2\/posts\/94361","targetHints":{"allow":["GET"]}}],"collection":[{"href":"https:\/\/www.europesays.com\/es\/wp-json\/wp\/v2\/posts"}],"about":[{"href":"https:\/\/www.europesays.com\/es\/wp-json\/wp\/v2\/types\/post"}],"author":[{"embeddable":true,"href":"https:\/\/www.europesays.com\/es\/wp-json\/wp\/v2\/users\/2"}],"replies":[{"embeddable":true,"href":"https:\/\/www.europesays.com\/es\/wp-json\/wp\/v2\/comments?post=94361"}],"version-history":[{"count":0,"href":"https:\/\/www.europesays.com\/es\/wp-json\/wp\/v2\/posts\/94361\/revisions"}],"wp:featuredmedia":[{"embeddable":true,"href":"https:\/\/www.europesays.com\/es\/wp-json\/wp\/v2\/media\/94362"}],"wp:attachment":[{"href":"https:\/\/www.europesays.com\/es\/wp-json\/wp\/v2\/media?parent=94361"}],"wp:term":[{"taxonomy":"category","embeddable":true,"href":"https:\/\/www.europesays.com\/es\/wp-json\/wp\/v2\/categories?post=94361"},{"taxonomy":"post_tag","embeddable":true,"href":"https:\/\/www.europesays.com\/es\/wp-json\/wp\/v2\/tags?post=94361"}],"curies":[{"name":"wp","href":"https:\/\/api.w.org\/{rel}","templated":true}]}}