{"id":94365,"date":"2025-09-05T04:46:20","date_gmt":"2025-09-05T04:46:20","guid":{"rendered":"https:\/\/www.europesays.com\/es\/94365\/"},"modified":"2025-09-05T04:46:20","modified_gmt":"2025-09-05T04:46:20","slug":"las-nuevas-imagenes-del-rodaje-de-clayface-confirman-que-lo-nuevo-de-dc-abrazara-el-body-horror","status":"publish","type":"post","link":"https:\/\/www.europesays.com\/es\/94365\/","title":{"rendered":"Las nuevas im\u00e1genes del rodaje de &#8216;Clayface&#8217; confirman que lo nuevo de DC abrazar\u00e1 el body horror"},"content":{"rendered":"<p>El nuevo <a href=\"https:\/\/www.ecartelera.com\/sagas\/universo-extendido-dc\/\" rel=\"nofollow noopener\" target=\"_blank\">Universo DC<\/a> ha comenzado con muy buen pie. El \u00e9xito en cines de &#8216;<a href=\"https:\/\/www.ecartelera.com\/peliculas\/superman-legacy\/\" rel=\"nofollow noopener\" target=\"_blank\">Superman<\/a>&#8216;, convertida en la pel\u00edcula de superh\u00e9roes m\u00e1s taquillera del a\u00f1o, ha dado paso a la segunda temporada de &#8216;<a href=\"https:\/\/www.ecartelera.com\/series\/el-pacificador\/\" rel=\"nofollow noopener\" target=\"_blank\">El Pacificador<\/a>&#8216;, que ya ha superado en audiencia a la primera. Todo va viento en popa para la nueva era de la saga, capitaneada por <a href=\"https:\/\/www.ecartelera.com\/personas\/james-gunn\/\" rel=\"nofollow noopener\" target=\"_blank\">James Gunn<\/a> y <a href=\"https:\/\/www.ecartelera.com\/personas\/peter-safran\/\" rel=\"nofollow noopener\" target=\"_blank\">Peter Safran<\/a>, pero <b>ahora viene la prueba de fuego<\/b>.<\/p>\n<p>Entre los muchos proyectos que Gunn tiene en marcha a la vez se encuentran &#8216;<a href=\"https:\/\/www.ecartelera.com\/peliculas\/supergirl-la-mujer-del-manana\/\" rel=\"nofollow noopener\" target=\"_blank\">Supergirl: Woman of Tomorrow<\/a>, &#8216;<a href=\"https:\/\/www.ecartelera.com\/peliculas\/the-batman-2\/\" rel=\"nofollow noopener\" target=\"_blank\">The Batman: Part II<\/a>&#8216; (aunque esta se desarrolla en un universo independiente) o la serie &#8216;Lanterns&#8217;. En mayor o menor medida, todos ellos cuentan con la ventaja de estar protagonizadas por h\u00e9roes muy conocidos de la editorial, pero hay una pel\u00edcula con la que <b>Gunn se lo juega todo al barro al centrarse en un personaje mucho m\u00e1s marginal: &#8216;<a href=\"https:\/\/www.ecartelera.com\/peliculas\/clayface\/\" rel=\"nofollow noopener\" target=\"_blank\">Clayface<\/a>&#8216;<\/b>.<\/p>\n<p>Tr\u00e1iler espa\u00f1ol &#8216;El Pacificador&#8217; T2 #2<\/p>\n<p><video id=\"vid-35572\" class=\"video-js vjs-default-skin\" data-title=\"Tr\u00e1iler espa\u00f1ol 'El Pacificador' T2 #2\" poster=\"https:\/\/www.ecartelera.com\/images\/videos\/35500\/f35572.jpg\" controls=\"\" preload=\"auto\" width=\"640\" height=\"360\" playsinline=\"\" data-vtt=\"\/\/v1.ecartelera.com\/video\/35500\/35572_sprite.vtt\" data-stream=\"1\">El navegador no soporta el tag de v\u00eddeo.<\/video><\/p>\n<p>X<\/p>\n<p>Clayface, conocido tambi\u00e9n como Cara de Barro en Espa\u00f1a, es un supervillano de DC Comics que aparece principalmente en las historias de Batman. Este antagonista, que ha adoptado varias identidades a lo largo de su historia, es <b>un hombre capaz de adoptar cualquier forma convirtiendo su cuerpo en arcilla<\/b>. <\/p>\n<p>Los fans de la vertiente animada de DC est\u00e1n especialmente familiarizados con el villano, ya que apareci\u00f3 en la m\u00edtica serie de animaci\u00f3n de Batman de los 90 y m\u00e1s recientemente en &#8216;Batman: El cruzado enmascarado&#8217;, producida por <a href=\"https:\/\/www.ecartelera.com\/personas\/matt-reeves\/\" rel=\"nofollow noopener\" target=\"_blank\">Matt Reeves<\/a>. En su versi\u00f3n en acci\u00f3n real, Clayface abrazar\u00e1 la naturaleza macabra del personaje <b>para enfocar la pel\u00edcula desde el terror y con calificaci\u00f3n Rated-R, es decir, para adultos<\/b>.<\/p>\n<p>\t\t\t\t\t\t\t<img decoding=\"async\" loading=\"lazy\" src=\"https:\/\/www.europesays.com\/es\/wp-content\/uploads\/2025\/09\/239549_clayface-james-gunn-encuentra-a-su-cara-de-barr.jpg\" alt=\"Tom Rhys Harries en 'Britannia'\" width=\"1200\" height=\"750\"\/>\t<\/p>\n<p>\t\t\t\t\t\tTom Rhys Harries en &#8216;Britannia&#8217; (Prime Video)<\/p>\n<p>Tras la filtraci\u00f3n de las primeras im\u00e1genes del rodaje, que develaban una <a href=\"https:\/\/www.ecartelera.com\/noticias\/imagenes-filtradas-set-rodaje-clayface-dcu-joker-81710\/\" rel=\"nofollow noopener\" target=\"_blank\">conexi\u00f3n con el Joker<\/a>, nos llegan nuevas fotos del set, donde podemos comprobar que, efectivamente, la pel\u00edcula <b>no se cortar\u00e1 a la hora de mostrar la violencia y abrazar el body horror (terror corporal)<\/b>, como ya ha adelantado Gunn en varias ocasiones.<\/p>\n<blockquote class=\"twitter-tweet\">\n<p lang=\"en\" dir=\"ltr\">The transition is crazy, he&#8217;s deteriorating ? <a href=\"https:\/\/twitter.com\/hashtag\/Clayface?src=hash&amp;ref_src=twsrc%5Etfw\" rel=\"nofollow noopener\" target=\"_blank\">#Clayface<\/a> <a href=\"https:\/\/t.co\/4evzF2qy0w\" rel=\"nofollow\">pic.twitter.com\/4evzF2qy0w<\/a><\/p>\n<p>\u2014 DCU PRIME TV (@DCUPRIMETV) <a href=\"https:\/\/twitter.com\/DCUPRIMETV\/status\/1963214822281228380?ref_src=twsrc%5Etfw\" rel=\"nofollow noopener\" target=\"_blank\">September 3, 2025<\/a><\/p><\/blockquote>\n<blockquote><p>\u00abLa transici\u00f3n es una locura, se est\u00e1 deteriorando\u00bb.<\/p><\/blockquote>\n<p>En las instant\u00e1neas compartidas en redes vemos al protagonista, <a href=\"https:\/\/www.ecartelera.com\/personas\/tom-rhys-harries\/\" rel=\"nofollow noopener\" target=\"_blank\">Tom Rhys Harries<\/a> como Matt Hagen (el segundo Clayface de los tebeos) en diferentes etapas de su grotesca transformaci\u00f3n en Cara de Barro. <b>Sangre, magulladuras y deformaciones que Matt cubre parcialmente con una m\u00e1scara al m\u00e1s puro estilo del Fantasma de la \u00d3pera<\/b> (o &#8216;<a href=\"https:\/\/www.ecartelera.com\/peliculas\/la-piel-que-habito\/\" rel=\"nofollow noopener\" target=\"_blank\">La piel que habito<\/a>&#8216;, por poner un referente m\u00e1s cercano).<\/p>\n<p>Este es uno de los elementos que hacen de &#8216;Clayface&#8217; una apuesta arriesgada para Gunn y su DC Studios, ya que adem\u00e1s de poner el foco en un personaje secundario de las vi\u00f1etas, lo hace con un actor desconocido y con <b>una aproximaci\u00f3n que se sale de lo habitual en el cine de superh\u00e9roes mainstream<\/b>. \u00bfLe saldr\u00e1 bien?<\/p>\n<p>\t\t\t\t\t\t\t<img decoding=\"async\" loading=\"lazy\" src=\"https:\/\/www.europesays.com\/es\/wp-content\/uploads\/2025\/09\/238821_clayface-pelicula-del-villano-de-dc-tiene-cuat.jpg\" alt=\"Cara de Barro en las vi\u00f1etas del c\u00f3mic\" width=\"1200\" height=\"600\"\/>\t<\/p>\n<p>\t\t\t\t\t\tCara de Barro en las vi\u00f1etas del c\u00f3mic (DC Comics)<br \/>\n\t\t\t\t\t\tEl equipo<\/p>\n<p><b><a href=\"https:\/\/www.ecartelera.com\/personas\/mike-flanagan\/\" rel=\"nofollow noopener\" target=\"_blank\">Mike Flanagan<\/a> (&#8216;<a href=\"https:\/\/www.ecartelera.com\/series\/the-haunting-of-hill-house\/\" rel=\"nofollow noopener\" target=\"_blank\">La maldici\u00f3n de Hill House<\/a>&#8216;) ha sido el encargado de escribir el guion de &#8216;Clayface&#8217;<\/b>, con el coguionista de &#8216;<a href=\"https:\/\/www.ecartelera.com\/peliculas\/drive\/\" rel=\"nofollow noopener\" target=\"_blank\">Drive<\/a>&#8216; <a href=\"https:\/\/www.ecartelera.com\/personas\/hossein-amini\/\" rel=\"nofollow noopener\" target=\"_blank\">Hossein Amini<\/a> a cargo de borradores adicionales. <a href=\"https:\/\/www.ecartelera.com\/personas\/matt-reeves\/\" rel=\"nofollow noopener\" target=\"_blank\">Matt Reeves<\/a> (&#8216;<a href=\"https:\/\/www.ecartelera.com\/peliculas\/the-batman\/\" rel=\"nofollow noopener\" target=\"_blank\">The Batman<\/a>&#8216;) y <a href=\"https:\/\/www.ecartelera.com\/personas\/lynn-harris\/\" rel=\"nofollow noopener\" target=\"_blank\">Lynn Harris<\/a> (&#8216;<a href=\"https:\/\/www.ecartelera.com\/peliculas\/hocus-pocus-2\/\" rel=\"nofollow noopener\" target=\"_blank\">El retorno de las brujas 2<\/a>&#8216;) participan como productores, junto a Gunn y <a href=\"https:\/\/www.ecartelera.com\/personas\/peter-safran\/\" rel=\"nofollow noopener\" target=\"_blank\">Peter Safran<\/a>, entre otros. <\/p>\n<p>M\u00e1s all\u00e1 de Tom Rhys Harries, han trascendido pocos nombres del reparto del film, que cuenta con <a href=\"https:\/\/www.ecartelera.com\/personas\/naomi-ackie\/\" rel=\"nofollow noopener\" target=\"_blank\">Naomi Ackie<\/a> como una cient\u00edfica llamada Caitlin Bates, <a href=\"https:\/\/www.ecartelera.com\/personas\/eddie-marsan\/\" rel=\"nofollow noopener\" target=\"_blank\">Eddie Marsan<\/a> y <a href=\"https:\/\/www.ecartelera.com\/personas\/max-minghella\/\" rel=\"nofollow noopener\" target=\"_blank\">Max Minghella<\/a>. El rodaje acaba de comenzar en Inglaterra, con estreno en cines fijado para el <b>11 de septiembre de 2026<\/b>.<\/p>\n<p><script async src=\"https:\/\/platform.twitter.com\/widgets.js\" charset=\"utf-8\"><\/script><\/p>\n","protected":false},"excerpt":{"rendered":"El nuevo Universo DC ha comenzado con muy buen pie. El \u00e9xito en cines de &#8216;Superman&#8216;, convertida en&hellip;\n","protected":false},"author":2,"featured_media":94366,"comment_status":"","ping_status":"","sticky":false,"template":"","format":"standard","meta":{"footnotes":""},"categories":[169],"tags":[1014,1015,1013,177,1011,146,147,25,24,782,176,1019,1016,175,753,1012,23,1017,1018],"class_list":{"0":"post-94365","1":"post","2":"type-post","3":"status-publish","4":"format-standard","5":"has-post-thumbnail","7":"category-cine","8":"tag-actores","9":"tag-actrices","10":"tag-cartelera","11":"tag-cine","12":"tag-ecartelera","13":"tag-entertainment","14":"tag-entretenimiento","15":"tag-es","16":"tag-espana","17":"tag-estrellas","18":"tag-film","19":"tag-fotogramas","20":"tag-fotos","21":"tag-movies","22":"tag-peliculas","23":"tag-pelis","24":"tag-spain","25":"tag-trailers","26":"tag-videos"},"share_on_mastodon":{"url":"","error":""},"_links":{"self":[{"href":"https:\/\/www.europesays.com\/es\/wp-json\/wp\/v2\/posts\/94365","targetHints":{"allow":["GET"]}}],"collection":[{"href":"https:\/\/www.europesays.com\/es\/wp-json\/wp\/v2\/posts"}],"about":[{"href":"https:\/\/www.europesays.com\/es\/wp-json\/wp\/v2\/types\/post"}],"author":[{"embeddable":true,"href":"https:\/\/www.europesays.com\/es\/wp-json\/wp\/v2\/users\/2"}],"replies":[{"embeddable":true,"href":"https:\/\/www.europesays.com\/es\/wp-json\/wp\/v2\/comments?post=94365"}],"version-history":[{"count":0,"href":"https:\/\/www.europesays.com\/es\/wp-json\/wp\/v2\/posts\/94365\/revisions"}],"wp:featuredmedia":[{"embeddable":true,"href":"https:\/\/www.europesays.com\/es\/wp-json\/wp\/v2\/media\/94366"}],"wp:attachment":[{"href":"https:\/\/www.europesays.com\/es\/wp-json\/wp\/v2\/media?parent=94365"}],"wp:term":[{"taxonomy":"category","embeddable":true,"href":"https:\/\/www.europesays.com\/es\/wp-json\/wp\/v2\/categories?post=94365"},{"taxonomy":"post_tag","embeddable":true,"href":"https:\/\/www.europesays.com\/es\/wp-json\/wp\/v2\/tags?post=94365"}],"curies":[{"name":"wp","href":"https:\/\/api.w.org\/{rel}","templated":true}]}}