{"id":9445,"date":"2025-07-28T13:42:09","date_gmt":"2025-07-28T13:42:09","guid":{"rendered":"https:\/\/www.europesays.com\/es\/9445\/"},"modified":"2025-07-28T13:42:09","modified_gmt":"2025-07-28T13:42:09","slug":"bale-estoy-seguro-al-100-de-que-no-podria-ser-golfista-profesional","status":"publish","type":"post","link":"https:\/\/www.europesays.com\/es\/9445\/","title":{"rendered":"Bale: \u201cEstoy seguro al 100% de que no podr\u00eda ser golfista profesional\u201d"},"content":{"rendered":"<p class=\"\">El exfutbolista del Real Madrid y de la selecci\u00f3n de Gales, <b>Gareth Bale<\/b>, es conocido por su afici\u00f3n al golf y <b>ha reducido su h\u00e1ndicap de \u201ctres o cuatro\u201d a s\u00f3lo 0,1 desde que se retir\u00f3 del f\u00fatbol en enero de 2023<\/b>, si bien cree que no podr\u00eda ser golfista profesional. <\/p>\n<p class=\"\"><b>Pese a que Bale ha jugado en el PGA Tour en el AT&amp;T Pebble Beach Pro-am<\/b>, donde se hicieron virales unas im\u00e1genes suyas con un gran golpe, y a los rumores sobre que podr\u00eda intentar convertirse en golfista profesional, con apenas 36 a\u00f1os, lo ha negado. <b>\u201cEstoy completamente seguro, al 100%, de que no puedo llegar a ser profesional\u201d<\/b>, declar\u00f3 Bale a la BBC de Gales antes del AIG Women\u2019s Open que se celebra esta semana en Royal Porthcawl. <\/p>\n<p>Noticias relacionadas<a href=\"https:\/\/as.com\/futbol\/internacional\/gareth-bale-al-rescate-de-su-cardiff-city-n\/\" class=\"s_m_w\" title=\"El gal\u00e9s va en serio con la compra del Cardiff City, por el que ha ofrecido 45 millones de euros junto a un grupo de inversores estadounidenses.\" data-tb-link=\"\" rel=\"nofollow noopener\" target=\"_blank\"><img decoding=\"async\" src=\"https:\/\/www.europesays.com\/es\/wp-content\/uploads\/2025\/07\/4HKPJ3EET6DIRVDHAZUC2ZG554.jpg\" alt=\"Gareth Bale, al rescate de su Cardiff City\" class=\"\" height=\"9\" width=\"16\"   loading=\"lazy\" data-tb-thumbnail=\"\"\/><\/a><a href=\"https:\/\/as.com\/futbol\/primera\/la-jubilacion-dorada-de-bale-n\/\" class=\"s_m_w\" title=\"Dos a\u00f1os despu\u00e9s de colgar las botas, el gal\u00e9s contin\u00faa disfrutando de su vida lejos de los terrenos de juego. Adem\u00e1s, se ha estrenado como comentarista.\" data-tb-link=\"\" rel=\"nofollow noopener\" target=\"_blank\"><img decoding=\"async\" src=\"https:\/\/www.europesays.com\/es\/wp-content\/uploads\/2025\/07\/R5YWN2VYHFHKBAOYZ4EPS7YA6E.jpeg\" alt=\"La jubilaci\u00f3n dorada de Bale\" class=\"\" height=\"9\" width=\"16\"   loading=\"lazy\" data-tb-thumbnail=\"\"\/><\/a><\/p>\n<p class=\"\">\u201cCuando est\u00e1s en el golf y ves jugar a los golfistas profesionales, comparado incluso con tus mejores cosas, no est\u00e1s ni cerca. <b>Cuando he jugado con estas jugadoras y las he visto, te das cuenta de lo buenas que son\u201d<\/b>, manifest\u00f3. \u201cNo importa jugar con tus amigos, ellos lo hacen bajo la presi\u00f3n m\u00e1s severa, en condiciones de torneo, con un tiempo duro. As\u00ed que <b>no habr\u00e1 golf profesional para m\u00ed. Pero me encanta el juego. Me encanta verlo, me encanta cultivarlo\u201d<\/b>, se\u00f1al\u00f3 el gal\u00e9s.<\/p>\n<p class=\"\"><b>\u00a1Tus opiniones importan!<\/b> Comenta en los art\u00edculos y suscr\u00edbete gratis a nuestra <a href=\"https:\/\/asfan.as.com\/newsletters\/\" target=\"_blank\" rel=\"nofollow noopener\" title=\"https:\/\/asfan.as.com\/newsletters\/\">newsletter<\/a> y a las alertas informativas en la <a href=\"https:\/\/as.com\/aplicacion-de-as-n\/\" target=\"_blank\" rel=\"nofollow noopener\" title=\"https:\/\/as.com\/aplicacion-de-as-n\/\">App<\/a> o el canal de <a href=\"https:\/\/www.whatsapp.com\/channel\/0029VaAasdA7j6g745nz9M10\" target=\"_blank\" rel=\"nofollow noopener\" title=\"https:\/\/www.whatsapp.com\/channel\/0029VaAasdA7j6g745nz9M10\">WhatsApp<\/a>. \u00bfBuscas licenciar contenido? Haz clic <a href=\"https:\/\/profesional.elpais.com\/soluciones-sindicacion?utm_medium=interno&amp;utm_source=crosslinking&amp;utm_campaign=sindicacion_as_pie_articulos\" target=\"_blank\" rel=\"nofollow noopener\" title=\"https:\/\/profesional.elpais.com\/soluciones-sindicacion?utm_medium=interno&amp;utm_source=crosslinking&amp;utm_campaign=sindicacion_as_pie_articulos\">aqu\u00ed<\/a><\/p>\n","protected":false},"excerpt":{"rendered":"El exfutbolista del Real Madrid y de la selecci\u00f3n de Gales, Gareth Bale, es conocido por su afici\u00f3n&hellip;\n","protected":false},"author":2,"featured_media":9446,"comment_status":"","ping_status":"","sticky":false,"template":"","format":"standard","meta":{"footnotes":""},"categories":[275],"tags":[168,25,24,329,23,167],"class_list":{"0":"post-9445","1":"post","2":"type-post","3":"status-publish","4":"format-standard","5":"has-post-thumbnail","7":"category-golf","8":"tag-deportes","9":"tag-es","10":"tag-espana","11":"tag-golf","12":"tag-spain","13":"tag-sports"},"share_on_mastodon":{"url":"","error":""},"_links":{"self":[{"href":"https:\/\/www.europesays.com\/es\/wp-json\/wp\/v2\/posts\/9445","targetHints":{"allow":["GET"]}}],"collection":[{"href":"https:\/\/www.europesays.com\/es\/wp-json\/wp\/v2\/posts"}],"about":[{"href":"https:\/\/www.europesays.com\/es\/wp-json\/wp\/v2\/types\/post"}],"author":[{"embeddable":true,"href":"https:\/\/www.europesays.com\/es\/wp-json\/wp\/v2\/users\/2"}],"replies":[{"embeddable":true,"href":"https:\/\/www.europesays.com\/es\/wp-json\/wp\/v2\/comments?post=9445"}],"version-history":[{"count":0,"href":"https:\/\/www.europesays.com\/es\/wp-json\/wp\/v2\/posts\/9445\/revisions"}],"wp:featuredmedia":[{"embeddable":true,"href":"https:\/\/www.europesays.com\/es\/wp-json\/wp\/v2\/media\/9446"}],"wp:attachment":[{"href":"https:\/\/www.europesays.com\/es\/wp-json\/wp\/v2\/media?parent=9445"}],"wp:term":[{"taxonomy":"category","embeddable":true,"href":"https:\/\/www.europesays.com\/es\/wp-json\/wp\/v2\/categories?post=9445"},{"taxonomy":"post_tag","embeddable":true,"href":"https:\/\/www.europesays.com\/es\/wp-json\/wp\/v2\/tags?post=9445"}],"curies":[{"name":"wp","href":"https:\/\/api.w.org\/{rel}","templated":true}]}}