{"id":94481,"date":"2025-09-05T05:58:08","date_gmt":"2025-09-05T05:58:08","guid":{"rendered":"https:\/\/www.europesays.com\/es\/94481\/"},"modified":"2025-09-05T05:58:08","modified_gmt":"2025-09-05T05:58:08","slug":"penelope-cruz-muestra-con-una-foto-lo-orgullosa-que-esta-de-su-hijo-leo-de-14-anos","status":"publish","type":"post","link":"https:\/\/www.europesays.com\/es\/94481\/","title":{"rendered":"Pen\u00e9lope Cruz muestra con una foto lo orgullosa que est\u00e1 de su hijo Leo de 14 a\u00f1os"},"content":{"rendered":"<p id=\"e5KssqEVRg\" data-wc=\"101\">Pocas veces hemos visto a<strong>\u00a0Pen\u00e9lope Cruz<\/strong> hablar de su hijo tan abiertamente. La ganadora del Oscar por Vicky Cristina Barcelona siempre ha sido especialmente discreta con su vida personal y, en particular, con <a class=\"hm-link\" href=\"https:\/\/www.hola.com\/actualidad\/20240206248799\/penelope-cruz-hijos-javier-bardem\/\" data-mrf-recirculation=\"article-body-link\" rel=\"nofollow noopener\" target=\"_blank\">la intimidad de sus hijos<\/a>. Sin embargo, de un tiempo a esta parte algo parecer haber cambiado. La esposa de Javier Bardem ha publicado <strong>una imagen desde Nueva York,<\/strong> en uno de los hoteles que se ha alojado con ella familia, y en ella ha hecho una revelaci\u00f3n especial y un tanto inesperada. En ella dice as\u00ed: \u00abGracias Baccara Hotel. Amo Nueva York, foto tomada por Leo\u00bb.\u00a0<\/p>\n<p> <img src=\"https:\/\/www.europesays.com\/es\/wp-content\/uploads\/2025\/09\/117e38355c45-penelope-cruz-ig2.jpg\"   width=\"651\" height=\"1024\" loading=\"lazy\" decoding=\"async\" alt=\"Pen\u00e9lope Cruz comparte una foto hecha por su hijo Leo\" fetchpriority=\"auto\" class=\"image ho-image\"\/>\u00a9 penelopecruzoficialPen\u00e9lope Cruz presume de la foto que ha hecho su hijo en Nueva York<\/p>\n<p id=\"eVeuwahBRfZ\" data-wc=\"172\">A trav\u00e9s de esta imagen no solo ha querido agradecer su estancia en este elegante hotel de la Gran Manzana, adornada con un bouquet de rosas rojas, sino tambi\u00e9n<strong>\u00a0c<\/strong><strong>ompartir con cari\u00f1o que la foto la ha hecho su hijo Leo,<\/strong> acompa\u00f1ando la imagen con varios corazones. De esta forma, destac\u00f3 que durante su paso por Nueva York no ha podido tener un mejor fot\u00f3grafo que su propio hijo de 14 a\u00f1os. La actriz es<strong>\u00a0madre tambi\u00e9n de una ni\u00f1a Luna<\/strong>, que el pasado 22 de julio cumpli\u00f3 12 a\u00f1os. La actriz ha viajado a uno de sus destinos favoritos del mundo. \u00a0El a\u00f1o pasado<strong>\u00a0cumpli\u00f3 50 a\u00f1os y decidi\u00f3 que el mejor sitio ser\u00eda celebrarlo en un \u00e1tico en Nueva York<\/strong>. Organiz\u00f3 una fiesta de lo m\u00e1s especial en \u00a0el Barclay&#8217;s Center de Brooklyn, a la que estaban invitados<strong>\u00a0Ricky Martin, Rosal\u00eda, Irina Shayk, Salma Hayek<\/strong>, y acudi\u00f3 al concierto de Bad Bunny, donde <a class=\"hm-link\" href=\"https:\/\/www.hola.com\/actualidad\/20240428253172\/penelope-cruz-javier-barmen-cumpleanos-concierto-bad-bunny-nsv\/\" data-mrf-recirculation=\"article-body-link\" rel=\"nofollow noopener\" target=\"_blank\">lo dio todo bailando con su marido Javier Bardem,<\/a> en unas im\u00e1genes que r\u00e1pidamente se hicieron virales.<\/p>\n<p> <img src=\"https:\/\/www.europesays.com\/es\/wp-content\/uploads\/2025\/09\/c9089848c1ba-penelope-ig3.jpg\"   width=\"1024\" height=\"998\" loading=\"lazy\" decoding=\"async\" alt=\"Pen\u00e9lope Cruz celebr\u00f3 su 50 cumplea\u00f1os en un \u00e1tico de Nueva York con invitados como Ricky Martin\" fetchpriority=\"auto\" class=\"image ho-image\"\/>\u00a9 rickymartinPen\u00e9lope Cruz celebr\u00f3 su 50 cumplea\u00f1os en un \u00e1tico de Nueva York con invitados como Ricky Martin<\/p>\n<p id=\"eGq8-eBFbJh\" data-wc=\"96\">Esta vez ha acudido muy bien acompa\u00f1ada de su hijo Leo a la Gran Manzana. Desde el a\u00f1o pasado, sus hijos han comenzado a acompa\u00f1arla a distintos actos y entrevistas, como ocurri\u00f3 el d\u00eda que fue invitada a El Hormiguero, el programa de Pablo Motos. \u201cHan venido hoy a acompa\u00f1arme y estoy mucho m\u00e1s nerviosa que cuando vengo sola\u201d, confes\u00f3 entonces, aunque en ning\u00fan momento las c\u00e1maras enfocaron a los menores. <strong data-gid=\"ejkcRmPYpr\">Leo tambi\u00e9n la acompa\u00f1o al estreno de su pel\u00edcula Ferrari\u00a0<\/strong>en Londres y tanto \u00e9l como Luna acudieron <a class=\"hm-link\" href=\"https:\/\/www.hola.com\/actualidad\/20250407824754\/penelope-cruz-javier-bardem-y-sus-2-hijos-concierto-de-lenny-kravitz-madrid\/\" data-mrf-recirculation=\"article-body-link\" rel=\"nofollow noopener\" target=\"_blank\">al concierto de Lenny Kravitz en Madrid.<\/a><\/p>\n<p> <img src=\"https:\/\/www.europesays.com\/es\/wp-content\/uploads\/2025\/09\/5ec44342f7d9-whatsapp-image-2025-04-07-at-101911-2.jpg\"   width=\"768\" height=\"1024\" loading=\"lazy\" decoding=\"async\" alt=\"Javier Bardem abraza a Lenny Kravitz en el concierto que acaba de ofrecer en Madrid\" fetchpriority=\"auto\" class=\"image ho-image\"\/>\u00a9 \u00a1HOLA!Javier Bardem abraza a Lenny Kravitz en el concierto que acaba de ofrecer en Madrid<\/p>\n<p id=\"ezAN_pnuC3J\" data-wc=\"110\">Pen\u00e9lope ha revelado c\u00f3mo trata de<a class=\"hm-link\" href=\"https:\/\/www.hola.com\/actualidad\/20211221201667\/penelope-cruz-javier-bardem-hijos\/\" data-mrf-recirculation=\"article-body-link\" rel=\"nofollow noopener\" target=\"_blank\">\u00a0proteger a sus hijos, especialmente respecto al uso de la tecnolog\u00eda\u00a0<\/a>y las redes sociales. La estrella, de 51 a\u00f1os, expres\u00f3 su preocupaci\u00f3n por la influencia negativa de las redes en los ni\u00f1os y adolescentes. Ella y Javier Bardem decidieron que sus hijos, Leo y Luna, no tuvieran acceso a redes sociales ni tel\u00e9fono m\u00f3vil hasta los 16 a\u00f1os, de ah\u00ed que el peque\u00f1o Leo pueda haberse distra\u00eddo haciendo fotos con el m\u00f3vil de su madre. \u00a0Su intenci\u00f3n no es otra que proteger su salud mental y su desarrollo cerebral. Cruz mencion\u00f3 que siente parte de una minor\u00eda que defiende este tipo de l\u00edmites.\u00a0<\/p>\n<p> <img src=\"https:\/\/www.europesays.com\/es\/wp-content\/uploads\/2025\/09\/f23a8e2f8688-dlu507133028.jpg\"   width=\"1024\" height=\"718\" loading=\"lazy\" decoding=\"async\" alt=\"Los actores Javier Bardem y Pen\u00e9lope Cruz. 7 de marzo de 2022 en Los \u00c1ngeles\" fetchpriority=\"auto\" class=\"image ho-image\"\/>\u00a9 GTRESPadres de Leo y Luna, de 14 y 12 a\u00f1os, siempre han tratado mantenerlos alejados de los focos<\/p>\n<p id=\"e01_FItEW-\" data-wc=\"157\">En cuanto a Javier Bardem, el int\u00e9rprete tambi\u00e9n ha mostrado su compromiso con la crianza de sus hijos protegi\u00e9ndolos de la exposici\u00f3n p\u00fablica. El actor de\u00a0F1 declar\u00f3 un amor incondicional por Leo y Luna y afirm\u00f3 en la revista Esquire\u00a0que intenta ser <a class=\"hm-link\" href=\"https:\/\/www.hola.com\/actualidad\/2017042193645\/javier-bardem-familia\/\" data-mrf-recirculation=\"article-body-link\" rel=\"nofollow noopener\" target=\"_blank\">el padre presente que \u00e9l mismo no pudo tener<\/a>, y que se pasa horas jugando en casa con Pen\u00e9lope y sus hijos. Admiti\u00f3 que estar lejos de ellos le duele incluso f\u00edsicamente, y que su prioridad absoluta es su familia. \u00a0 El actor reconoce que no sabe exactamente qu\u00e9 tipo de padre es, pero s\u00ed tiene muy claro el modelo que no quiere seguir \u201cy ese es el que est\u00e1 encima de sus hijos, dici\u00e9ndoles qu\u00e9 hacer, c\u00f3mo hacerlo y presion\u00e1ndolos de una manera que no necesitan\u00bb. No quiere tener expectativas de en qui\u00e9n quiere que se conviertan, <a class=\"hm-link\" href=\"https:\/\/www.hola.com\/actualidad\/20211221201667\/penelope-cruz-javier-bardem-hijos\/\" data-mrf-recirculation=\"article-body-link\" rel=\"nofollow noopener\" target=\"_blank\">solo le preocupa saber educarlos<\/a>, ya que considera esa la responsabilidad m\u00e1s importante de su vida.\u00a0<\/p>\n","protected":false},"excerpt":{"rendered":"Pocas veces hemos visto a\u00a0Pen\u00e9lope Cruz hablar de su hijo tan abiertamente. La ganadora del Oscar por Vicky&hellip;\n","protected":false},"author":2,"featured_media":94482,"comment_status":"","ping_status":"","sticky":false,"template":"","format":"standard","meta":{"footnotes":""},"categories":[91],"tags":[517,146,147,25,24,15751,22111,23],"class_list":{"0":"post-94481","1":"post","2":"type-post","3":"status-publish","4":"format-standard","5":"has-post-thumbnail","7":"category-entretenimiento","8":"tag-actualidad","9":"tag-entertainment","10":"tag-entretenimiento","11":"tag-es","12":"tag-espana","13":"tag-javier-bardem","14":"tag-penelope-cruz","15":"tag-spain"},"share_on_mastodon":{"url":"","error":""},"_links":{"self":[{"href":"https:\/\/www.europesays.com\/es\/wp-json\/wp\/v2\/posts\/94481","targetHints":{"allow":["GET"]}}],"collection":[{"href":"https:\/\/www.europesays.com\/es\/wp-json\/wp\/v2\/posts"}],"about":[{"href":"https:\/\/www.europesays.com\/es\/wp-json\/wp\/v2\/types\/post"}],"author":[{"embeddable":true,"href":"https:\/\/www.europesays.com\/es\/wp-json\/wp\/v2\/users\/2"}],"replies":[{"embeddable":true,"href":"https:\/\/www.europesays.com\/es\/wp-json\/wp\/v2\/comments?post=94481"}],"version-history":[{"count":0,"href":"https:\/\/www.europesays.com\/es\/wp-json\/wp\/v2\/posts\/94481\/revisions"}],"wp:featuredmedia":[{"embeddable":true,"href":"https:\/\/www.europesays.com\/es\/wp-json\/wp\/v2\/media\/94482"}],"wp:attachment":[{"href":"https:\/\/www.europesays.com\/es\/wp-json\/wp\/v2\/media?parent=94481"}],"wp:term":[{"taxonomy":"category","embeddable":true,"href":"https:\/\/www.europesays.com\/es\/wp-json\/wp\/v2\/categories?post=94481"},{"taxonomy":"post_tag","embeddable":true,"href":"https:\/\/www.europesays.com\/es\/wp-json\/wp\/v2\/tags?post=94481"}],"curies":[{"name":"wp","href":"https:\/\/api.w.org\/{rel}","templated":true}]}}