{"id":94494,"date":"2025-09-05T06:07:08","date_gmt":"2025-09-05T06:07:08","guid":{"rendered":"https:\/\/www.europesays.com\/es\/94494\/"},"modified":"2025-09-05T06:07:08","modified_gmt":"2025-09-05T06:07:08","slug":"el-salamanca-golf-country-club-se-reinventa-con-una-nueva-etapa","status":"publish","type":"post","link":"https:\/\/www.europesays.com\/es\/94494\/","title":{"rendered":"El Salamanca Golf &#038; Country Club se reinventa con una nueva etapa"},"content":{"rendered":"<p class=\"paragraph-atom &#10;        A-500-300-700-N A-550-300-700-N--md  \">El presidente del Salamanca Golf &amp; Country Club, Juan Mari L\u00f3pez \u00c1lvarez, ha anunciado el inicio de una nueva etapa para el club con la creaci\u00f3n del Club Deportivo Federado Salamanca Golf Country. Esta nueva entidad, sin \u00e1nimo de lucro y con un fuerte enfoque social, cultural y deportivo, operar\u00e1 bajo la reconocida marca del club y no afectar\u00e1 en absoluto las condiciones de los abonados, quienes seguir\u00e1n disfrutando de las instalaciones con total normalidad. El objetivo principal es reforzar el papel de socios y trabajadores, fomentando una participaci\u00f3n m\u00e1s activa y una comunicaci\u00f3n m\u00e1s cercana entre todos.<\/p>\n<p class=\"paragraph-atom &#10;        A-500-300-700-N A-550-300-700-N--md  \">Hace una d\u00e9cada, el club consolid\u00f3 los campos de Zarapicos y Villamayor bajo el lema \u201cDos campos, un club\u201d, creando una comunidad de 1.400 licencias federativas y m\u00e1s de 900 abonados. <\/p>\n<p class=\"paragraph-atom &#10;        A-500-300-700-N A-550-300-700-N--md  \">Hoy, el club da un paso m\u00e1s, apostando por una gesti\u00f3n m\u00e1s abierta y moderna, y conectada con el entorno salmantino. L\u00f3pez \u00c1lvarez ha agradecido el apoyo de todos, especialmente a los trabajadores, directivos y, sobre todo, a los abonados por su confianza y lealtad a lo largo de los a\u00f1os. La nueva entidad estar\u00e1 dirigida por Mois\u00e9s Blanco Paradelo, un profesional con amplia experiencia en gesti\u00f3n deportiva y p\u00fablica, cuyo liderazgo ser\u00e1 clave para impulsar nuevas propuestas.<\/p>\n<p class=\"paragraph-atom &#10;        A-500-300-700-N A-550-300-700-N--md  \">Entre los objetivos de esta nueva etapa se encuentran la mejora continua de los campos, la ampliaci\u00f3n de servicios y actividades, la organizaci\u00f3n de nuevos torneos, la dinamizaci\u00f3n de las instalaciones y la renovaci\u00f3n de la imagen del club. Adem\u00e1s, se crear\u00e1 un Departamento de Atenci\u00f3n al Abonado para recibir directamente propuestas y sugerencias, fortaleciendo as\u00ed el v\u00ednculo con los miembros.<\/p>\n<p class=\"paragraph-atom &#10;        A-500-300-700-N A-550-300-700-N--md  \">Para celebrar las Ferias y Fiestas de Salamanca, del 5 al 14 de septiembre, los abonados podr\u00e1n jugar gratis una vez en cada campo del club. Si invitan a un amigo no abonado, este tambi\u00e9n podr\u00e1 jugar sin coste. La Academia del club tambi\u00e9n se unir\u00e1 a las celebraciones ofreciendo clases gratuitas para invitados los fines de semana del 13 al 26 de septiembre. Para finalizar el mes, el club celebrar\u00e1 el 35\u00ba aniversario de Zarapicos, el campo m\u00e1s antiguo de Castilla y Le\u00f3n, con un gran torneo los d\u00edas 27 y 28 de septiembre que incluir\u00e1 premios, sorpresas y una fiesta conmemorativa.<\/p>\n","protected":false},"excerpt":{"rendered":"El presidente del Salamanca Golf &amp; Country Club, Juan Mari L\u00f3pez \u00c1lvarez, ha anunciado el inicio de una&hellip;\n","protected":false},"author":2,"featured_media":94495,"comment_status":"","ping_status":"","sticky":false,"template":"","format":"standard","meta":{"footnotes":""},"categories":[275],"tags":[1798,20193,168,25,24,329,16334,3614,23,167],"class_list":{"0":"post-94494","1":"post","2":"type-post","3":"status-publish","4":"format-standard","5":"has-post-thumbnail","7":"category-golf","8":"tag-club","9":"tag-country","10":"tag-deportes","11":"tag-es","12":"tag-espana","13":"tag-golf","14":"tag-reinventa","15":"tag-salamanca","16":"tag-spain","17":"tag-sports"},"share_on_mastodon":{"url":"","error":""},"_links":{"self":[{"href":"https:\/\/www.europesays.com\/es\/wp-json\/wp\/v2\/posts\/94494","targetHints":{"allow":["GET"]}}],"collection":[{"href":"https:\/\/www.europesays.com\/es\/wp-json\/wp\/v2\/posts"}],"about":[{"href":"https:\/\/www.europesays.com\/es\/wp-json\/wp\/v2\/types\/post"}],"author":[{"embeddable":true,"href":"https:\/\/www.europesays.com\/es\/wp-json\/wp\/v2\/users\/2"}],"replies":[{"embeddable":true,"href":"https:\/\/www.europesays.com\/es\/wp-json\/wp\/v2\/comments?post=94494"}],"version-history":[{"count":0,"href":"https:\/\/www.europesays.com\/es\/wp-json\/wp\/v2\/posts\/94494\/revisions"}],"wp:featuredmedia":[{"embeddable":true,"href":"https:\/\/www.europesays.com\/es\/wp-json\/wp\/v2\/media\/94495"}],"wp:attachment":[{"href":"https:\/\/www.europesays.com\/es\/wp-json\/wp\/v2\/media?parent=94494"}],"wp:term":[{"taxonomy":"category","embeddable":true,"href":"https:\/\/www.europesays.com\/es\/wp-json\/wp\/v2\/categories?post=94494"},{"taxonomy":"post_tag","embeddable":true,"href":"https:\/\/www.europesays.com\/es\/wp-json\/wp\/v2\/tags?post=94494"}],"curies":[{"name":"wp","href":"https:\/\/api.w.org\/{rel}","templated":true}]}}