{"id":94506,"date":"2025-09-05T06:13:08","date_gmt":"2025-09-05T06:13:08","guid":{"rendered":"https:\/\/www.europesays.com\/es\/94506\/"},"modified":"2025-09-05T06:13:08","modified_gmt":"2025-09-05T06:13:08","slug":"jorge-javier-vazquez-sorprende-con-su-nueva-imagen-en-supervivientes-all-stars-2-y-arrasa-en-redes-sociales","status":"publish","type":"post","link":"https:\/\/www.europesays.com\/es\/94506\/","title":{"rendered":"Jorge Javier V\u00e1zquez sorprende con su nueva imagen en Supervivientes All Stars 2 y arrasa en redes sociales"},"content":{"rendered":"<p data-journey-content=\"true\" data-node-id=\"2\" class=\"css-i9p093 emevuu60\">Las redes sociales han estallado. La primera gala de Supervivientes All Stars se ha convertido r\u00e1pidamente en tendencia por la gran cantidad de comentarios que han generado. Y es que todo arrancaba ya a contrapi\u00e9 <strong data-node-id=\"2.1\">obligando a Telecinco a cambiar uno de los momentos clave de la gala de estreno: los saltos en helic\u00f3ptero. <\/strong>En esta edici\u00f3n se han tenido que cancelar ante una manifestaci\u00f3n de los gar\u00edfunas locales de las islas, que han ocupado la llamada &#8216;Playa de Juegos&#8217;. Pero esto no ha sido lo m\u00e1s comentado en redes sociales. El premio al tema m\u00e1s repetido se lo ha llevado el look elegido por Jorge Javier V\u00e1zquez, que llamaba la atenci\u00f3n nada m\u00e1s salir por la puerta del plat\u00f3.<\/p>\n<p><img draggable=\"true\" alt=\"jorge javier vazquez supervivientes all stars\" title=\"jorge javier vazquez supervivientes all stars\" loading=\"lazy\" width=\"1875\" height=\"1250\" decoding=\"async\" data-nimg=\"1\" style=\"color:transparent;width:100%;height:auto;\"   src=\"https:\/\/www.europesays.com\/es\/wp-content\/uploads\/2025\/09\/jorgejaviervazquezsv-2500-68b9f881126f5.jpg\" class=\"css-0 e1g79fud0\"\/><\/p>\n<p>Telecinco<\/p>\n<p data-journey-content=\"true\" data-node-id=\"4\" class=\"css-i9p093 emevuu60\">Vestido de blanco impoluto por el estreno y con unas gafas de sol negras que dejaban ver a duras penas los ojos, <strong data-node-id=\"4.1\">el presentador ha mostrado su nuevo pelo rubio platino y una barba de tres d\u00edas<\/strong> con la que, feliz, ha arrancado el programa dando las buenas noches a los telespectadores. Sin embargo, su look no ha pasado desapercibido y ha generado miles de mensajes en la red social X (antes Twitter).<\/p>\n<p>Los parecidos razonables de Jorge Javier V\u00e1zquez en el estreno de SV All Stars 2<\/p>\n<p data-journey-content=\"true\" data-node-id=\"7\" class=\"css-i9p093 emevuu60\">Han sido muchos los que no han podido evitar poner la atenci\u00f3n en el llamativo look, sobre todo, en <strong data-node-id=\"7.1\">el moreno que el presentador ha lucido despu\u00e9s de sus merecidas vacaciones. <\/strong>Y tal y como \u00e9l acostumbra con los concursantes, los espectadores no han podido evitar sacar parecidos razonables a su nueva imagen.<strong data-node-id=\"7.3\"\/><\/p>\n<p>El gui\u00f1o de Sandra Barneda a Jorge Javier V\u00e1zquez<\/p>\n<p data-journey-content=\"true\" data-node-id=\"13\" class=\"css-i9p093 emevuu60\">Consciente de lo que <strong data-node-id=\"13.1\">se hablaba en redes sobre su compa\u00f1ero, Sandra Barneda,<\/strong> en su visita al plat\u00f3 para confirmar los horarios de las nuevas galas &#8211;<a href=\"https:\/\/www.diezminutos.es\/teleprograma\/programas-tv\/a65571271\/supervivientes-all-stars-2025-presentadores-ausencia-carlos-sobera\/\" target=\"_blank\" data-vars-ga-outbound-link=\"https:\/\/www.diezminutos.es\/teleprograma\/programas-tv\/a65571271\/supervivientes-all-stars-2025-presentadores-ausencia-carlos-sobera\/\" data-vars-ga-ux-element=\"Hyperlink\" data-vars-ga-call-to-action=\"y revelar que el martes habr\u00e1 tambi\u00e9n gala conducida por Jorge Javier-\" data-node-id=\"13.3\" class=\"body-link css-177bzfx emevuu60\" rel=\"nofollow noopener\">y revelar que el martes habr\u00e1 tambi\u00e9n gala conducida por Jorge Javier-<\/a> aprovechaba para hacer un gui\u00f1o a su compa\u00f1ero.<\/p>\n<p data-journey-content=\"true\" data-node-id=\"14\" class=\"css-i9p093 emevuu60\">En su despedida, <strong data-node-id=\"14.1\">Sandra se acercaba al catal\u00e1n para comentarle un \u00abest\u00e1s divino\u00bb<\/strong>. \u00abYa lo s\u00e9\u00bb, confesaba Jorge Javier entre risas demostrando que ha aprendido a sobrellevar las cr\u00edticas y los comentarios de los dem\u00e1s de manera que no le importen en absoluto.<\/p>\n<p><img src=\"https:\/\/www.europesays.com\/es\/wp-content\/uploads\/2025\/09\/323095e3-d675-4360-ad79-c3a735f161a1_1681830139.file\" alt=\"Headshot of Aroa D\u00edaz\" title=\"Headshot of Aroa D\u00edaz\" width=\"100%\" height=\"100%\" decoding=\"async\" loading=\"lazy\" class=\"css-o0wq4v ev8dhu53\"\/><\/p>\n<p>Aroa D\u00edaz es experta en realities, televisi\u00f3n y actualidad en general. No hay momento del d\u00eda en el que no tenga encendida la televisi\u00f3n conociendo los \u00faltimos desvelos de los famosos, disfrutando de los realities como Supervivientes o de los concursos m\u00e1s rocambolescos. Las \u00faltimas novedades de los famosos del coraz\u00f3n son su perdici\u00f3n y la actualidad de las Casas Reales, su gran pasi\u00f3n. \u00a0\u00a0<\/p>\n<p>En sus ratos libres disfruta de las pel\u00edculas y series de moda, y bucea por los cat\u00e1logos de las plataformas de podcast buscando nuevas entrevistas y charlas de famosos.<\/p>\n<p>Adem\u00e1s, no ha parado de formarse en todos los aspectos convirti\u00e9ndose en una periodista 360: locuci\u00f3n, doblaje, grabaci\u00f3n de v\u00eddeo, periodismo m\u00f3vil, producci\u00f3n de podcast y SEO. Actualmente est\u00e1 form\u00e1ndose en el M\u00e1ster universitario de Periodismo y Comunicaci\u00f3n Digital: Datos y Nuevas Narrativas de la UOC.<\/p>\n<p>Graduada en periodismo por la Universidad Rey Juan Carlos, no ha parado de trabajar desde que obtuvo su t\u00edtulo all\u00e1 por el 2013. Despu\u00e9s de un breve impass en Palma de Mallorca, volvi\u00f3 a Legan\u00e9s donde arranc\u00f3 su experiencia con Legan\u00e9s Activo. En este tiempo he pasado por las redacciones de varios medios recayendo finalmente en Hearst Espa\u00f1a (Telenovela, Qu\u00e9 me dices y Diez Minutos). Tambi\u00e9n tiene experiencia en diferentes radios. \u00a0<\/p>\n","protected":false},"excerpt":{"rendered":"Las redes sociales han estallado. La primera gala de Supervivientes All Stars se ha convertido r\u00e1pidamente en tendencia&hellip;\n","protected":false},"author":2,"featured_media":94507,"comment_status":"","ping_status":"","sticky":false,"template":"","format":"standard","meta":{"footnotes":""},"categories":[174],"tags":[255,253,146,147,25,24,256,23],"class_list":{"0":"post-94506","1":"post","2":"type-post","3":"status-publish","4":"format-standard","5":"has-post-thumbnail","7":"category-famosos","8":"tag-celebrities","9":"tag-discover","10":"tag-entertainment","11":"tag-entretenimiento","12":"tag-es","13":"tag-espana","14":"tag-famosos","15":"tag-spain"},"share_on_mastodon":{"url":"","error":""},"_links":{"self":[{"href":"https:\/\/www.europesays.com\/es\/wp-json\/wp\/v2\/posts\/94506","targetHints":{"allow":["GET"]}}],"collection":[{"href":"https:\/\/www.europesays.com\/es\/wp-json\/wp\/v2\/posts"}],"about":[{"href":"https:\/\/www.europesays.com\/es\/wp-json\/wp\/v2\/types\/post"}],"author":[{"embeddable":true,"href":"https:\/\/www.europesays.com\/es\/wp-json\/wp\/v2\/users\/2"}],"replies":[{"embeddable":true,"href":"https:\/\/www.europesays.com\/es\/wp-json\/wp\/v2\/comments?post=94506"}],"version-history":[{"count":0,"href":"https:\/\/www.europesays.com\/es\/wp-json\/wp\/v2\/posts\/94506\/revisions"}],"wp:featuredmedia":[{"embeddable":true,"href":"https:\/\/www.europesays.com\/es\/wp-json\/wp\/v2\/media\/94507"}],"wp:attachment":[{"href":"https:\/\/www.europesays.com\/es\/wp-json\/wp\/v2\/media?parent=94506"}],"wp:term":[{"taxonomy":"category","embeddable":true,"href":"https:\/\/www.europesays.com\/es\/wp-json\/wp\/v2\/categories?post=94506"},{"taxonomy":"post_tag","embeddable":true,"href":"https:\/\/www.europesays.com\/es\/wp-json\/wp\/v2\/tags?post=94506"}],"curies":[{"name":"wp","href":"https:\/\/api.w.org\/{rel}","templated":true}]}}