{"id":94524,"date":"2025-09-05T06:25:09","date_gmt":"2025-09-05T06:25:09","guid":{"rendered":"https:\/\/www.europesays.com\/es\/94524\/"},"modified":"2025-09-05T06:25:09","modified_gmt":"2025-09-05T06:25:09","slug":"el-juez-cita-a-declarar-a-juana-rivas-por-un-posible-delito-de-sustraccion-de-menores","status":"publish","type":"post","link":"https:\/\/www.europesays.com\/es\/94524\/","title":{"rendered":"El juez cita a declarar a Juana Rivas por un posible delito de sustracci\u00f3n de menores"},"content":{"rendered":"<p>El Juzgado de Instrucci\u00f3n 4 de <a href=\"https:\/\/theobjective.com\/etiqueta\/granada\/\" rel=\"nofollow noopener\" target=\"_blank\">Granada<\/a> ha citado a declarar como investigada el pr\u00f3ximo 30 de octubre a <a href=\"https:\/\/theobjective.com\/espana\/tribunales\/2025-07-25\/juana-rivas-arcuri-entrega\/\" rel=\"nofollow noopener\" target=\"_blank\">Juana Rivas<\/a> tras la denuncia presentada por su expareja, que la acus\u00f3 de un delito de <strong>sustracci\u00f3n de menores<\/strong> por evitar que el menor de sus dos hijos regresase en enero a Italia con el padre, que tiene la custodia.<\/p>\n<p>La providencia del juzgado instructor, a la que ha tenido acceso la agencia EFE, se produce despu\u00e9s de que la Audiencia de Granada admitiera en julio <strong>un recurso de su expareja<\/strong>, el italiano Francesco Arcuri, al archivo de la causa.<\/p>\n<p>Juana Rivas<strong>\u00a0<\/strong>ya fue condenada por un delito de sustracci\u00f3n de menores en 2018, despu\u00e9s de llevarse sin permiso a sus dos hijos (Daniel y Gabriel, que ahora es mayor de edad) desde Italia y mantenerlos con ella entre julio de 2016 y septiembre de 2017. La condena fue de dos a\u00f1os y medio, pero el Gobierno la rebaj\u00f3 a un a\u00f1o y tres meses.<\/p>\n<p>Antes de esta cita declarar\u00e1 Arcuri, que acus\u00f3 a Juana Rivas de <strong>incumplir la orden dictada por un tribunal italiano<\/strong> el pasado febrero para que el menor, que desde agosto vive con \u00e9l en Italia, volviera a su domicilio habitual.\u00a0<\/p>\n","protected":false},"excerpt":{"rendered":"El Juzgado de Instrucci\u00f3n 4 de Granada ha citado a declarar como investigada el pr\u00f3ximo 30 de octubre&hellip;\n","protected":false},"author":2,"featured_media":94525,"comment_status":"","ping_status":"","sticky":false,"template":"","format":"standard","meta":{"footnotes":""},"categories":[8],"tags":[17,18,25,24,13,14,494,11,628,258,735,19,20,34170,9,10,15,16,23,34171,12,493,21,22],"class_list":{"0":"post-94524","1":"post","2":"type-post","3":"status-publish","4":"format-standard","5":"has-post-thumbnail","7":"category-espana","8":"tag-breaking-news","9":"tag-breakingnews","10":"tag-es","11":"tag-espana","12":"tag-featured-news","13":"tag-featurednews","14":"tag-granada","15":"tag-headlines","16":"tag-italia","17":"tag-juana-rivas","18":"tag-juzgados","19":"tag-latest-news","20":"tag-latestnews","21":"tag-menores-de-edad","22":"tag-news","23":"tag-noticias","24":"tag-noticias-destacadas","25":"tag-noticiasdestacadas","26":"tag-spain","27":"tag-sustracciu00f3n","28":"tag-titulares","29":"tag-tribunales","30":"tag-ultimas-noticias","31":"tag-ultimasnoticias"},"share_on_mastodon":{"url":"","error":""},"_links":{"self":[{"href":"https:\/\/www.europesays.com\/es\/wp-json\/wp\/v2\/posts\/94524","targetHints":{"allow":["GET"]}}],"collection":[{"href":"https:\/\/www.europesays.com\/es\/wp-json\/wp\/v2\/posts"}],"about":[{"href":"https:\/\/www.europesays.com\/es\/wp-json\/wp\/v2\/types\/post"}],"author":[{"embeddable":true,"href":"https:\/\/www.europesays.com\/es\/wp-json\/wp\/v2\/users\/2"}],"replies":[{"embeddable":true,"href":"https:\/\/www.europesays.com\/es\/wp-json\/wp\/v2\/comments?post=94524"}],"version-history":[{"count":0,"href":"https:\/\/www.europesays.com\/es\/wp-json\/wp\/v2\/posts\/94524\/revisions"}],"wp:featuredmedia":[{"embeddable":true,"href":"https:\/\/www.europesays.com\/es\/wp-json\/wp\/v2\/media\/94525"}],"wp:attachment":[{"href":"https:\/\/www.europesays.com\/es\/wp-json\/wp\/v2\/media?parent=94524"}],"wp:term":[{"taxonomy":"category","embeddable":true,"href":"https:\/\/www.europesays.com\/es\/wp-json\/wp\/v2\/categories?post=94524"},{"taxonomy":"post_tag","embeddable":true,"href":"https:\/\/www.europesays.com\/es\/wp-json\/wp\/v2\/tags?post=94524"}],"curies":[{"name":"wp","href":"https:\/\/api.w.org\/{rel}","templated":true}]}}