{"id":94600,"date":"2025-09-05T07:11:03","date_gmt":"2025-09-05T07:11:03","guid":{"rendered":"https:\/\/www.europesays.com\/es\/94600\/"},"modified":"2025-09-05T07:11:03","modified_gmt":"2025-09-05T07:11:03","slug":"procesada-una-concejal-del-psoe-por-hacer-funcionaria-a-una-mujer-a-cambio-del-voto-de-toda-su-familia-en-las-elecciones-en-arcos-de-la-frontera","status":"publish","type":"post","link":"https:\/\/www.europesays.com\/es\/94600\/","title":{"rendered":"Procesada una concejal del PSOE por hacer funcionaria a una mujer a cambio del voto de toda su familia en las elecciones en Arcos de la Frontera"},"content":{"rendered":"<p style=\"\">Un empleo p\u00fablico en el Ayuntamiento de <strong>Arcos de la Frontera<\/strong> (C\u00e1diz) a cambio de que su familia al completo votara al PSOE <strong>en las elecciones municipales del 26 de mayo de 2019<\/strong>, que estaban pr\u00f3ximas a celebrarse. Fue el trato que un  &#8230; asesor de la actual vicesecretaria general del PSOE, Mar\u00eda Jos\u00e9 Gonz\u00e1lez Pe\u00f1a, entonces teniente de alcalde de Personal en el Consistorio gaditano, ofreci\u00f3 a la beneficiaria del contrato, Manuela F. N. El premio fue una plaza como funcionaria interina <strong>mediante un concurso oposici\u00f3n que fue ama\u00f1ado a su medida<\/strong>. Para no dejar ning\u00fan cabo suelto, el cuestionario del examen tipo test hab\u00eda sido confeccionado por la propia adjudicataria del puesto.<\/p>\n<p class=\"voc-p\" style=\"\">Mediante un <strong>auto dictado el pasado 2 de septiembre, al que ha tenido acceso ABC<\/strong>, el juez de la Secci\u00f3n Civil y de Instrucci\u00f3n del Tribunal de Instancia de Arcos de la Frontera n\u00famero 2, da por finalizada la investigaci\u00f3n y acuerda transformar las diligencias previas en un procedimiento abreviado, el paso previo a la apertura de juicio oral. El instructor de las pesquisas, Eduardo Vaquero Llevot, aprecia supuestos <strong>delitos de prevaricaci\u00f3n y revelaci\u00f3n de secretos<\/strong> en la actuaci\u00f3n de cuatro personas, sin perjuicio de cualquier otra tipificaci\u00f3n penal que pueda resultar durante el proceso, puntualiza. <\/p>\n<p class=\"voc-p\" style=\"\">En esta causa est\u00e1n procesados la actual concejal del PSOE y n\u00famero dos del partido en Arcos de la Frontera; el que fuera su asesor y<strong> jefe de la Polic\u00eda Local en este municipio de la serran\u00eda de C\u00e1diz<\/strong>, Luciano Mu\u00f1oz Casta\u00f1o; el presidente del tribunal del concurso, Ricardo F. V., y la propia adjudicataria del puesto, quien decidi\u00f3 tirar de la manta desde el inicio de la instrucci\u00f3n y reconocer hechos.<\/p>\n<p>\nUn proceso \u00abteledirigido\u00bb\n<\/p>\n<p class=\"voc-p\" style=\"\">El juez otorga un papel decisivo en la supuesta trama a la edil Mar\u00eda Jos\u00e9 Gonz\u00e1lez Pe\u00f1a, que formaba parte del equipo de gobierno municipal como <strong>delegada de Personal y Hacienda<\/strong> hasta las pasadas elecciones municipales de 2023. \u00abPrevaleci\u00e9ndose de la posici\u00f3n que ostentaba\u00bb en el Ayuntamiento, junto a Luciano Mu\u00f1oz, asesor de la Delegaci\u00f3n de Personal y jefe de la Polic\u00eda Local de Arcos de la Frontera, \u00ab<strong>urdieron un plan con el \u00e1nimo de beneficiar<\/strong> a Manuela F. N. para que la misma accediese a una plaza de funcionaria interina en dicha Corporaci\u00f3n local\u00bb, relata el instructor. Para conseguir su objetivo \u00abdise\u00f1aron un procedimiento teledirigido en el concurso-oposici\u00f3n a <strong>la plaza interina de oficial de Inspecci\u00f3n de la Oferta de Empleo P\u00fablico de 2018<\/strong>\u00bb, que se desarroll\u00f3 tan s\u00f3lo unos d\u00edas antes de las elecciones municipales de 2019, prosigue.<\/p>\n<p class=\"voc-p\" style=\"\">\u00abComo condici\u00f3n\u00bb, el asesor de la actual n\u00famero dos del PSOE en la localidad gaditana \u00able solicit\u00f3\u00bb al beneficiaria del empleo p\u00fablico que \u00abpor parte de ella, <strong>su madre, su marido, hermanas y dem\u00e1s familia y allegados<\/strong>, en las pr\u00f3ximas elecciones municipales que estaban a punto de celebrarse [&#8230;], votasen a favor del partido pol\u00edtico de la delegada de Personal, Mar\u00eda Jos\u00e9 Gonz\u00e1lez Pe\u00f1a\u00bb, especifica el juez. El PSOE reedit\u00f3 su mandato tras los comicios hasta el a\u00f1o 2023.<\/p>\n<p>\nEl cuestionario fue confeccionado por la propia candidata\n<\/p>\n<p class=\"voc-p\" style=\"\">Para asegurarse de que fuera ella y ninguna otra la candidata adjudicataria del puesto, como as\u00ed sucedi\u00f3, el cuestionario tipo test fue elaborado por la propia aspirante y remitido al tribunal seleccionador, y tambi\u00e9n se le <strong>comunic\u00f3 previamente el contenido del caso pr\u00e1ctico incluido en la convocatoria del examen<\/strong>. Toda esta informaci\u00f3n \u00abla coloc\u00f3 en posici\u00f3n de absoluta e indeseable ventaja y privilegio en relaci\u00f3n al resto de aspirantes\u00bb. <\/p>\n<p class=\"voc-p\" style=\"\">El plan se cocin\u00f3 en una reuni\u00f3n que los principales protagonistas de la trama mantuvieron a mediados de junio de 2018<strong> en el restaurante El Lago de esta localidad gaditana<\/strong> de 31.000 habitantes que forma parte de la ruta de pueblos blancos de Andaluc\u00eda. Gonz\u00e1lez Pe\u00f1a, \u00abprevio acuerdo con Luciano Mu\u00f1oz, le ofreci\u00f3 a Manuela F. N., la posibilidad de acceder de nuevo\u00bb a una plaza en el Consistorio aunque fuese en r\u00e9gimen de interinidad, \u00absin perjuicio de que m\u00e1s adelante ya promocionar\u00eda y consolidar\u00eda su plaza\u00bb, detalla el auto.<\/p>\n<p class=\"voc-title\">El juez concluye que la actual &#8216;n\u00famero dos&#8217; del PSOE local dise\u00f1\u00f3 un proceso \u00abteledirigido\u00bb para beneficiar a una candidata<\/p>\n<p class=\"voc-p\" style=\"\">La beneficiaria del contrato <strong>hab\u00eda sido cesada \u00abpor imperativo legal\u00bb dos meses antes<\/strong> por el fuera alcalde de dicha localidad, el socialista Isidoro Gamb\u00edn, porque la Ley de Coordinaci\u00f3n de Polic\u00edas Locales de Andaluc\u00eda del a\u00f1o 2001 prohib\u00eda la existencia de agentes interinos, el puesto que \u00e9sta hab\u00eda <strong>ocupado durante m\u00e1s de veinte a\u00f1os<\/strong>.<\/p>\n<p>\nAcordaron \u00abecharle un cable\u00bb en las oposiciones\n<\/p>\n<p class=\"voc-p\" style=\"\">La edil socialista y su asesor decidieron que \u00abbuscar\u00edan\u00bb una de las plazas m\u00e1s adecuadas a su perfil y categor\u00eda, \u00aben la que no tuviese competencia, asegur\u00e1ndose as\u00ed que no tendr\u00eda problema alguno con la fase de concurso\u00bb, ya que <strong>con la antig\u00fcedad que pose\u00eda iba a obtener la m\u00e1xima puntuaci\u00f3n<\/strong>. En la fase de oposici\u00f3n, es decir, en los ex\u00e1menes, convinieron que \u00able echar\u00edan un cable e incluso le dir\u00edan con anterioridad cu\u00e1ndo saldr\u00edan las plazas para que pudiera ir prepar\u00e1ndose\u00bb. <\/p>\n<p class=\"voc-p\" style=\"\">\u00abTransgrediendo conscientemente los principios constitucionales de <strong>igualdad, m\u00e9rito y capacidad<\/strong> que rige la funci\u00f3n p\u00fablica\u00bb, la entonces teniente de alcalde de Personal, incluy\u00f3 entre las plazas ofertadas el puesto ofrecido a Manuela F. N., quien <strong>aprob\u00f3 el examen tipo test \u00abpor ella misma confeccionado\u00bb<\/strong> y fue informada con antelaci\u00f3n del caso pr\u00e1ctico, se\u00f1ala el juez. <\/p>\n<p class=\"voc-p\" style=\"\">El plan se cumpli\u00f3 a rajatabla y el 1 de julio de 2019 tom\u00f3 posesi\u00f3n de la plaza. Quince d\u00edas antes, el alcalde socialista hab\u00eda sido<strong> elegido para un nuevo mandato tras obtener una mayor\u00eda absoluta<\/strong> a la que podr\u00eda haber contribuido la contratada y su extensa familia.<\/p>\n<p class=\"voc-p\" style=\"\">El intercambio de favores no habr\u00eda trascendido de no ser por que la <strong>Fiscal\u00eda de \u00c1rea de Jerez de la Frontera<\/strong> abri\u00f3 unas diligencias de investigaci\u00f3n que desembocaron en una causa judicial. <\/p>\n<p class=\"voc-title\">La edil socialista y un asesor acordaron \u00abecharle un cable\u00bb en las oposiciones tras prometerle en un empleo p\u00fablico<\/p>\n<p class=\"voc-p\" style=\"\">El juez ha encontrado todo tipo de obst\u00e1culos en la instrucci\u00f3n. \u00abEn varias ocasiones\u00bb ha requerido al Ayuntamiento de Arcos el expediente \u00edntegro del procedimiento de selecci\u00f3n de la funcionaria interina de Inspecci\u00f3n, pero entre la documentaci\u00f3n remitida \u00abno constan\u00bb ni los ex\u00e1menes ni su correcci\u00f3n. Ha dado <strong>un plazo diez d\u00edas a la Fiscal\u00eda y a las acusaciones para que presenten sus escritos<\/strong> y soliciten la apertura de un juicio oral. Contra su auto cabe presentar un recurso de reforma o de apelaci\u00f3n ante la Audiencia Provincial de C\u00e1diz.<\/p>\n","protected":false},"excerpt":{"rendered":"Un empleo p\u00fablico en el Ayuntamiento de Arcos de la Frontera (C\u00e1diz) a cambio de que su familia&hellip;\n","protected":false},"author":2,"featured_media":94601,"comment_status":"","ping_status":"","sticky":false,"template":"","format":"standard","meta":{"footnotes":""},"categories":[8],"tags":[34186,17,18,7556,30298,11322,4374,25,24,367,13,14,2972,34185,11,19,20,9,10,15,16,34184,1699,23,12,21,22,23661],"class_list":{"0":"post-94600","1":"post","2":"type-post","3":"status-publish","4":"format-standard","5":"has-post-thumbnail","7":"category-espana","8":"tag-arcos","9":"tag-breaking-news","10":"tag-breakingnews","11":"tag-cambio","12":"tag-colocar","13":"tag-concejal","14":"tag-elecciones","15":"tag-es","16":"tag-espana","17":"tag-familia","18":"tag-featured-news","19":"tag-featurednews","20":"tag-frontera","21":"tag-funcionaria","22":"tag-headlines","23":"tag-latest-news","24":"tag-latestnews","25":"tag-news","26":"tag-noticias","27":"tag-noticias-destacadas","28":"tag-noticiasdestacadas","29":"tag-procesada","30":"tag-psoe","31":"tag-spain","32":"tag-titulares","33":"tag-ultimas-noticias","34":"tag-ultimasnoticias","35":"tag-voto"},"share_on_mastodon":{"url":"","error":""},"_links":{"self":[{"href":"https:\/\/www.europesays.com\/es\/wp-json\/wp\/v2\/posts\/94600","targetHints":{"allow":["GET"]}}],"collection":[{"href":"https:\/\/www.europesays.com\/es\/wp-json\/wp\/v2\/posts"}],"about":[{"href":"https:\/\/www.europesays.com\/es\/wp-json\/wp\/v2\/types\/post"}],"author":[{"embeddable":true,"href":"https:\/\/www.europesays.com\/es\/wp-json\/wp\/v2\/users\/2"}],"replies":[{"embeddable":true,"href":"https:\/\/www.europesays.com\/es\/wp-json\/wp\/v2\/comments?post=94600"}],"version-history":[{"count":0,"href":"https:\/\/www.europesays.com\/es\/wp-json\/wp\/v2\/posts\/94600\/revisions"}],"wp:featuredmedia":[{"embeddable":true,"href":"https:\/\/www.europesays.com\/es\/wp-json\/wp\/v2\/media\/94601"}],"wp:attachment":[{"href":"https:\/\/www.europesays.com\/es\/wp-json\/wp\/v2\/media?parent=94600"}],"wp:term":[{"taxonomy":"category","embeddable":true,"href":"https:\/\/www.europesays.com\/es\/wp-json\/wp\/v2\/categories?post=94600"},{"taxonomy":"post_tag","embeddable":true,"href":"https:\/\/www.europesays.com\/es\/wp-json\/wp\/v2\/tags?post=94600"}],"curies":[{"name":"wp","href":"https:\/\/api.w.org\/{rel}","templated":true}]}}