{"id":94618,"date":"2025-09-05T07:21:18","date_gmt":"2025-09-05T07:21:18","guid":{"rendered":"https:\/\/www.europesays.com\/es\/94618\/"},"modified":"2025-09-05T07:21:18","modified_gmt":"2025-09-05T07:21:18","slug":"una-canaria-tras-los-pasos-de-iago-aspas-y-los-mozos-de-arousa","status":"publish","type":"post","link":"https:\/\/www.europesays.com\/es\/94618\/","title":{"rendered":"Una canaria tras los pasos de Iago Aspas y los \u00abMozos de Arousa\u00bb"},"content":{"rendered":"<p class=\"ft-text ft-helper-closenews\">Lo sabe absolutamente todo de ellos: sus<strong> gustos, aficiones, ocupaciones laborales, <\/strong>sus man\u00edas&#8230; <strong>Agripina Rodr\u00edguez Navarro, <\/strong>que el d\u00eda 28 cumple 66 a\u00f1os, quiso viajar a Galicia desde su tierra natal, en <strong>Las Palmas de Gran Canaria<\/strong>, para ver, abrazar y compartir un momento de su vida con ellos.<\/p>\n<p class=\"ft-text\">No son otros que <strong>los concursantes vilagarcianos<\/strong> del conocido<a class=\"ft-link ft-link--decoration\" href=\"https:\/\/www.farodevigo.es\/ocio\/tv\/mozos-arousa-hablan-amano-causo-dv-112946849.html\" rel=\"nofollow noopener\" target=\"_blank\"> tr\u00edo televisivo \u00abMozos de Arousa\u00bb<\/a>, formado por Ra\u00fal, Borjamina y Bruno, que se hizo famoso por su brillante y longeva participaci\u00f3n en el concurso <strong>\u00abReacci\u00f3n en Cadena\u00bb. <\/strong><\/p>\n<p class=\"ft-text\">Desear\u00eda haberlo hecho el a\u00f1o pasado, pero una <strong>grave enfermedad <\/strong>le imped\u00eda desplazarse. As\u00ed que, m\u00e1s recuperada, convenci\u00f3 a su marido, el gallego <strong>Enrique Quintana Rodr\u00edguez<\/strong>, nacido en Betanzos hace 74 a\u00f1os \u2013pero asentado en la \u00abislas afortunadas\u00bb desde hace m\u00e1s de cuatro d\u00e9cadas\u2013, para hacer ese deseado viaje este verano.<\/p>\n<blockquote class=\"ft-mol-quote\" data-aida-quote=\"\"><p>No quer\u00eda ir a ning\u00fan otro sitio que no fuera Galicia, ahora para estar con los \u2018Mozos de Arousa\u2019 y en cuanto pueda, para ver y abrazar a Iago Aspas<\/p><\/blockquote>\n<p class=\"ft-text\">Un desplazamiento de <strong>unos 2.000 kil\u00f3metros<\/strong> \u2013entre coche, bus, tren y avi\u00f3n\u2013 desde su casa canaria hasta la <strong>r\u00eda de Arousa, <\/strong>pasando por <strong>Betanzos, <\/strong>que espera repetir pronto, pero esta vez para desplazarse a Vigo y tratar de conocer tambi\u00e9n a su otro gran \u00eddolo,<strong> el delantero del Celta m\u00e1s carism\u00e1tico<\/strong> y popular, <strong>Iago Aspas<\/strong>.<\/p>\n<p>\u00abEl ni\u00f1o de los mejillones\u00bb<\/p>\n<p class=\"ft-text\">\u00abEl \u2018ni\u00f1o de los mejillones\u2019 \u2013as\u00ed lo llama cari\u00f1osamente, en relaci\u00f3n con el apodo de \u00abpr\u00edncipe de las bateas\u00bb\u2013 es mi otro \u00eddolo, por eso no descansar\u00e9 hasta conocerlo en persona\u00bb, aseguraba Agripina Rodr\u00edguez mientras trataba de recomponerse tras <strong>la emoci\u00f3n vivida <\/strong>al conocer en persona a dos de sus tres admirados \u00abMozos de Arousa\u00bb, <strong>Ra\u00fal y Borjamina, <\/strong>ya que Bruno no pudo acudir al encuentro a causa de los estudios que cursa.<\/p>\n<p class=\"ft-text\">\u00bfC\u00f3mo surgi\u00f3 todo? Pues los canarios decidieron acudir de vacaciones en Galicia para poder recalar en Vilagarc\u00eda, donde empezaron a preguntar por el paradero de los \u00ab<a class=\"ft-link ft-link--decoration\" href=\"https:\/\/www.farodevigo.es\/arousa\/2025\/08\/09\/mozos-arousa-arremanga-galiciame-120471525.html\" rel=\"nofollow noopener\" target=\"_blank\">Mozos de Arousa<\/a>\u00bb.<\/p>\n<blockquote class=\"ft-mol-quote\" data-aida-quote=\"\"><p>Son parte de mi vida, y muy probablemente son parte de la vida de casi toda Espa\u00f1a<\/p><\/blockquote>\n<p class=\"ft-text\">Fueron a la casa consistorial para tratar de dar con <strong>Ra\u00fal Santamar\u00eda<\/strong>, dada su condici\u00f3n de concejal, preguntaron a la <strong>Polic\u00eda Local <\/strong>y a los vecinos, buscaron la sede de la asociaci\u00f3n Arousa Moza, que precisamente abanderan los tres afamados j\u00f3venes&#8230;<\/p>\n<p>La Baldosa<\/p>\n<p class=\"ft-text\">En un momento dado acudieron a almorzar a<a class=\"ft-link ft-link--decoration\" href=\"https:\/\/www.farodevigo.es\/arousa\/2019\/02\/16\/baldosa-juegan-chinos-tiran-canas-15768381.html\" rel=\"nofollow noopener\" target=\"_blank\"> La Baldosa,<\/a> una conocida taper\u00eda, restaurante y vinoteca de la peatonal y <strong>popular calle A Baldosa, <\/strong>en pleno coraz\u00f3n de la ciudad vilagarciana.<\/p>\n<p class=\"ft-text\">All\u00ed contaron su aventura a <strong>Manuel G\u00f3mez,<\/strong> el <a class=\"ft-link ft-link--decoration\" href=\"https:\/\/www.farodevigo.es\/arousa\/2025\/05\/12\/atun-rojo-almadrabas-gaditanas-busca-117274335.html\" rel=\"nofollow noopener\" target=\"_blank\">propietario del establecimiento<\/a>, quien inmediatamente tir\u00f3 de agenda para dar con los \u00abMozos de Arousa\u00bb y, tras conseguirlo, los invito a acudir a su local y organiz\u00f3 el emotivo encuentro de los j\u00f3venes vilagarcianos con sus admiradores canarios, a los que incluso busc\u00f3 alojamiento en la ciudad.<\/p>\n<p class=\"ft-text\">As\u00ed es como Agripina pudo cumplir su sue\u00f1o \u2013aunque de forma limitada, a causa de la ausencia de Bruno\u2013 y conversar de forma distendida con los \u00ab<strong>Mozos de Arousa<\/strong>\u00bb.<\/p>\n<p class=\"ft-text\">Los miraba con ternura, les hablaba con cari\u00f1o y los cog\u00eda de la mano como <strong>una madre que mima a sus hijos <\/strong>mientras las l\u00e1grimas afloraban en sus ojos.<\/p>\n<p><img decoding=\"async\" src=\"https:\/\/www.europesays.com\/es\/wp-content\/uploads\/2025\/09\/78923122-c188-460e-8cb2-56e4d788bdc1_alta-libre-aspect-ratio_default_0.jpg\" width=\"1200\" height=\"900\" alt=\"El marido de Agripina la fotograf\u00eda junto a dos de los j\u00f3venes arousanos.\" class=\"ft-helper-img-rd\" loading=\"lazy\" hasdataaida=\"true\"\/><\/p>\n<p class=\"ft-helper-fontColor-quaternary ft-helper-fontSize-body-S ft-helper-spacer-t-xxs\">El marido de Agripina la fotograf\u00eda junto a dos de los j\u00f3venes arousanos.  \/ M. M\u00e9ndez<\/p>\n<p class=\"ft-text\">\u00abSon parte de mi vida, y muy probablemente son parte de la vida de casi toda Espa\u00f1a\u00bb, explicaba Agripina a <strong>FARO DE VIGO <\/strong>cuando era preguntada por las motivaciones y detalles de este viaje.<\/p>\n<p class=\"ft-text\">\u00abNo quer\u00eda ir a ning\u00fan otro sitio que no fuera Galicia, ahora para estar con los \u2018Mozos de Arousa\u2019 y en cuanto pueda, para ver y abrazar a Iago Aspas\u00bb, repet\u00eda.<\/p>\n<p>Desde el principio<\/p>\n<p class=\"ft-text\">\u00abEmpec\u00e9 a seguirlos en la tele en mayo de 2023 \u2013precisamente cuando empezaron su participaci\u00f3n en \u2018Reacci\u00f3n en cadena\u2019\u2013 y desde entonces he estado siempre pegada al televisor y pendiente de ellos\u00bb, argumenta.<\/p>\n<p class=\"ft-text\">Lo sigue haciendo actualmente, cuando los j\u00f3venes vilagarcianos conducen un programa, de<a class=\"ft-link ft-link--decoration\" href=\"https:\/\/www.farodevigo.es\/ocio\/tv\/2025\/07\/01\/mozos-arousa-sorprenden-volver-television-presentadores-nuevo-formato-final-exclusividad-mediaset-119241628.html\" rel=\"nofollow noopener\" target=\"_blank\"> un formato muy diferente, en Televisi\u00f3n de Galicia. <\/a><\/p>\n<p class=\"ft-text\">Mientras segu\u00eda acarici\u00e1ndolos, como<strong> queriendo asegurarse de que el momento que viv\u00eda era de verdad<\/strong>, Agripina se refer\u00eda a Borjamina diciendo que es \u00abun ni\u00f1o transparente y expresivo al que da igual meter la pata porque dice lo que piensa\u00bb. Y mientras le tocaba el pelo advert\u00eda: \u00abNo le gusta que lo peinen hacia atr\u00e1s\u00bb.<\/p>\n<p class=\"ft-text\">\u00abEste<strong> ojal\u00e1 sea alcalde,<\/strong> y lo ser\u00e1 con corbata azul\u00bb, bromeaba al hablar de Ra\u00fal \u2013edil del <a class=\"ft-link ft-link--decoration\" href=\"https:\/\/www.farodevigo.es\/tags\/pp\/\" rel=\"nofollow noopener\" target=\"_blank\">PP<\/a> vilagarciano\u2013, a quien recomendaba \u00abllevar a la novia de viaje cuanto antes, como le ha prometido\u00bb.<\/p>\n<p><img decoding=\"async\" src=\"https:\/\/www.europesays.com\/es\/wp-content\/uploads\/2025\/09\/98dac4cf-3af3-4f81-98cb-191f4f5c07ac_alta-libre-aspect-ratio_default_0.jpg\" width=\"1200\" height=\"900\" alt=\"Un momento el encuentro en la popular calle A Baldosa de Vilagarc\u00eda.\" class=\"ft-helper-img-rd\" loading=\"lazy\" hasdataaida=\"true\"\/><\/p>\n<p class=\"ft-helper-fontColor-quaternary ft-helper-fontSize-body-S ft-helper-spacer-t-xxs\">Un momento el encuentro en la popular calle A Baldosa de Vilagarc\u00eda.  \/ M. M\u00e9ndez<\/p>\n<p class=\"ft-text\">\u00abLo sabe todo de nuestras vidas\u00bb, exclamaba un <strong>sorprendido Borjamina<\/strong>, que como el propio Ra\u00fal, dec\u00eda sentir \u00abemoci\u00f3n y orgullo al ver que, tanto tiempo despu\u00e9s de que particip\u00e1ramos en el programa, sigue habiendo gente que se acuerda de nosotros y nos demuestra su cari\u00f1o\u00bb.<\/p>\n<p class=\"ft-text\">\u00ab<strong>Es que se os tiene que quere<\/strong>r\u00bb, le interrump\u00eda Agripina antes de insistir en que \u00abdesde el minuto uno han sido mi vida, por eso ten\u00eda muy claro que ten\u00eda que venir a Galicia para estar con ellos\u00bb.<\/p>\n<p class=\"ft-text\">Unos medi\u00e1ticos j\u00f3venes \u00abque son nuestros, <strong>de todos los espa\u00f1oles,<\/strong> y que durante su participaci\u00f3n en el programa ten\u00edan con ellos un poquito de cada uno de nosotros, porque nos hicieron re\u00edr con sus bromas y travesuras, nos pusieron nerviosos, nos hicieron llorar&#8230;\u00bb.<\/p>\n<p class=\"ft-text\">Por eso \u00aben Canarias y en toda Espa\u00f1a <strong>estos ni\u00f1os gallegos <\/strong>han despertado tanta admiraci\u00f3n y respeto\u00bb, sentenciaba Agripina Rodr\u00edguez Navarro.<\/p>\n<p data-close=\"closedContent\" class=\"subscribeHideForDisplay\">Suscr\u00edbete para seguir leyendo<\/p>\n","protected":false},"excerpt":{"rendered":"Lo sabe absolutamente todo de ellos: sus gustos, aficiones, ocupaciones laborales, sus man\u00edas&#8230; Agripina Rodr\u00edguez Navarro, que el&hellip;\n","protected":false},"author":2,"featured_media":94619,"comment_status":"","ping_status":"","sticky":false,"template":"","format":"standard","meta":{"footnotes":""},"categories":[268],"tags":[24361,34194,7221,168,25,24,280,282,816,34193,34195,433,13292,34196,7442,281,23,167],"class_list":{"0":"post-94618","1":"post","2":"type-post","3":"status-publish","4":"format-standard","5":"has-post-thumbnail","7":"category-futbol","8":"tag-arousa","9":"tag-aspas","10":"tag-canaria","11":"tag-deportes","12":"tag-es","13":"tag-espana","14":"tag-football","15":"tag-futbol","16":"tag-galicia","17":"tag-iago","18":"tag-iago-aspas","19":"tag-jovenes","20":"tag-mozos","21":"tag-mozos-de-arousa","22":"tag-pasos","23":"tag-soccer","24":"tag-spain","25":"tag-sports"},"share_on_mastodon":{"url":"","error":""},"_links":{"self":[{"href":"https:\/\/www.europesays.com\/es\/wp-json\/wp\/v2\/posts\/94618","targetHints":{"allow":["GET"]}}],"collection":[{"href":"https:\/\/www.europesays.com\/es\/wp-json\/wp\/v2\/posts"}],"about":[{"href":"https:\/\/www.europesays.com\/es\/wp-json\/wp\/v2\/types\/post"}],"author":[{"embeddable":true,"href":"https:\/\/www.europesays.com\/es\/wp-json\/wp\/v2\/users\/2"}],"replies":[{"embeddable":true,"href":"https:\/\/www.europesays.com\/es\/wp-json\/wp\/v2\/comments?post=94618"}],"version-history":[{"count":0,"href":"https:\/\/www.europesays.com\/es\/wp-json\/wp\/v2\/posts\/94618\/revisions"}],"wp:featuredmedia":[{"embeddable":true,"href":"https:\/\/www.europesays.com\/es\/wp-json\/wp\/v2\/media\/94619"}],"wp:attachment":[{"href":"https:\/\/www.europesays.com\/es\/wp-json\/wp\/v2\/media?parent=94618"}],"wp:term":[{"taxonomy":"category","embeddable":true,"href":"https:\/\/www.europesays.com\/es\/wp-json\/wp\/v2\/categories?post=94618"},{"taxonomy":"post_tag","embeddable":true,"href":"https:\/\/www.europesays.com\/es\/wp-json\/wp\/v2\/tags?post=94618"}],"curies":[{"name":"wp","href":"https:\/\/api.w.org\/{rel}","templated":true}]}}