{"id":94620,"date":"2025-09-05T07:22:11","date_gmt":"2025-09-05T07:22:11","guid":{"rendered":"https:\/\/www.europesays.com\/es\/94620\/"},"modified":"2025-09-05T07:22:11","modified_gmt":"2025-09-05T07:22:11","slug":"las-fotos-de-su-ultimo-plan-familiar-en-marbella","status":"publish","type":"post","link":"https:\/\/www.europesays.com\/es\/94620\/","title":{"rendered":"las fotos de su \u00faltimo plan familiar en Marbella"},"content":{"rendered":"<p class=\"HOLA-TEMAS_5--TEXTO-1er-PARRAFO\" id=\"e9FqKUWL5Ef5\" data-wc=\"88\">Aterriz\u00f3\u00a0en <strong>M\u00e1laga el pasado mes de junio<\/strong> y, desde entonces, est\u00e1 pasando unas estupendas vacaciones en \u00abCuatro Lunas\u00bb, su espectacular refugio estival en Oj\u00e9n. <strong>Acompa\u00f1ada por sus hijos<\/strong>, la <strong>mujer de Julio Iglesias<\/strong>, que el pasado 24 de agosto cumpl\u00eda 15 a\u00f1os de matrimonio con el cantante, <a class=\"hm-link\" href=\"https:\/\/www.hola.com\/actualidad\/20250711842492\/miranda-rijns-burger-desafia-paso-tiempo-como-aparentar-20-anyos-menos\/\" data-mrf-recirculation=\"article-body-link\" rel=\"nofollow noopener\" target=\"_blank\">disfruta de la tranquilidad y los momentos en familia tras los muros de su casa<\/a> y se ha dejado ver en contadas ocasiones, en las que no ha dejado de sorprender porque <a class=\"hm-link\" href=\"https:\/\/www.hola.com\/moda\/20250711843197\/miranda-rijnsburger-marbella-look-bolso-chanel-pantalon-blanco\/\" data-mrf-recirculation=\"article-body-link\" rel=\"nofollow noopener\" target=\"_blank\">parece que el tiempo no pasa por ella.<\/a><\/p>\n<p>  <img src=\"https:\/\/www.europesays.com\/es\/wp-content\/uploads\/2025\/09\/0f31b36b72b2-ep-miranda-con-hija-5.jpg\"   width=\"1080\" height=\"1800\" loading=\"lazy\" decoding=\"async\" alt=\"Miranda Rijnsburger, con vaqueros, camiseta beis y alpargatas, por las calles de Marbella\" fetchpriority=\"auto\" class=\"image ho-image\"\/>\u00a9 Europa PressMiranda Rijnsburger, con vaqueros, camiseta beis y alpargatas, por las calles de Marbella<\/p>\n<p>  <img src=\"https:\/\/www.europesays.com\/es\/wp-content\/uploads\/2025\/09\/6fa4740caf30-ep-miranda-con-hija-9ret.jpg\"   width=\"1080\" height=\"1800\" loading=\"lazy\" decoding=\"async\" alt=\"Miranda Rijnsburger en Marbella\" fetchpriority=\"auto\" class=\"image ho-image\"\/>\u00a9 Europa Press<\/p>\n<p class=\"HOLA-TEMAS_5a--TEXTO-NORMAL\" id=\"eM4KfDbWMF0S\" data-wc=\"60\">A punto de cumplir <strong>60 a\u00f1os<\/strong>, <strong>Miranda est\u00e1 igual que cuando conoci\u00f3 a Julio<\/strong>, hace 35 a\u00f1os, y sigue destacando por su estilo elegante, sin estridencias y apostando por el lujo silencioso. Sus gemelas, <a class=\"hm-link\" href=\"https:\/\/www.hola.com\/actualidad\/20241006722516\/miranda-rijnsburger-59-cumpleanos-hijas-cristina-victoria-iglesias-felicitaciones\/\" data-mrf-recirculation=\"article-body-link\" rel=\"nofollow noopener\" target=\"_blank\">Cristina y Victoria, siguen su estela en lo que a moda se refiere<\/a> y cada d\u00eda se parecen m\u00e1s a su madre, tanto que parecen trillizas.<\/p>\n<p> <img src=\"https:\/\/www.europesays.com\/es\/wp-content\/uploads\/2025\/09\/4f5e186e37a0-ep-miranda-con-hija-13.jpg\"   width=\"1080\" height=\"1800\" loading=\"lazy\" decoding=\"async\" alt=\"Victoria, con &quot;short&quot; blanco, camiseta de rayas marineras y tambi\u00e9n alpargatas.\" fetchpriority=\"auto\" class=\"image ho-image\"\/>\u00a9 Europa PressVictoria, con \u00abshort\u00bb blanco, camiseta de rayas marineras y tambi\u00e9n alpargatas.<\/p>\n<p> <img src=\"https:\/\/www.europesays.com\/es\/wp-content\/uploads\/2025\/09\/f80cd7470c75-cristina-iglesiasazahara-margon-vanesa-martinstarlite-occident290825.jpg\"   width=\"1080\" height=\"1800\" loading=\"lazy\" decoding=\"async\" alt=\"Cristina en el concierto de Camilo en Starlite\" fetchpriority=\"auto\" class=\"image ho-image\"\/>\u00a9 Cortes\u00eda StarliteCristina en el concierto de Camilo en Starlite<\/p>\n<p class=\"HOLA-TEMAS_5a--TEXTO-NORMAL\" id=\"eT6kEdFggQlN\" data-wc=\"99\">Las gemelas han compartido en sus redes sociales\u00a0<a class=\"hm-link\" href=\"https:\/\/www.hola.com\/actualidad\/20250612837176\/miranda-rijnsburger-sus-hijos-llegan-espana-familia-iglesias-vuelve-marbella\/\" data-mrf-recirculation=\"article-body-link\" rel=\"nofollow noopener\" target=\"_blank\">varias im\u00e1genes de sus vacaciones, entre amigos, familia y rodeadas de sus perros y caballos<\/a>, y tambi\u00e9n han sido fotografiadas en varias ocasiones. <strong>Miranda y Victoria fueron vistas, la semana pasada, por el centro de Marbella<\/strong>, mientras que <strong>Cristina estuvo, el pasado d\u00eda 29, con unas amigas en el \u00faltimo concierto del verano de Starlite Occident,<\/strong> viendo al cantante Camilo. Ahora exprimen los \u00faltimos d\u00edas de verano antes de volver a sus estudios: Cristina se est\u00e1 forman\u00addo en moda en Nueva York, mientras que Victoria estudia produ\u00adcci\u00f3n y cinematograf\u00eda en Londres.<\/p>\n","protected":false},"excerpt":{"rendered":"Aterriz\u00f3\u00a0en M\u00e1laga el pasado mes de junio y, desde entonces, est\u00e1 pasando unas estupendas vacaciones en \u00abCuatro Lunas\u00bb,&hellip;\n","protected":false},"author":2,"featured_media":94621,"comment_status":"","ping_status":"","sticky":false,"template":"","format":"standard","meta":{"footnotes":""},"categories":[174],"tags":[3900,517,255,3899,146,147,25,24,256,13976,23],"class_list":{"0":"post-94620","1":"post","2":"type-post","3":"status-publish","4":"format-standard","5":"has-post-thumbnail","7":"category-famosos","8":"tag-hola","9":"tag-actualidad","10":"tag-celebrities","11":"tag-contenido-sensible","12":"tag-entertainment","13":"tag-entretenimiento","14":"tag-es","15":"tag-espana","16":"tag-famosos","17":"tag-miranda-rijnsburger","18":"tag-spain"},"share_on_mastodon":{"url":"","error":""},"_links":{"self":[{"href":"https:\/\/www.europesays.com\/es\/wp-json\/wp\/v2\/posts\/94620","targetHints":{"allow":["GET"]}}],"collection":[{"href":"https:\/\/www.europesays.com\/es\/wp-json\/wp\/v2\/posts"}],"about":[{"href":"https:\/\/www.europesays.com\/es\/wp-json\/wp\/v2\/types\/post"}],"author":[{"embeddable":true,"href":"https:\/\/www.europesays.com\/es\/wp-json\/wp\/v2\/users\/2"}],"replies":[{"embeddable":true,"href":"https:\/\/www.europesays.com\/es\/wp-json\/wp\/v2\/comments?post=94620"}],"version-history":[{"count":0,"href":"https:\/\/www.europesays.com\/es\/wp-json\/wp\/v2\/posts\/94620\/revisions"}],"wp:featuredmedia":[{"embeddable":true,"href":"https:\/\/www.europesays.com\/es\/wp-json\/wp\/v2\/media\/94621"}],"wp:attachment":[{"href":"https:\/\/www.europesays.com\/es\/wp-json\/wp\/v2\/media?parent=94620"}],"wp:term":[{"taxonomy":"category","embeddable":true,"href":"https:\/\/www.europesays.com\/es\/wp-json\/wp\/v2\/categories?post=94620"},{"taxonomy":"post_tag","embeddable":true,"href":"https:\/\/www.europesays.com\/es\/wp-json\/wp\/v2\/tags?post=94620"}],"curies":[{"name":"wp","href":"https:\/\/api.w.org\/{rel}","templated":true}]}}