{"id":94628,"date":"2025-09-05T07:27:07","date_gmt":"2025-09-05T07:27:07","guid":{"rendered":"https:\/\/www.europesays.com\/es\/94628\/"},"modified":"2025-09-05T07:27:07","modified_gmt":"2025-09-05T07:27:07","slug":"estreno-en-madrid-de-carinena-vino-del-mar-la-pelicula-del-aragones-javier-calvo","status":"publish","type":"post","link":"https:\/\/www.europesays.com\/es\/94628\/","title":{"rendered":"Estreno en Madrid de &#8216;Cari\u00f1ena, vino del mar&#8217;, la pel\u00edcula del aragon\u00e9s Javier Calvo"},"content":{"rendered":"<p>            Estreno en Madrid de &#8216;Cari\u00f1ena, vino del mar&#8217;, la pel\u00edcula del aragon\u00e9s Javier Calvo                <\/p>\n<p>Estreno en Madrid de &#8216;Cari\u00f1ena, vino del mar&#8217;, la pel\u00edcula del aragon\u00e9s Javier Calvo<\/p>\n<p class=\"epigraph\">Tras reunir a m\u00e1s de 10.000 espectadores en Arag\u00f3n, el filme llega a Madrid con un estreno arropado por autoridades y rostros del cine.<\/p>\n<p class=\"paragraph\">La pel\u00edcula<a href=\"https:\/\/www.heraldo.es\/noticias\/ocio-y-cultura\/2025\/06\/03\/carinena-entradas-cine-pelicula-zaragoza-anton-castro-vino-1828760.html\" title=\"A la venta las entradas de &#039;Cari\u00f1ena, vino del mar&#039;, pel\u00edcula del zaragozano Javier Calvo\" target=\"_blank\" rel=\"nofollow noopener\"> &#8216;Cari\u00f1ena, vino del mar&#8217;<\/a>, dirigida por el zaragozano Javier C. Torrecilla, ha vivido este jueves su estreno nacional en el Cine Embajadores de Madrid. Tras haber reunido en salas de Arag\u00f3n <b>a m\u00e1s de 10.000 espectadores,<\/b> la cinta da ahora un salto a la capital con el objetivo de consolidarse como una propuesta cinematogr\u00e1fica que combina ra\u00edces locales y vocaci\u00f3n universal.<\/p>\n<p>            Conforme a los criterios de<br \/>\n            <a class=\"trustproject_img\" id=\"trustproject_img\" href=\"https:\/\/thetrustproject.org\/\" target=\"_blank\" rel=\"nofollow noopener\" aria-label=\"Trust Project\"><img decoding=\"async\" loading=\"lazy\" src=\"https:\/\/www.heraldo.es\/images\/Trust-Logo-Horizontal.svg\" alt=\"Logo Trust Project\" width=\"200\" height=\"34\"\/><\/a><\/p>\n<p>        <a href=\"https:\/\/www.henneo.com\/\" title=\"Grupo Henneo\" class=\"logo\" rel=\"nofollow noopener\" target=\"_blank\"><br \/>\n            <img decoding=\"async\" src=\"https:\/\/www.heraldo.es\/images\/logo_henneo_gris.svg\" alt=\"Logo Henneo\" width=\"559\" height=\"389\" loading=\"lazy\"\/><br \/>\n        <\/a><\/p>\n<p>\u00a9 HERALDO DE ARAGON EDITORA, S.L.U.<br \/>Tel\u00e9fono 976 765 000 \/ &#8211; P\u00ba. Independencia, 29, 50001 Zaragoza &#8211; CIF: B99288763 &#8211; Inscrita en el Registro Mercantil de Zaragoza al Tomo 3796, Libro 0, Folio 177, Secci\u00f3n 8, Hoja Z-50564<br \/>Queda prohibida toda reproducci\u00f3n sin permiso escrito de la empresa a los efectos del art\u00edculo 32.1, p\u00e1rrafo segundo, de la Ley de Propiedad Intelectual<\/p>\n<p>\n                P\u00ba Independencia, 29, 50001 Zaragoza<br \/> Tel\u00e9fono 976 765 000\n            <\/p>\n<p>                    Actualmente tu navegador no permite ejecutar JavaScript. Para poder disfrutar de nuestro contenido es necesario que lo permita.<br \/>\n                                        <img decoding=\"async\" loading=\"lazy\" alt=\"Heraldo logo\" src=\"https:\/\/dkumiip2e9ary.cloudfront.net\/xalok\/heraldo\/especiales\/hola-de-nuevo\/logo-heraldo.svg\" width=\"215\" height=\"43\"\/><\/p>\n","protected":false},"excerpt":{"rendered":"Estreno en Madrid de &#8216;Cari\u00f1ena, vino del mar&#8217;, la pel\u00edcula del aragon\u00e9s Javier Calvo Estreno en Madrid de&hellip;\n","protected":false},"author":2,"featured_media":94629,"comment_status":"","ping_status":"","sticky":false,"template":"","format":"standard","meta":{"footnotes":""},"categories":[169],"tags":[9069,29723,177,146,147,25,24,1055,176,5264,175,1257,23],"class_list":{"0":"post-94628","1":"post","2":"type-post","3":"status-publish","4":"format-standard","5":"has-post-thumbnail","7":"category-cine","8":"tag-aragones","9":"tag-carinena","10":"tag-cine","11":"tag-entertainment","12":"tag-entretenimiento","13":"tag-es","14":"tag-espana","15":"tag-estreno","16":"tag-film","17":"tag-javier","18":"tag-movies","19":"tag-pelicula","20":"tag-spain"},"share_on_mastodon":{"url":"","error":""},"_links":{"self":[{"href":"https:\/\/www.europesays.com\/es\/wp-json\/wp\/v2\/posts\/94628","targetHints":{"allow":["GET"]}}],"collection":[{"href":"https:\/\/www.europesays.com\/es\/wp-json\/wp\/v2\/posts"}],"about":[{"href":"https:\/\/www.europesays.com\/es\/wp-json\/wp\/v2\/types\/post"}],"author":[{"embeddable":true,"href":"https:\/\/www.europesays.com\/es\/wp-json\/wp\/v2\/users\/2"}],"replies":[{"embeddable":true,"href":"https:\/\/www.europesays.com\/es\/wp-json\/wp\/v2\/comments?post=94628"}],"version-history":[{"count":0,"href":"https:\/\/www.europesays.com\/es\/wp-json\/wp\/v2\/posts\/94628\/revisions"}],"wp:featuredmedia":[{"embeddable":true,"href":"https:\/\/www.europesays.com\/es\/wp-json\/wp\/v2\/media\/94629"}],"wp:attachment":[{"href":"https:\/\/www.europesays.com\/es\/wp-json\/wp\/v2\/media?parent=94628"}],"wp:term":[{"taxonomy":"category","embeddable":true,"href":"https:\/\/www.europesays.com\/es\/wp-json\/wp\/v2\/categories?post=94628"},{"taxonomy":"post_tag","embeddable":true,"href":"https:\/\/www.europesays.com\/es\/wp-json\/wp\/v2\/tags?post=94628"}],"curies":[{"name":"wp","href":"https:\/\/api.w.org\/{rel}","templated":true}]}}