{"id":94638,"date":"2025-09-05T07:32:07","date_gmt":"2025-09-05T07:32:07","guid":{"rendered":"https:\/\/www.europesays.com\/es\/94638\/"},"modified":"2025-09-05T07:32:07","modified_gmt":"2025-09-05T07:32:07","slug":"el-precio-de-la-vivienda-se-dispara-un-127-en-el-segundo-trimestre-su-mayor-alza-desde-la-burbuja","status":"publish","type":"post","link":"https:\/\/www.europesays.com\/es\/94638\/","title":{"rendered":"El precio de la vivienda se dispara un 12,7% en el segundo trimestre, su mayor alza desde la burbuja"},"content":{"rendered":"<p>05\/09\/2025<br \/>\n<br \/><strong><br \/>\nActualizado a las 09:15h.<br \/>\n<\/strong><\/p>\n<p class=\"voc-p\" style=\"\">El precio de la vivienda libre<strong> se dispar\u00f3 un 12,7% en el segundo mestre del a\u00f1o en relaci\u00f3n<\/strong> al mismo periodo de 2024, registrando as\u00ed su mayor alza interanual desde el inicio de la serie hist\u00f3rica, en el primer trimestre de 2007, cuando subi\u00f3 un 13,1%, seg\u00fan el \u00cdndice de Precios de Vivienda (IPV) del Instituto Nacional de Estad\u00edstica (INE) publicado este viernes.<\/p>\n<p class=\"voc-p\" style=\"\">Con la subida del segundo trimestre, superior en medio punto a la experimentada en los tres primeros meses del a\u00f1o, el precio de la vivienda libre acumula 45 trimestres consecutivos de alzas interanuales. Seg\u00fan Estad\u00edstica, <strong>el precio de la vivienda nueva subi\u00f3 un 12,1% interanual en el segundo trimestre<\/strong>, una d\u00e9cima menos que en el trimestre anterior, mientras que el precio de la vivienda usada se dispar\u00f3 un 12,8%, tasa medio punto superior a la del trimestre previo y la m\u00e1s elevada en 18 a\u00f1os, concretamente desde el primer trimestre de 2007.<\/p>\n<p class=\"voc-p\" style=\"\">Todas las comunidades y las dos ciudades aut\u00f3nomas presentaron en el segundo trimestre <strong>tasas interanuales positivas en el precio de la vivienda libre <\/strong>y todas adem\u00e1s fueron de dos d\u00edgitos.<\/p>\n<p class=\"voc-p\" style=\"\"><strong>Las mayores subidas de precios se produjeron en Murcia<\/strong>, con un alza del 14,6%; Arag\u00f3n y La Rioja (+13,7%); Castilla y Le\u00f3n y Andaluc\u00eda (+13,6%), y Asturias, que elev\u00f3 sus precios un 13,5% en relaci\u00f3n al segundo trimestre del a\u00f1o pasado.<\/p>\n<p class=\"voc-p\" style=\"\">Por su parte, los incrementos m\u00e1s moderados en el precio de la vivienda libre se dieron en Cantabria (+10,8%), Castilla-La Mancha (+11,3%); Canarias y Catalu\u00f1a (+11,6%), y Baleares (+11,7%). En tasa trimestral (segundo trimestre sobre primer trimestre), el precio de la vivienda libre aument\u00f3 un 4%, medio punto superior a la del trimestre anterior y <strong>la m\u00e1s elevada desde el segundo trimestre de 2015, cuando repunt\u00f3 un 4,2%.<\/strong><\/p>\n<p class=\"voc-p\" style=\"\">El precio de la vivienda usada tambi\u00e9n <strong>marc\u00f3 su mayor alza trimestral en diez a\u00f1os,<\/strong> con un avance del 4,2%, mientras que el precio de la vivienda nueva subi\u00f3 un 2,6%, frente al 5,5% del trimestre anterior.<\/p>\n<p>Reportar un error<\/p>\n","protected":false},"excerpt":{"rendered":"05\/09\/2025 Actualizado a las 09:15h. El precio de la vivienda libre se dispar\u00f3 un 12,7% en el segundo&hellip;\n","protected":false},"author":2,"featured_media":94639,"comment_status":"","ping_status":"","sticky":false,"template":"","format":"standard","meta":{"footnotes":""},"categories":[80],"tags":[34199,7429,988,82,5658,95,94,25,24,4648,31,3282,1566,23,8114,3633],"class_list":{"0":"post-94638","1":"post","2":"type-post","3":"status-publish","4":"format-standard","5":"has-post-thumbnail","7":"category-economia","8":"tag-34199","9":"tag-alza","10":"tag-anos","11":"tag-business","12":"tag-dispara","13":"tag-economia","14":"tag-economy","15":"tag-es","16":"tag-espana","17":"tag-libre","18":"tag-mayor","19":"tag-precio","20":"tag-segundo","21":"tag-spain","22":"tag-trimestre","23":"tag-vivienda"},"share_on_mastodon":{"url":"","error":""},"_links":{"self":[{"href":"https:\/\/www.europesays.com\/es\/wp-json\/wp\/v2\/posts\/94638","targetHints":{"allow":["GET"]}}],"collection":[{"href":"https:\/\/www.europesays.com\/es\/wp-json\/wp\/v2\/posts"}],"about":[{"href":"https:\/\/www.europesays.com\/es\/wp-json\/wp\/v2\/types\/post"}],"author":[{"embeddable":true,"href":"https:\/\/www.europesays.com\/es\/wp-json\/wp\/v2\/users\/2"}],"replies":[{"embeddable":true,"href":"https:\/\/www.europesays.com\/es\/wp-json\/wp\/v2\/comments?post=94638"}],"version-history":[{"count":0,"href":"https:\/\/www.europesays.com\/es\/wp-json\/wp\/v2\/posts\/94638\/revisions"}],"wp:featuredmedia":[{"embeddable":true,"href":"https:\/\/www.europesays.com\/es\/wp-json\/wp\/v2\/media\/94639"}],"wp:attachment":[{"href":"https:\/\/www.europesays.com\/es\/wp-json\/wp\/v2\/media?parent=94638"}],"wp:term":[{"taxonomy":"category","embeddable":true,"href":"https:\/\/www.europesays.com\/es\/wp-json\/wp\/v2\/categories?post=94638"},{"taxonomy":"post_tag","embeddable":true,"href":"https:\/\/www.europesays.com\/es\/wp-json\/wp\/v2\/tags?post=94638"}],"curies":[{"name":"wp","href":"https:\/\/api.w.org\/{rel}","templated":true}]}}