{"id":94680,"date":"2025-09-05T07:57:07","date_gmt":"2025-09-05T07:57:07","guid":{"rendered":"https:\/\/www.europesays.com\/es\/94680\/"},"modified":"2025-09-05T07:57:07","modified_gmt":"2025-09-05T07:57:07","slug":"la-peliaguda-excarcelacion-del-homicida-de-lavadores","status":"publish","type":"post","link":"https:\/\/www.europesays.com\/es\/94680\/","title":{"rendered":"La peliaguda excarcelaci\u00f3n del homicida de Lavadores"},"content":{"rendered":"<p class=\"ft-text ft-helper-closenews\">Con la instrucci\u00f3n judicial tocando a su fin, la causa por el <a class=\"ft-link ft-link--decoration\" href=\"https:\/\/www.farodevigo.es\/gran-vigo\/2024\/07\/29\/alertas-crimen-lavadores-106210713.html\" rel=\"nofollow noopener\" target=\"_blank\">crimen de Lavadores<\/a> afronta un cap\u00edtulo peliagudo y complejo. La prisi\u00f3n de A Lama ha pedido la excarcelaci\u00f3n del presunto homicida, Juan D.E., por razones humanitarias y m\u00e9dicas ya que padece una<strong> enfermedad pulmonar terminal<\/strong>. La cuesti\u00f3n no es de f\u00e1cil soluci\u00f3n. Este sexagenario privado de libertad por presuntamente matar a cuchilladas a su hermana Mari Carmen sufre, junto a dicho padecimiento f\u00edsico, una esquizofrenia paranoide de la que no tiene \u00abconciencia\u00bb. Junto a vigilar que siga el tratamiento psiqui\u00e1trico para que no sea un peligro ni para s\u00ed mismo ni para los dem\u00e1s, el centro al que vaya tendr\u00e1 que garantizar adem\u00e1s, por su condici\u00f3n de <strong>investigado judicial<\/strong>, que no abandone la instalaciones. Es decir, actuar de garante de la especie de arresto domiciliario que deber\u00e1 cumplir a la espera del juicio por el crimen.<\/p>\n<p class=\"ft-text\">A petici\u00f3n de la Fiscal\u00eda, el <a class=\"ft-link ft-link--decoration\" href=\"https:\/\/www.farodevigo.es\/gran-vigo\/2025\/08\/01\/crimen-lavadores-jueza-valora-trasladar-residencia-homicida-120252633.html\" rel=\"nofollow noopener\" target=\"_blank\">Juzgado de Instrucci\u00f3n n\u00famero 2 de Vigo<\/a> envi\u00f3 un oficio a la <strong>Conseller\u00eda de Pol\u00edtica Social<\/strong> pidiendo su colaboraci\u00f3n para la adjudicaci\u00f3n urgente de una plaza en una residencia para este sexagenario. Pero la respuesta de la Direcci\u00f3n Xeral de Maiores e Atenci\u00f3n Sociosanitaria es que los recursos asistenciales que gestionan son para \u00abpersonas mayores\u00bb, no para pacientes del \u00e1mbito de la salud mental \u00abde dif\u00edcil compensaci\u00f3n y control\u00bb. A mayores, en el informe remitido a la jueza exponen que los centros con <strong>plazas p\u00fablicas de atenci\u00f3n residencial <\/strong>son de <strong>r\u00e9gimen abierto<\/strong>: \u00abPor sus caracter\u00edsticas y dotaci\u00f3n de personal no pueden garantizar la custodia, contenci\u00f3n o vigilancia permanente de determinados perfiles puesto que no est\u00e1n concebidos con ese prop\u00f3sito\u00bb.<\/p>\n<p>Recursos econ\u00f3micos<\/p>\n<p class=\"ft-text\">La soluci\u00f3n que se baraja est\u00e1 ahora en manos de la <a class=\"ft-link ft-link--decoration\" href=\"https:\/\/www.farodevigo.es\/gran-vigo\/2024\/09\/21\/funga-vigilo-presunto-homicida-lavadores-108367882.html\" rel=\"nofollow noopener\" target=\"_blank\">FUNGA<\/a>, la entidad que, al tiempo del crimen, ten\u00eda bajo su tutela al presunto homicida, quien, cuando acab\u00f3 con la vida de su hermana, llevaba meses sin tomar la medicaci\u00f3n. El mismo informe de la Xunta refiere que dicha entidad, \u00abtras el oportuno an\u00e1lisis y teniendo conocimiento de los recursos econ\u00f3micos de la persona\u00bb, va a gestionar una plaza privada urgente en un centro \u00abajustado a la situaci\u00f3n sociosanitaria\u00bb del reo \u00aben coordinaci\u00f3n\u00bb con <strong>A Lama<\/strong>.<\/p>\n<p class=\"ft-text\">La magistrada, en una providencia de agosto notificada esta semana, avanza que el juzgado queda ahora \u00aba la espera\u00bb de que se gestione el traslado a un centro privado. A la espera de c\u00f3mo se resuelve, y si hay recursos asistenciales en Galicia que se ajusten a lo que se plantea en este caso, ayer el <strong>comit\u00e9 de empresa de la Conseller\u00eda de Pol\u00edtica Social en Pontevedra<\/strong> emiti\u00f3 un comunicado mostrando su \u00abrotunda oposici\u00f3n\u00bb al ingreso de enfermos psiqui\u00e1tricos graves en centros residenciales de mayores dependientes, por los graves riesgos y el <strong>\u00abmiedo e inseguridad\u00bb<\/strong> que supone para usuarios y trabajadores. M\u00e1xime si son responsables de \u00abdelitos tan graves\u00bb como puede ser el de homicidio.<\/p>\n<p>\u00abDebe quedar donde est\u00e1\u00bb<\/p>\n<p class=\"ft-text\">Una medida que estos trabajadores piden a la Xunta es crear centros especializados en la atenci\u00f3n a personas con <strong>\u00abpatolog\u00edas psiqui\u00e1tricas graves\u00bb<\/strong> fuera de las residencias de mayores, que no tienen profesionales cualificados para ello. Los propios hermanos e hijos de la v\u00edctima del crimen de Lavadores se opusieron ya formalmente a la excarcelaci\u00f3n de Juan D.E., alertando del<a class=\"ft-link ft-link--decoration\" href=\"https:\/\/www.farodevigo.es\/gran-vigo\/2025\/08\/01\/javier-perez-madre-fallo-sistema-120261637.html\" rel=\"nofollow noopener\" target=\"_blank\"> riesgo de reiteraci\u00f3n delictiva<\/a>. \u00abDebe quedar donde est\u00e1\u00bb, insiste Javier, hijo de Mari Carmen. \u00ab\u00bfQu\u00e9 residencia privada aceptar\u00e1 a una persona con estos antecedentes? \u00bfA qui\u00e9n le gustar\u00eda que un familiar suyo estuviese expuesto a alguien as\u00ed?\u00bb, a\u00f1ade, argumentando que una residencia tampoco es soluci\u00f3n ya que, como la c\u00e1rcel, carece de medios hospitalarios para tratar la enfermedad f\u00edsica terminal. <strong>\u00abEl resumen es que esta patata caliente no la quiere nadie\u00bb<\/strong>, concluye.<\/p>\n<p data-close=\"closedContent\" class=\"subscribeHideForDisplay\">Suscr\u00edbete para seguir leyendo<\/p>\n","protected":false},"excerpt":{"rendered":"Con la instrucci\u00f3n judicial tocando a su fin, la causa por el crimen de Lavadores afronta un cap\u00edtulo&hellip;\n","protected":false},"author":2,"featured_media":94681,"comment_status":"","ping_status":"","sticky":false,"template":"","format":"standard","meta":{"footnotes":""},"categories":[8],"tags":[34211,17,18,34213,3718,25,24,4573,34208,13,14,11,34209,34212,19,20,34210,9,10,15,16,34207,17073,4474,23,12,21,22],"class_list":{"0":"post-94680","1":"post","2":"type-post","3":"status-publish","4":"format-standard","5":"has-post-thumbnail","7":"category-espana","8":"tag-a-lama","9":"tag-breaking-news","10":"tag-breakingnews","11":"tag-ciudad-de-la-justicia","12":"tag-crimen","13":"tag-es","14":"tag-espana","15":"tag-esquizofrenia","16":"tag-excarcelacion","17":"tag-featured-news","18":"tag-featurednews","19":"tag-headlines","20":"tag-homicida","21":"tag-juzgados-vigo","22":"tag-latest-news","23":"tag-latestnews","24":"tag-lavadores","25":"tag-news","26":"tag-noticias","27":"tag-noticias-destacadas","28":"tag-noticiasdestacadas","29":"tag-peliaguda","30":"tag-residencias","31":"tag-salud-mental","32":"tag-spain","33":"tag-titulares","34":"tag-ultimas-noticias","35":"tag-ultimasnoticias"},"share_on_mastodon":{"url":"","error":""},"_links":{"self":[{"href":"https:\/\/www.europesays.com\/es\/wp-json\/wp\/v2\/posts\/94680","targetHints":{"allow":["GET"]}}],"collection":[{"href":"https:\/\/www.europesays.com\/es\/wp-json\/wp\/v2\/posts"}],"about":[{"href":"https:\/\/www.europesays.com\/es\/wp-json\/wp\/v2\/types\/post"}],"author":[{"embeddable":true,"href":"https:\/\/www.europesays.com\/es\/wp-json\/wp\/v2\/users\/2"}],"replies":[{"embeddable":true,"href":"https:\/\/www.europesays.com\/es\/wp-json\/wp\/v2\/comments?post=94680"}],"version-history":[{"count":0,"href":"https:\/\/www.europesays.com\/es\/wp-json\/wp\/v2\/posts\/94680\/revisions"}],"wp:featuredmedia":[{"embeddable":true,"href":"https:\/\/www.europesays.com\/es\/wp-json\/wp\/v2\/media\/94681"}],"wp:attachment":[{"href":"https:\/\/www.europesays.com\/es\/wp-json\/wp\/v2\/media?parent=94680"}],"wp:term":[{"taxonomy":"category","embeddable":true,"href":"https:\/\/www.europesays.com\/es\/wp-json\/wp\/v2\/categories?post=94680"},{"taxonomy":"post_tag","embeddable":true,"href":"https:\/\/www.europesays.com\/es\/wp-json\/wp\/v2\/tags?post=94680"}],"curies":[{"name":"wp","href":"https:\/\/api.w.org\/{rel}","templated":true}]}}