{"id":94700,"date":"2025-09-05T08:08:09","date_gmt":"2025-09-05T08:08:09","guid":{"rendered":"https:\/\/www.europesays.com\/es\/94700\/"},"modified":"2025-09-05T08:08:09","modified_gmt":"2025-09-05T08:08:09","slug":"una-bilbaina-evita-que-ester-exposito-sea-la-mayor-gafe-de-la-historia-de-el-hormiguero","status":"publish","type":"post","link":"https:\/\/www.europesays.com\/es\/94700\/","title":{"rendered":"Una bilba\u00edna evita que Ester Exp\u00f3sito sea la mayor \u00abgafe\u00bb de la historia de &#8216;El Hormiguero&#8217;"},"content":{"rendered":"<p class=\"v-mdl-ath__p v-mdl-ath__p--6\">\nViernes, 5 de septiembre 2025, 07:55<\/p>\n<p class=\"v-p\">Uno de los momentos cumbre cada noche en &#8216;El Hormiguero&#8217; es cuando el invitado llama a un tel\u00e9fono al azar y le propone un juego para que se lleve 6.000 euros. Es el famoso reto de &#8216;la tarjeta del hormiguero&#8217; y consiste en que cuando el espectador descuelgue la llamada escuchar\u00e1 a Motos y su invitado preguntarle &#8216;qu\u00e9 es lo que quiere&#8217; y este debe responder solamente &#8216;la tarjeta del hormiguero&#8217;. Ni un hola, ni un s\u00ed&#8230; solo es v\u00e1lida una respuesta.<\/p>\n<p class=\"v-p\">Normalmente hay veces que fallan los primeros intentos. Salta el buz\u00f3n, el que est\u00e1 al otro lado de la l\u00ednea no se lo cree&#8230; Pero lo que ocurri\u00f3 anoche en el plat\u00f3 estuvo cerca de entrar en la historia del programa. Y eso que este a\u00f1o celebra su veinte aniversario. Afortunadamente para Ester Exp\u00f3sito, que era la invitada anoche, una joven espectadora de Bilbao le salv\u00f3.<\/p>\n<p class=\"v-p\">Motos le explicaba el juego a la actriz y esta se prepar\u00f3 para lanzar la pregunta en el momento que el espectador descolgase la llamada. Pero nadie cog\u00eda. As\u00ed una y otra vez. Las hormigas se desesperaban. Trancas intent\u00f3 hacer &#8216;magia&#8217; para &#8216;invocar&#8217; sus poderes y conseguir que alguien respondiese al otro lado. Pero nada. Hasta Exp\u00f3sito empezaba a desesperarse. \u00abSoy gafe\u00bb, le repiti\u00f3 varias veces a Motos. El presentador le tuvo que consolar. \u00abNo hombre, tranquila, siempre coge alguien\u00bb, dijo tratando de aguantarse la risa al saber que nunca se hab\u00eda tardado tanto en entregar el premio.<\/p>\n<p class=\"v-p\">Finalmente, una bilba\u00edna descolg\u00f3 el tel\u00e9fono. Ester lanz\u00f3 la pregunta pero esta colg\u00f3 pocos segundos despu\u00e9s. Se pens\u00f3 que era una broma. La desesperaci\u00f3n rein\u00f3 en plat\u00f3. Volvieron a intentarlo con otro n\u00famero. \u00ab\u00a1Venga, la \u00faltima!\u00bb, solt\u00f3 Trancas. Pero nada. Y cuando parec\u00eda que el premio iba a quedar desierto por primera vez, a Motos se le ocurri\u00f3 volver a llamar a la bilba\u00edna. Esta vez s\u00ed respondi\u00f3. El presentador ayud\u00f3 a Ester en la pregunta para que la espectadora no se asustase y finalmente esta respondi\u00f3. Dijo lo que ten\u00eda que decir y se llev\u00f3 6.000 euros.<\/p>\n<p class=\"v-p\">A Ester se le ilumin\u00f3 la cara. \u00abMenos mal\u00bb, suspir\u00f3 mientras Motos le ped\u00eda explicaciones a la joven espectadora que hab\u00eda colgado el tel\u00e9fono minutos antes. \u00abEstaba en n\u00famero oculto&#8230;\u00bb, explic\u00f3 Uxue. A Motos le cost\u00f3 pronunciarlo: \u00ab\u00bfUzue?\u00bb. \u00ab\u00bfCon Z?\u00bb, a\u00f1adi\u00f3 Trancas. \u00abUxue, Uxue\u00bb, repet\u00eda la protagonista marcando bien la x. Finalmente el equipo de r\u00f3tulos ayud\u00f3 a Motos. <\/p>\n<p class=\"v-p\">Uxue no se cre\u00eda que acababa de ganar 6.000 euros y tuvo que encender la televisi\u00f3n para comprobar que no era un vacile. Estall\u00f3 de alegr\u00eda y, como novata, puso el volumen a tope. La comunicaci\u00f3n se volvi\u00f3 un imposible. Pero antes de colgar pregunt\u00f3 c\u00f3mo iba la gesti\u00f3n para recibir el dinero, el presentador se lo explic\u00f3 y despu\u00e9s colgaron. A Exp\u00f3sito le sorprendi\u00f3 la poca efusividad de la joven y Motos le pregunt\u00f3 que \u00absuele ocurrir\u00bb y es por \u00abel shock\u00bb. \u00abTodav\u00eda no se lo terminan de creer. Luego cuando les vuelven a llamar para pedirles los datos, muchos se emocionan\u00bb, confes\u00f3 antes de despedir a la actriz, que estrena hoy en los cines su \u00faltima pel\u00edcula, &#8216;El talento&#8217;. Casualmente rodada en Bilbao.<\/p>\n<p>Comenta<\/p>\n<p>Reporta un error<\/p>\n","protected":false},"excerpt":{"rendered":"Viernes, 5 de septiembre 2025, 07:55 Uno de los momentos cumbre cada noche en &#8216;El Hormiguero&#8217; es cuando&hellip;\n","protected":false},"author":2,"featured_media":94701,"comment_status":"","ping_status":"","sticky":false,"template":"","format":"standard","meta":{"footnotes":""},"categories":[174],"tags":[9982,255,146,147,25,24,30817,12041,33920,256,34215,17775,31,23],"class_list":{"0":"post-94700","1":"post","2":"type-post","3":"status-publish","4":"format-standard","5":"has-post-thumbnail","7":"category-famosos","8":"tag-bilbaina","9":"tag-celebrities","10":"tag-entertainment","11":"tag-entretenimiento","12":"tag-es","13":"tag-espana","14":"tag-ester","15":"tag-evita","16":"tag-exposito","17":"tag-famosos","18":"tag-gafe","19":"tag-hormiguero","20":"tag-mayor","21":"tag-spain"},"share_on_mastodon":{"url":"","error":""},"_links":{"self":[{"href":"https:\/\/www.europesays.com\/es\/wp-json\/wp\/v2\/posts\/94700","targetHints":{"allow":["GET"]}}],"collection":[{"href":"https:\/\/www.europesays.com\/es\/wp-json\/wp\/v2\/posts"}],"about":[{"href":"https:\/\/www.europesays.com\/es\/wp-json\/wp\/v2\/types\/post"}],"author":[{"embeddable":true,"href":"https:\/\/www.europesays.com\/es\/wp-json\/wp\/v2\/users\/2"}],"replies":[{"embeddable":true,"href":"https:\/\/www.europesays.com\/es\/wp-json\/wp\/v2\/comments?post=94700"}],"version-history":[{"count":0,"href":"https:\/\/www.europesays.com\/es\/wp-json\/wp\/v2\/posts\/94700\/revisions"}],"wp:featuredmedia":[{"embeddable":true,"href":"https:\/\/www.europesays.com\/es\/wp-json\/wp\/v2\/media\/94701"}],"wp:attachment":[{"href":"https:\/\/www.europesays.com\/es\/wp-json\/wp\/v2\/media?parent=94700"}],"wp:term":[{"taxonomy":"category","embeddable":true,"href":"https:\/\/www.europesays.com\/es\/wp-json\/wp\/v2\/categories?post=94700"},{"taxonomy":"post_tag","embeddable":true,"href":"https:\/\/www.europesays.com\/es\/wp-json\/wp\/v2\/tags?post=94700"}],"curies":[{"name":"wp","href":"https:\/\/api.w.org\/{rel}","templated":true}]}}