{"id":94712,"date":"2025-09-05T08:19:09","date_gmt":"2025-09-05T08:19:09","guid":{"rendered":"https:\/\/www.europesays.com\/es\/94712\/"},"modified":"2025-09-05T08:19:09","modified_gmt":"2025-09-05T08:19:09","slug":"la-empresa-carris-responsable-del-funicular-de-lisboa-accidentado-redujo-las-inspecciones-de-24-horas-a-30-minutos","status":"publish","type":"post","link":"https:\/\/www.europesays.com\/es\/94712\/","title":{"rendered":"La empresa Carris, responsable del funicular de Lisboa accidentado, redujo las inspecciones de 24 horas a 30 minutos"},"content":{"rendered":"<p>05\/09\/2025<br \/>\n<br \/><strong><br \/>\nActualizado a las 09:12h.<br \/>\n<\/strong><\/p>\n<p class=\"voc-p\" style=\"\">La empresa Carris, encargada del mantenimiento del <a href=\"https:\/\/www.abc.es\/internacional\/dos-espanoles-heridos-accidente-funicular-lisboa-reciben-20250904085426-nt.html\" title=\"www.abc.es\" data-voc-vtm-id=\"in-text-traffic\" data-mrf-link=\"www.abc.es\" rel=\"nofollow noopener\" target=\"_blank\">Elevador da Gl\u00f3ria<\/a> de Lisboa cuyo siniestro dej\u00f3 16 fallecidos y decenas de heridos, hab\u00eda reducido las inspecciones diarias de 24 horas a 30 minutos, seg\u00fan publica <a href=\"https:\/\/www.publico.pt\/2025\/09\/05\/sociedade\/noticia\/elevador-gloria-carris-reduziu-vistorias-24-horas-diarias-inspeccoes-30-minutos-2146069\" title=\"www.publico.pt\" data-voc-vtm-id=\"in-text-traffic\" data-mrf-link=\"www.publico.pt\" rel=\"nofollow noopener\" target=\"_blank\">el medio portugu\u00e9s P\u00fablico<\/a>. El matinal tambi\u00e9n se\u00f1ala que, tras la presunta inspecci\u00f3n visual realizada al cable nueve horas antes del accidente que hab\u00eda confirmado su \u00abperfecto estado\u00bb, la teor\u00eda del \u00abcable roto\u00bb no se sustenta.<\/p>\n<p class=\"voc-p\" style=\"\">Por su parte, la empresa Carris asegur\u00f3 que hab\u00eda cumplido con \u00abtodos los protocolos de mantenimiento\u00bb. \u00abSe respet\u00f3 todo escrupulosamente\u00bb, declar\u00f3 <strong>Pedro Bogas<\/strong>, director de Lisboa Carris, en el lugar del accidente, y a\u00f1adi\u00f3 que una empresa externa ha realizado el mantenimiento de los funiculares durante los \u00faltimos 14 a\u00f1os. Su revisi\u00f3n general se lleva a cabo cada cuatro a\u00f1os y la \u00faltima se realiz\u00f3 en 2022, seg\u00fan la empresa. El mantenimiento intermedio se hace cada dos a\u00f1os y se complet\u00f3 en 2024.<\/p>\n<p class=\"voc-p\" style=\"\">Tras confirmar que el funicular funcionaba con normalidad, en la prensa portuguesa se divulg\u00f3 que el cable siniestrado todav\u00eda contaba con 263 d\u00edas de uso, dado que, seg\u00fan informan, deben ser susituidos cada 600 d\u00edas.<\/p>\n<p class=\"voc-p\" style=\"\">El <a href=\"https:\/\/www.abc.es\/internacional\/montenegro-mayores-tragedias-historia-reciente-portugal-20250904154643-nt.html\" title=\"www.abc.es\" data-voc-vtm-id=\"in-text-traffic\" data-mrf-link=\"www.abc.es\" rel=\"nofollow noopener\" target=\"_blank\">primer ministro portugu\u00e9s<\/a>, <strong>Luis Montenegro<\/strong>, confirm\u00f3 que son 16 las v\u00edctimas mortales del accidente en el Elevador da Gl\u00f3ria \u2013y no 17, como anteriormente hab\u00eda divulgado Protecci\u00f3n Civil\u2013, adem\u00e1s de siete heridos graves. \u00abSe trata de una de las mayores tragedias de la historia reciente de Portugal\u00bb, ha dicho el jefe del ejecutivo luso que a\u00f1ade: \u00abEste tr\u00e1gico accidente, que ha golpeado a nuestro pa\u00eds, trasciende fronteras y es un dolor que tambi\u00e9n se siente a nivel internacional\u00bb.<\/p>\n<p class=\"voc-p\" style=\"\">[HABR\u00c1 AMPLIACI\u00d3N]<\/p>\n<p>Reportar un error<\/p>\n","protected":false},"excerpt":{"rendered":"05\/09\/2025 Actualizado a las 09:12h. La empresa Carris, encargada del mantenimiento del Elevador da Gl\u00f3ria de Lisboa cuyo&hellip;\n","protected":false},"author":2,"featured_media":94713,"comment_status":"","ping_status":"","sticky":false,"template":"","format":"standard","meta":{"footnotes":""},"categories":[42],"tags":[16246,17,18,24409,34219,4269,13,14,34220,11,297,34222,61,62,63,64,19,20,4577,1264,9,10,15,16,34221,12,21,22,65,66,67],"class_list":{"0":"post-94712","1":"post","2":"type-post","3":"status-publish","4":"format-standard","5":"has-post-thumbnail","7":"category-internacional","8":"tag-accidentado","9":"tag-breaking-news","10":"tag-breakingnews","11":"tag-cargo","12":"tag-carris","13":"tag-empresa","14":"tag-featured-news","15":"tag-featurednews","16":"tag-funicular","17":"tag-headlines","18":"tag-horas","19":"tag-inspecciones","20":"tag-internacional","21":"tag-international","22":"tag-international-news","23":"tag-internationalnews","24":"tag-latest-news","25":"tag-latestnews","26":"tag-lisboa","27":"tag-minutos","28":"tag-news","29":"tag-noticias","30":"tag-noticias-destacadas","31":"tag-noticiasdestacadas","32":"tag-redujo","33":"tag-titulares","34":"tag-ultimas-noticias","35":"tag-ultimasnoticias","36":"tag-world","37":"tag-world-news","38":"tag-worldnews"},"share_on_mastodon":{"url":"","error":""},"_links":{"self":[{"href":"https:\/\/www.europesays.com\/es\/wp-json\/wp\/v2\/posts\/94712","targetHints":{"allow":["GET"]}}],"collection":[{"href":"https:\/\/www.europesays.com\/es\/wp-json\/wp\/v2\/posts"}],"about":[{"href":"https:\/\/www.europesays.com\/es\/wp-json\/wp\/v2\/types\/post"}],"author":[{"embeddable":true,"href":"https:\/\/www.europesays.com\/es\/wp-json\/wp\/v2\/users\/2"}],"replies":[{"embeddable":true,"href":"https:\/\/www.europesays.com\/es\/wp-json\/wp\/v2\/comments?post=94712"}],"version-history":[{"count":0,"href":"https:\/\/www.europesays.com\/es\/wp-json\/wp\/v2\/posts\/94712\/revisions"}],"wp:featuredmedia":[{"embeddable":true,"href":"https:\/\/www.europesays.com\/es\/wp-json\/wp\/v2\/media\/94713"}],"wp:attachment":[{"href":"https:\/\/www.europesays.com\/es\/wp-json\/wp\/v2\/media?parent=94712"}],"wp:term":[{"taxonomy":"category","embeddable":true,"href":"https:\/\/www.europesays.com\/es\/wp-json\/wp\/v2\/categories?post=94712"},{"taxonomy":"post_tag","embeddable":true,"href":"https:\/\/www.europesays.com\/es\/wp-json\/wp\/v2\/tags?post=94712"}],"curies":[{"name":"wp","href":"https:\/\/api.w.org\/{rel}","templated":true}]}}