{"id":94718,"date":"2025-09-05T08:22:14","date_gmt":"2025-09-05T08:22:14","guid":{"rendered":"https:\/\/www.europesays.com\/es\/94718\/"},"modified":"2025-09-05T08:22:14","modified_gmt":"2025-09-05T08:22:14","slug":"bm-zamora-tendra-como-rival-al-bm-arroyo-este-sabado","status":"publish","type":"post","link":"https:\/\/www.europesays.com\/es\/94718\/","title":{"rendered":"BM Zamora tendr\u00e1 como rival al BM Arroyo este s\u00e1bado"},"content":{"rendered":"<p class=\"ft-text\">La 24\u00aa edici\u00f3n del Memorial Manuel Camba se celebrar\u00e1 este s\u00e1bado 6 de septiembre en el pabell\u00f3n que lleva el nombre del que fuera gran promotor del balonmano en Zamora. Se trata del torneo de balonmano decano en nuestra Comunidad Aut\u00f3noma que sirve como importante preparaci\u00f3n en la pretemporada del primer equipo. Este a\u00f1o el <a class=\"ft-link ft-link--decoration\" href=\"https:\/\/www.laopiniondezamora.es\/deportes\/balonmano-zamora\/\" rel=\"nofollow noopener\" target=\"_blank\">Balonmano Zamora<\/a> cuenta con siete jugadores zamoranos con ficha en el primer equipo y tres del filial que est\u00e1n realizando la pretemporada, sumando un total de diez jugadores locales en el primer equipo, lo que para Octavio Magad\u00e1n, gerente del club, supone un \u201c\u00e9xito\u201d y una continuidad con \u201cla filosof\u00eda del club de fomentar el talento local\u201d.<\/p>\n<p class=\"ft-text\">El trofeo se compone de dos partidos, ambos el s\u00e1bado 6 de septiembre, siendo el primero el que enfrentar\u00e1 al segundo equipo del club, el filial Moralejo, contra Balonm\u00e1n Mi\u00f1o, un equipo orensano de la misma categor\u00eda, a las 17:00 de la tarde, y el segundo el que enfrentar\u00e1 al primer equipo del Balonmano Zamora contra el filial del Recoletas Cabero (Atl\u00e9tico Valladolid), tambi\u00e9n de su misma categor\u00eda, a las 19.00 horas. Felipe Barrientos, reponsable de la canteram, subray\u00f3 la importancia de estos partidos para el equipo, esperando que sirva de cara a la \u201cpreparaci\u00f3n para la temporada\u201d, y a obtener \u201cpar\u00e1metros de cara al nivel que estamos llevando en la pretemporada\u201d. Los socios del Balonmano Zamora tendr\u00e1n asistencia gratuita al pabell\u00f3n Manuel Camba, mientras que para los no socios el precio de la entrada ser\u00e1 de 5 euros. n<\/p>\n","protected":false},"excerpt":{"rendered":"La 24\u00aa edici\u00f3n del Memorial Manuel Camba se celebrar\u00e1 este s\u00e1bado 6 de septiembre en el pabell\u00f3n que&hellip;\n","protected":false},"author":2,"featured_media":94719,"comment_status":"","ping_status":"","sticky":false,"template":"","format":"standard","meta":{"footnotes":""},"categories":[278],"tags":[376,8224,383,8223,168,25,24,375,961,6260,23,167,602,2946],"class_list":{"0":"post-94718","1":"post","2":"type-post","3":"status-publish","4":"format-standard","5":"has-post-thumbnail","7":"category-balonmano","8":"tag-balonmano","9":"tag-balonmano-zamora","10":"tag-bm","11":"tag-bm-zamora","12":"tag-deportes","13":"tag-es","14":"tag-espana","15":"tag-handball","16":"tag-pretemporada","17":"tag-rival","18":"tag-spain","19":"tag-sports","20":"tag-tendra","21":"tag-zamora"},"share_on_mastodon":{"url":"","error":""},"_links":{"self":[{"href":"https:\/\/www.europesays.com\/es\/wp-json\/wp\/v2\/posts\/94718","targetHints":{"allow":["GET"]}}],"collection":[{"href":"https:\/\/www.europesays.com\/es\/wp-json\/wp\/v2\/posts"}],"about":[{"href":"https:\/\/www.europesays.com\/es\/wp-json\/wp\/v2\/types\/post"}],"author":[{"embeddable":true,"href":"https:\/\/www.europesays.com\/es\/wp-json\/wp\/v2\/users\/2"}],"replies":[{"embeddable":true,"href":"https:\/\/www.europesays.com\/es\/wp-json\/wp\/v2\/comments?post=94718"}],"version-history":[{"count":0,"href":"https:\/\/www.europesays.com\/es\/wp-json\/wp\/v2\/posts\/94718\/revisions"}],"wp:featuredmedia":[{"embeddable":true,"href":"https:\/\/www.europesays.com\/es\/wp-json\/wp\/v2\/media\/94719"}],"wp:attachment":[{"href":"https:\/\/www.europesays.com\/es\/wp-json\/wp\/v2\/media?parent=94718"}],"wp:term":[{"taxonomy":"category","embeddable":true,"href":"https:\/\/www.europesays.com\/es\/wp-json\/wp\/v2\/categories?post=94718"},{"taxonomy":"post_tag","embeddable":true,"href":"https:\/\/www.europesays.com\/es\/wp-json\/wp\/v2\/tags?post=94718"}],"curies":[{"name":"wp","href":"https:\/\/api.w.org\/{rel}","templated":true}]}}