{"id":94724,"date":"2025-09-05T08:32:12","date_gmt":"2025-09-05T08:32:12","guid":{"rendered":"https:\/\/www.europesays.com\/es\/94724\/"},"modified":"2025-09-05T08:32:12","modified_gmt":"2025-09-05T08:32:12","slug":"la-vuelta-en-bilbao-ambiente-antes-de-la-salida-en-san-mames","status":"publish","type":"post","link":"https:\/\/www.europesays.com\/es\/94724\/","title":{"rendered":"La Vuelta en Bilbao | ambiente antes de la salida en San Mam\u00e9s"},"content":{"rendered":"<p>\n        <strong>Los amantes del ciclismo est\u00e1n reunidos desde la ma\u00f1ana de este mi\u00e9rcoles para vivir la und\u00e9cima etapa de La Vuelta 2025<\/strong>. Decenas de personas est\u00e1n aguantado bajo el sofocante sol que se extender\u00e1 durante toda la jornada, hasta el momento en el que los ciclistas lleguen a la meta situada en la Gran V\u00eda. En todo el entorno de San Mam\u00e9s transitan decenas de personas que han podido ver a menos de un metro los autobuses, coches caravana y lo m\u00e1s importante de la cita, los ciclistas.\n<\/p>\n<p class=\"article-body__text \">\n        A apenas unos metros del lugar del que se lleva a cabo la salida neutralizada se encuentran Hugo Gonz\u00e1lez, Javier Mart\u00edn y Tom\u00e1s D\u00edaz, tres amigos de toda la vida que un d\u00eda decidieron salir a andar en bici y se lo pasaron \u00abtan bien\u00bb que decidieron fijar que \u00ab<strong>al menos un d\u00eda al mes saldr\u00edamos a dar una vuelta<\/strong>\u00bb por los alrededores. \u00abSomos de un pueblo del sur y all\u00ed es normal ir en bici de un lado a otro\u00bb, confiesan los tres mientras se dirigen a la explanada de San Mam\u00e9s, lugar en el que se est\u00e1n presentando los equipos.\n<\/p>\n<p class=\"article-body__text \">\n        Un gusanillo que fue a m\u00e1s a medida que sus piernas fueron sumando kil\u00f3metros por los pueblos cercanos. \u00abSi nos dicen hace diez a\u00f1os que \u00edbamos a estar en una etapa de estas no nos lo hubi\u00e9semos cre\u00eddo\u00bb, afirman. En una de las zonas donde los distintos equipos esperan a que se d\u00e9 inicio a la und\u00e9cima etapa se encuentran las guipuzcoanas Maite y Garbine, dos aficionados al ciclismo que no han dudado en acercarse a la capital vizcaina desde Gipuzkoa. \u00ab<strong>Esto es una pasada\u00bb, <\/strong>comentan.<\/p>\n","protected":false},"excerpt":{"rendered":"Los amantes del ciclismo est\u00e1n reunidos desde la ma\u00f1ana de este mi\u00e9rcoles para vivir la und\u00e9cima etapa de&hellip;\n","protected":false},"author":2,"featured_media":94725,"comment_status":"","ping_status":"","sticky":false,"template":"","format":"standard","meta":{"footnotes":""},"categories":[273],"tags":[34229,4952,313,312,168,25,24,3956,23980,2228,23,167],"class_list":{"0":"post-94724","1":"post","2":"type-post","3":"status-publish","4":"format-standard","5":"has-post-thumbnail","7":"category-ciclismo","8":"tag-aledanos","9":"tag-ambiente","10":"tag-ciclismo","11":"tag-cycling","12":"tag-deportes","13":"tag-es","14":"tag-espana","15":"tag-gran","16":"tag-mames","17":"tag-san","18":"tag-spain","19":"tag-sports"},"share_on_mastodon":{"url":"","error":""},"_links":{"self":[{"href":"https:\/\/www.europesays.com\/es\/wp-json\/wp\/v2\/posts\/94724","targetHints":{"allow":["GET"]}}],"collection":[{"href":"https:\/\/www.europesays.com\/es\/wp-json\/wp\/v2\/posts"}],"about":[{"href":"https:\/\/www.europesays.com\/es\/wp-json\/wp\/v2\/types\/post"}],"author":[{"embeddable":true,"href":"https:\/\/www.europesays.com\/es\/wp-json\/wp\/v2\/users\/2"}],"replies":[{"embeddable":true,"href":"https:\/\/www.europesays.com\/es\/wp-json\/wp\/v2\/comments?post=94724"}],"version-history":[{"count":0,"href":"https:\/\/www.europesays.com\/es\/wp-json\/wp\/v2\/posts\/94724\/revisions"}],"wp:featuredmedia":[{"embeddable":true,"href":"https:\/\/www.europesays.com\/es\/wp-json\/wp\/v2\/media\/94725"}],"wp:attachment":[{"href":"https:\/\/www.europesays.com\/es\/wp-json\/wp\/v2\/media?parent=94724"}],"wp:term":[{"taxonomy":"category","embeddable":true,"href":"https:\/\/www.europesays.com\/es\/wp-json\/wp\/v2\/categories?post=94724"},{"taxonomy":"post_tag","embeddable":true,"href":"https:\/\/www.europesays.com\/es\/wp-json\/wp\/v2\/tags?post=94724"}],"curies":[{"name":"wp","href":"https:\/\/api.w.org\/{rel}","templated":true}]}}