{"id":94761,"date":"2025-09-05T08:59:14","date_gmt":"2025-09-05T08:59:14","guid":{"rendered":"https:\/\/www.europesays.com\/es\/94761\/"},"modified":"2025-09-05T08:59:14","modified_gmt":"2025-09-05T08:59:14","slug":"en-villacarrillo-torres-bombita-gana-el-xxxi-ciclo-de-novilladas","status":"publish","type":"post","link":"https:\/\/www.europesays.com\/es\/94761\/","title":{"rendered":"En Villacarrillo, Torres Bombita gana el XXXI Ciclo de Novilladas"},"content":{"rendered":"<p><strong>Villacarrillo (Ja\u00e9n)<\/strong>, s\u00e1bado, 30 de agosto de 2025. Final del XXXI Ciclo de Novilladas sin Picadores en clase pr\u00e1ctica, organizada por la Asociaci\u00f3n Andaluza de Escuelas Taurinas \u201cPedro Romero\u201d. Cielo azul y temperatura soportable. Entrada de lleno. Preside Antonio Gonz\u00e1lez. Ameniza la Banda de M\u00fasica \u201cCrist\u00f3bal Mar\u00edn\u201d de Villacarrillo, dirigida por Jos\u00e9 Manuel Segura.<\/p>\n<p>Se lidian ocho erales de la ganader\u00eda de <strong>Apolinar Soriano<\/strong> (que pasta en Santa Elena, Ja\u00e9n), con volumen, presencia y cuajo que resultaron exigentes.<\/p>\n<ul>\n<li><strong>Manuel Quintana <\/strong>(de la escuela de C\u00f3rdoba, de blanco y plata), estocada honda contraria y tendida; dos orejas. Pinchazo y entera arriba; dos orejas.<\/li>\n<li><strong>Isaac Galv\u00edn <\/strong>(de la <a href=\"https:\/\/www.elmira.es\/articulo\/tauromaquia\/isaac-galvin-gana-xxiv-encuentro-escuelas-taurinas\/20230924100415416518.html\" rel=\"nofollow noopener\" target=\"_blank\">escuela de San Fernando<\/a>, de tabaco y oro), entera arriba tras aviso; dos orejas. Media tendida; una oreja con petici\u00f3n de segunda.<\/li>\n<li><strong>Javier Torres Bombita <\/strong>(de la escuela de Ubrique, de pur\u00edsima y oro), pinchazo y entera desprendida; dos orejas. Entera desprendida; dos orejas con petici\u00f3n de rabo.<\/li>\n<li><strong>David Guti\u00e9rrez <\/strong>(de la escuela de Badajoz, de verde y oro), estocada costalera y entera contraria con dos golpes de descabello tras aviso; oreja. Dos pinchazos y entera tendida; oreja.<\/li>\n<\/ul>\n<p><img loading=\"lazy\" decoding=\"async\" width=\"1208\" height=\"796\" alt=\"Final en Villacarrillo I Pedroches\" src=\"https:\/\/www.europesays.com\/es\/wp-content\/uploads\/2025\/09\/2025090509132676515.jpg\" class=\"lazyload\" \/><br \/>\nFinal en Villacarrillo I Pedroches<\/p>\n<p><strong>Incidencias<\/strong>: Canal Sur TV transmite el festejo. Se guarda un minuto de silencio por el ganadero, recientemente fallecido y (con error de protocolo) se interpreta el Himno Nacional al terminar el pase\u00edllo. Al terminar \u00e9ste los familiares de\u00a0Apolinar Soriano\u00a0reciben un trofeo y una placa conmemorativa de manos del Secretario General de Interior,\u00a0<strong>David Gil<\/strong> y del alcalde, <strong>Francisco Miralles<\/strong>.<\/p>\n<p>Se cuenta con la asistencia de autoridades, como los citados David Gil y Francisco Miralles; el delegado del Gobierno de la Junta,\u00a0<strong>Jes\u00fas Estrella<\/strong>; la Concejal de Fiestas, <strong>Francisca Hidalgo<\/strong>; la delegada territorial de Agricultura,\u00a0<strong>Soledad Aranda<\/strong> y el diputado provincial de Medio Ambiente de Granada, <strong>Antonio Mancilla<\/strong>, acompa\u00f1adas del\u00a0presidente de la Asociaci\u00f3n Andaluza de Escuelas Taurinas, <strong>Eduardo Ordo\u00f1ez<\/strong>.<\/p>\n<p>Entre los banderilleros, destacan Chamaqui, V\u00edctor Nieto y el Califa de Aragua. Al acabar la lidia se entregan los trofeos del Ciclo. Los cuatro salen a hombros.<\/p>\n<p>Comentario<\/p>\n<p>Despu\u00e9s de las ocho novilladas previas (cinco novilladas clasificatorias, dos semifinales y Gran Semifinal) llegamos a la Gran Final del XXX Ciclo de Novilladas sin Caballos de las escuelas taurinas de Andaluc\u00eda, en el que empezaron treinta novilleros. El lugar designado es el mismo que a\u00f1os anteriores y mientras <strong>Villacarrillo<\/strong> siga poniendo cari\u00f1o en la organizaci\u00f3n de esta novillada la final del Ciclo seguir\u00e1 teniendo lugar en esta localidad jienense. Recordemos que Ja\u00e9n es la provincia andaluza donde m\u00e1s festejos taurinos se celebran a lo largo del a\u00f1o, con <strong>m\u00e1s de tres mil<\/strong> en el periodo 2007-2023.<\/p>\n<p><strong>Quintana, Galv\u00edn<\/strong>, <strong>Bombita<\/strong>\u00a0y <strong>Guti\u00e9rrez<\/strong> se han vaciado con sus respectivos lotes. Los j\u00f3venes espadas han mostrado un alt\u00edsimo nivel y una acusada personalidad ante la cara de sus antagonistas. Los cuatro han ofrecido una extraordinaria tarde de toros por desparpajo, oficio, torer\u00eda y entrega que ha calado muy hondo en la cabal afici\u00f3n jienense.<\/p>\n<p><img loading=\"lazy\" decoding=\"async\" width=\"1200\" height=\"675\" alt=\"2 Torres Bombita I Pedroches\" src=\"https:\/\/www.europesays.com\/es\/wp-content\/uploads\/2025\/09\/2025090509132697349.jpg\" class=\"lazyload\" \/><br \/>\nTorres Bombita I Pedroches<\/p>\n<p>Final<\/p>\n<p>Como colof\u00f3n se procede a la proclamaci\u00f3n de los premiados y a la entrega de trofeos. Tras la decisi\u00f3n del jurado, formado por\u00a0Elena Aguilar, Jos\u00e9 S\u00e1nchez y Antonio Gonz\u00e1lez\u00a0(presidente del festejo), se declara a <strong>Torres Bombita<\/strong> con Triunfador del XXXI Ciclo de Novilladas sin Caballos en clase pr\u00e1ctica de Andaluc\u00eda, organizado por la Asociaci\u00f3n de Escuelas \u201cPedro Romero\u201d.\u00a0<\/p>\n<p>El segundo clasificado es <strong>Manuel Quintana<\/strong>, el tercer clasificado es <strong>David <\/strong>Guti\u00e9rrez y el cuarto, <strong>Isaac Galv\u00edn<\/strong>. El trofeo al triunfador es un capote de paseo donado por la Asociaci\u00f3n Andaluza. El Ayuntamiento de Villacarrillo entrega a cada uno de los cuatro finalistas un trofeo; son obras artesanales exclusivas creadas por el villacarrense Alfonso Moreno.<\/p>\n<p>El\u00a0<strong>Ayuntamiento<\/strong>\u00a0tambi\u00e9n entreg\u00f3 unas distinciones a David Gil;\u00a0Jes\u00fas Estrella; el torero\u00a0<strong>Francisco Ruiz Miguel<\/strong>; el jefe de Retransmisiones Taurinas de Canal Sur TV <strong>Enrique Romero<\/strong>; la periodista\u00a0<strong>Noelia L\u00f3pez<\/strong>; y el\u00a0presidente de la Asociaci\u00f3n de Escuelas Eduardo Ord\u00f3\u00f1ez.<\/p>\n<p><img loading=\"lazy\" decoding=\"async\" width=\"1166\" height=\"714\" alt=\"El triunfador del Ciclo I Pedroches\" src=\"https:\/\/www.europesays.com\/es\/wp-content\/uploads\/2025\/09\/2025090509132713126.jpg\" class=\"lazyload\" \/><br \/>\nEl triunfador del Ciclo I Pedroches<\/p>\n","protected":false},"excerpt":{"rendered":"Villacarrillo (Ja\u00e9n), s\u00e1bado, 30 de agosto de 2025. Final del XXXI Ciclo de Novilladas sin Picadores en clase&hellip;\n","protected":false},"author":2,"featured_media":94762,"comment_status":"","ping_status":"","sticky":false,"template":"","format":"standard","meta":{"footnotes":""},"categories":[277],"tags":[373,168,25,24,23,167,374,444],"class_list":{"0":"post-94761","1":"post","2":"type-post","3":"status-publish","4":"format-standard","5":"has-post-thumbnail","7":"category-toreo","8":"tag-bullfighting","9":"tag-deportes","10":"tag-es","11":"tag-espana","12":"tag-spain","13":"tag-sports","14":"tag-toreo","15":"tag-toros"},"share_on_mastodon":{"url":"","error":""},"_links":{"self":[{"href":"https:\/\/www.europesays.com\/es\/wp-json\/wp\/v2\/posts\/94761","targetHints":{"allow":["GET"]}}],"collection":[{"href":"https:\/\/www.europesays.com\/es\/wp-json\/wp\/v2\/posts"}],"about":[{"href":"https:\/\/www.europesays.com\/es\/wp-json\/wp\/v2\/types\/post"}],"author":[{"embeddable":true,"href":"https:\/\/www.europesays.com\/es\/wp-json\/wp\/v2\/users\/2"}],"replies":[{"embeddable":true,"href":"https:\/\/www.europesays.com\/es\/wp-json\/wp\/v2\/comments?post=94761"}],"version-history":[{"count":0,"href":"https:\/\/www.europesays.com\/es\/wp-json\/wp\/v2\/posts\/94761\/revisions"}],"wp:featuredmedia":[{"embeddable":true,"href":"https:\/\/www.europesays.com\/es\/wp-json\/wp\/v2\/media\/94762"}],"wp:attachment":[{"href":"https:\/\/www.europesays.com\/es\/wp-json\/wp\/v2\/media?parent=94761"}],"wp:term":[{"taxonomy":"category","embeddable":true,"href":"https:\/\/www.europesays.com\/es\/wp-json\/wp\/v2\/categories?post=94761"},{"taxonomy":"post_tag","embeddable":true,"href":"https:\/\/www.europesays.com\/es\/wp-json\/wp\/v2\/tags?post=94761"}],"curies":[{"name":"wp","href":"https:\/\/api.w.org\/{rel}","templated":true}]}}