{"id":94779,"date":"2025-09-05T09:18:11","date_gmt":"2025-09-05T09:18:11","guid":{"rendered":"https:\/\/www.europesays.com\/es\/94779\/"},"modified":"2025-09-05T09:18:11","modified_gmt":"2025-09-05T09:18:11","slug":"avance-del-capitulo-53-de-una-nueva-vida-la-serie-turca-de-antena-3","status":"publish","type":"post","link":"https:\/\/www.europesays.com\/es\/94779\/","title":{"rendered":"Avance del cap\u00edtulo 53 de &#8216;Una nueva vida&#8217;, la serie turca de Antena 3"},"content":{"rendered":"<p data-journey-content=\"true\" data-node-id=\"3\" class=\"css-i9p093 emevuu60\">Tras lo ocurrido en <a href=\"https:\/\/www.diezminutos.es\/telenovela\/turcas\/a65902683\/una-nueva-vida-capitulo-52-avance-serie-turca-antena-3\/\" target=\"_blank\" data-vars-ga-outbound-link=\"https:\/\/www.diezminutos.es\/telenovela\/turcas\/a65902683\/una-nueva-vida-capitulo-52-avance-serie-turca-antena-3\/\" data-vars-ga-ux-element=\"Hyperlink\" data-vars-ga-call-to-action=\"el cap\u00edtulo 52 de &#039;Una nueva vida&#039;\" data-node-id=\"3.1\" class=\"body-link css-177bzfx emevuu60\" rel=\"nofollow noopener\">el cap\u00edtulo 52 de &#8216;Una nueva vida&#8217;<\/a>, el p\u00e1nico se extiende por la mansi\u00f3n Korhan como un incendio imparable. Los medios de comunicaci\u00f3n han aceptado la versi\u00f3n de Seyran sin cuestionarla y la empresa familiar comienza a tambalearse. Los socios extranjeros, desconfiados, amenazan con romper contratos y el patriarca del clan siente que todo por lo que luch\u00f3 se desmorona entre sus manos. Ferit, devastado, jura venganza contra Seyran. Entre l\u00e1grimas y con la voz cargada de rabia, se arrodilla ante su abuelo: \u00abSolucionar\u00e9 todo esto. Conf\u00eda en m\u00ed, no volver\u00e1s a escuchar el nombre de esa chica. Te juro por mi hermano que me divorciar\u00e9\u00bb.<\/p>\n<p><img draggable=\"true\" alt=\"una nueva vida capitulo 53\" title=\"una nueva vida capitulo 53\" loading=\"lazy\" width=\"2048\" height=\"1152\" decoding=\"async\" data-nimg=\"1\" style=\"color:transparent;width:100%;height:auto;\"   src=\"https:\/\/www.europesays.com\/es\/wp-content\/uploads\/2025\/09\/vida-1-68b81884d9e42.jpg\" class=\"css-0 e1g79fud0\"\/><\/p>\n<p>Productora<\/p>\n<p>Suna y Seyran se enfrentan de nuevo en &#8216;Una nueva vida&#8217;<\/p>\n<p data-journey-content=\"true\" data-node-id=\"6\" class=\"css-i9p093 emevuu60\">Esta semana en &#8216;<a href=\"https:\/\/www.diezminutos.es\/una-nueva-vida-telenovela-turca\/\" target=\"_blank\" data-vars-ga-outbound-link=\"https:\/\/www.diezminutos.es\/una-nueva-vida-telenovela-turca\/\" data-vars-ga-ux-element=\"Hyperlink\" data-vars-ga-call-to-action=\"Una nueva vida\" data-node-id=\"6.1\" class=\"body-link css-177bzfx emevuu60\" rel=\"nofollow noopener\">Una nueva vida<\/a>&#8216;, mientras tanto, Orhan observa la debilidad de su padre y siente que ha llegado su momento. Con determinaci\u00f3n, le propone a Ifakat unirse para tomar las riendas de la empresa: \u00abEs la hora de poner a mi padre bajo mi tutela\u00bb, dice, convencido de que solo as\u00ed podr\u00e1 salvar lo que queda del legado Korhan. Paralelamente, Kazim y su familia se instalan en la casa de Sehmuz. El mafioso, complacido con la situaci\u00f3n, felicita a su nuevo aliado por la entrevista de Seyran y promete que pronto arrebatar\u00e1 a los Korhan todo el poder que creen tener asegurado.<\/p>\n<p data-journey-content=\"true\" data-node-id=\"7\" class=\"css-i9p093 emevuu60\">En otro escenario, la tensi\u00f3n entre hermanas alcanza su punto m\u00e1s alto. Suna se encuentra con Seyran en una cafeter\u00eda y la confronta con dureza: \u00abT\u00fa me has puesto en una posici\u00f3n imposible. No quer\u00eda que todo el mundo supiera que mi padre me golpeaba, que me oblig\u00f3 a casarme&#8230; Deber\u00edas haberme pedido permiso. \u00bfHa valido la pena arrojar a nuestra familia al fuego?\u00bb. Seyran intenta disculparse, pero Suna no escucha razones. Antes de marcharse, lanza un fajo de billetes a su cara: \u00abC\u00f3gelo y g\u00e1stalo si lo necesitas; quiz\u00e1 as\u00ed no tengas que traicionar a tu familia otra vez\u00bb.<\/p>\n<p><img draggable=\"true\" alt=\"una nueva vida capitulo 53\" title=\"una nueva vida capitulo 53\" loading=\"lazy\" width=\"1200\" height=\"693\" decoding=\"async\" data-nimg=\"1\" style=\"color:transparent;width:100%;height:auto;\"   src=\"https:\/\/www.europesays.com\/es\/wp-content\/uploads\/2025\/09\/vida-2-68b818bb31094.jpg\" class=\"css-0 e1g79fud0\"\/><\/p>\n<p>Productora<\/p>\n<p>Ferit y Seyran firman el divorcio en &#8216;Una nueva vida&#8217;<\/p>\n<p data-journey-content=\"true\" data-node-id=\"12\" class=\"css-i9p093 emevuu60\">Ferit y Seyran firman el divorcio con aparente cordialidad, pero fuera del restaurante, Ferit entrega a la prensa unas declaraciones llenas de veneno: \u00abSeyran dijo cosas que no son ciertas, pero ya me ha pedido perd\u00f3n. Nos separamos, s\u00ed, pero nuestra amistad contin\u00faa. Mi familia siempre la apoy\u00f3 en todos sus estudios\u00bb. Seyran, sin inmutarse, desmiente sus palabras y promete que, por mucho que \u00e9l intente ponerle zancadillas, siempre se levantar\u00e1, fuerte e imparable.<\/p>\n<p><img src=\"https:\/\/www.europesays.com\/es\/wp-content\/uploads\/2025\/09\/1757063891_623_43af9b8f-983e-4e74-8e74-9a7479b0966b_1681831601.file\" alt=\"Headshot of Pilar Mart\u00ednez\" title=\"Headshot of Pilar Mart\u00ednez\" width=\"100%\" height=\"100%\" decoding=\"async\" loading=\"lazy\" class=\"css-o0wq4v ev8dhu53\"\/><\/p>\n<p>Pilar Mart\u00ednez es periodista especializada en contenidos de televisi\u00f3n y cultura, se gradu\u00f3 en la carrera en Periodismo en la Facultad de Ciencias de la Informaci\u00f3n (Universidad Complutense de Madrid) en el a\u00f1o 2018. Desde entonces ha pasado por las redacciones de Ecoteuve (El Economista), donde realiz\u00f3 sus primeras pr\u00e1cticas durante el verano del 2016.<\/p>\n<p>Posteriormente, concretamente, en el a\u00f1o 2017 se pas\u00f3 al grupo Hearst Espa\u00f1a, donde comenz\u00f3 su andadura en las revistas de televisi\u00f3n: Supertele, Teleprograma, Telenovela. Ahora colabora con Diez Minutos, en su versi\u00f3n web, donde se encarga de realizar los avances semanales de las ficciones diarias de moda, as\u00ed como entrevistas y art\u00edculos sobre los melodramas o telenovelas que aterrizan en nuestro pa\u00eds y aquellos que est\u00e1n por venir.<\/p>\n<p>Toda una cazadora de exclusivas. A esto, se suma su puesto como redactora jefe de la secci\u00f3n de novela narrativa en la revista Culturamas, medio digital de alto impacto al que lleva unida desde el a\u00f1o 2013. \u00c1vida lectora, cin\u00e9fila y seri\u00e9fila de primer nivel, ha hecho de su vocaci\u00f3n su oficio. \u00a0<\/p>\n","protected":false},"excerpt":{"rendered":"Tras lo ocurrido en el cap\u00edtulo 52 de &#8216;Una nueva vida&#8217;, el p\u00e1nico se extiende por la mansi\u00f3n&hellip;\n","protected":false},"author":2,"featured_media":94780,"comment_status":"","ping_status":"","sticky":false,"template":"","format":"standard","meta":{"footnotes":""},"categories":[171],"tags":[253,146,147,25,24,23,214],"class_list":{"0":"post-94779","1":"post","2":"type-post","3":"status-publish","4":"format-standard","5":"has-post-thumbnail","7":"category-tv","8":"tag-discover","9":"tag-entertainment","10":"tag-entretenimiento","11":"tag-es","12":"tag-espana","13":"tag-spain","14":"tag-tv"},"share_on_mastodon":{"url":"","error":""},"_links":{"self":[{"href":"https:\/\/www.europesays.com\/es\/wp-json\/wp\/v2\/posts\/94779","targetHints":{"allow":["GET"]}}],"collection":[{"href":"https:\/\/www.europesays.com\/es\/wp-json\/wp\/v2\/posts"}],"about":[{"href":"https:\/\/www.europesays.com\/es\/wp-json\/wp\/v2\/types\/post"}],"author":[{"embeddable":true,"href":"https:\/\/www.europesays.com\/es\/wp-json\/wp\/v2\/users\/2"}],"replies":[{"embeddable":true,"href":"https:\/\/www.europesays.com\/es\/wp-json\/wp\/v2\/comments?post=94779"}],"version-history":[{"count":0,"href":"https:\/\/www.europesays.com\/es\/wp-json\/wp\/v2\/posts\/94779\/revisions"}],"wp:featuredmedia":[{"embeddable":true,"href":"https:\/\/www.europesays.com\/es\/wp-json\/wp\/v2\/media\/94780"}],"wp:attachment":[{"href":"https:\/\/www.europesays.com\/es\/wp-json\/wp\/v2\/media?parent=94779"}],"wp:term":[{"taxonomy":"category","embeddable":true,"href":"https:\/\/www.europesays.com\/es\/wp-json\/wp\/v2\/categories?post=94779"},{"taxonomy":"post_tag","embeddable":true,"href":"https:\/\/www.europesays.com\/es\/wp-json\/wp\/v2\/tags?post=94779"}],"curies":[{"name":"wp","href":"https:\/\/api.w.org\/{rel}","templated":true}]}}