{"id":94799,"date":"2025-09-05T09:29:21","date_gmt":"2025-09-05T09:29:21","guid":{"rendered":"https:\/\/www.europesays.com\/es\/94799\/"},"modified":"2025-09-05T09:29:21","modified_gmt":"2025-09-05T09:29:21","slug":"el-equipo-propiedad-de-un-amigo-de-netanyahu-y-que-utiliza-el-ciclismo-para-blanquear-al-pais","status":"publish","type":"post","link":"https:\/\/www.europesays.com\/es\/94799\/","title":{"rendered":"el equipo propiedad de un amigo de Netanyahu y que utiliza el ciclismo para blanquear al pa\u00eds"},"content":{"rendered":"<p class=\"article-text\">\n        Hay una imagen que se ha repetido en las ocho etapas que La Vuelta lleva de recorrido por Espa\u00f1a (la carrera comenz\u00f3 con tres etapas en el Piamonte italiano y una cuarta en Francia): la de miles de personas protestando con banderas por el genocidio de Israel en Palestina y reclamando la expulsi\u00f3n del equipo Israel-Premier Tech de la prueba. El mi\u00e9rcoles en Bilbao incluso obligaron a la direcci\u00f3n de carrera a <a href=\"https:\/\/www.eldiario.es\/euskadi\/concentraciones-palestina-bizkaia-esperan-vuelta-ciclista-seran-protestas-pacificas-contundentes_1_12574549.html\" target=\"_blank\" data-mrf-recirculation=\"links-noticia\" class=\"link\" rel=\"nofollow noopener\">cancelar la llegada y adelantar tres kil\u00f3metros la meta<\/a>. Si bien no es propiedad del Gobierno israel\u00ed y desde el equipo niegan su vinculaci\u00f3n, s\u00ed que recibe fondos del Ministerio de Turismo del pa\u00eds. Adem\u00e1s, su propietario, el millonario Sylvan Adams, se autoproclama \u201cembajador de Israel\u201d, es amigo personal de Benjamin Netanyahu y ha reconocido que utiliza al equipo para mejorar la imagen de Israel a trav\u00e9s del deporte.\n    <\/p>\n<p class=\"article-text\">\n        Fue en 2014 cuando un joven exciclista israel\u00ed, Ran Margaliot, y el empresario Ron Baron, quien fue anteriormente miembro de las IDF, el Ej\u00e9rcito israel\u00ed, fundaron el equipo bajo el nombre de Cycling Academy (posteriormente pas\u00f3 a llamarse Israel Start-up Nation y ahora Israel-Premier Tech), un proyecto para formar a corredores de Israel y lanzarlos al profesionalismo. Lo que era una academia de ciclistas pronto se convirti\u00f3 en un equipo profesional con la llegada del empresario canadiense-israel\u00ed Sylvan Adams, quien pas\u00f3 a ser su copropietario con una importante inyecci\u00f3n de capital.\n    <\/p>\n<p class=\"article-text\">\n        Due\u00f1o de la empresa Premier Tech que da nombre al equipo, Adams es adem\u00e1s, desde hace pocos meses, presidente de la filial israel\u00ed del Congreso Mundial Jud\u00edo, una organizaci\u00f3n sionista cuya sede central se encuentra en Nueva York. Autoproclamado \u201cembajador de Israel\u201d, naci\u00f3 en realidad en Canad\u00e1, a donde emigr\u00f3 su padre, superviviente del holocausto nazi. Hace diez a\u00f1os, y tras vender la empresa familiar que le otorg\u00f3 su fortuna, se mud\u00f3 a Israel, desde donde ahora utiliza su labor aparentemente fil\u00e1ntropa para, como \u00e9l mismo ha reconocido, mejorar la imagen del pa\u00eds en el exterior. \u201cHe hecho muchas donaciones aqu\u00ed en Israel, apoyo a tres hospitales, a dos universidades y otros muchos proyectos, muchas cosas deportivas por los que la gente me conoce\u201d, resum\u00eda en una entrevista con el canal israel\u00ed i24news. Adams tambi\u00e9n don\u00f3 100 millones de euros para la reconstrucci\u00f3n de las zonas que fueron escenario de los atentados de Ham\u00e1s el 7 de octubre de 2023.\n    <\/p>\n<p class=\"article-text\">\n        Esa supuesta filantrop\u00eda fue la que le llev\u00f3 a estrechar lazos con Benjamin Netanyahu, quien ha reconocido el trabajo de Sylvan Adams por mejorar la imagen de Israel. As\u00ed, en 2018 el Gobierno israel\u00ed puso 10 millones de euros p\u00fablicos para trasladar las tres primeras etapas del Giro de Italia (una de las tres grandes vueltas del calendario junto con el Tour de Francia y La Vuelta a Espa\u00f1a) al Estado de Israel de la mano del equipo de Adams. La &#8216;grande partenza&#8217; fue en Jerusal\u00e9n, cuesti\u00f3n que acarre\u00f3 una fuerte pol\u00e9mica por ser una ciudad que en gran parte est\u00e1 ocupada por el Estado israel\u00ed. La contrarreloj roz\u00f3 pero no penetr\u00f3 la zona oriental, donde la poblaci\u00f3n es mayoritariamente palestina.\n    <\/p>\n<p class=\"article-text\">\n        Como parte de esa misma estrategia Sylvan Adams tambi\u00e9n invirti\u00f3 millones de euros para que Madonna actuara en el festival de Eurovisi\u00f3n celebrado en Tel Aviv en 2019 o en un partido amistoso celebrado en esa misma ciudad entre las selecciones de Argentina y Uruguay y en el que jug\u00f3 Leo Messi, entre otros eventos.\n    <\/p>\n<p class=\"article-text\">\n        El culmen del equipo Israel-Premier Tech lleg\u00f3 en el Tour de Francia de 2023. All\u00ed, el ciclista canadiense Michael Woods venci\u00f3 en la d\u00e9cima etapa para alegr\u00eda del due\u00f1o del Israel-Premier Tech. \u201cCada vez que hacemos algo espectacular en la carrera se escucha decir a los locutores de televisi\u00f3n el nombre de Israel, puede que unas 200 veces por retransmisi\u00f3n. Normalizar el buen nombre de Israel, la marca de la que soy autoproclamado embajador, es lo que me mueve y es la raz\u00f3n por la que estoy orgulloso de tener este equipo en el Tour de Francia. Y por lo que creo que estamos haciendo tanto bien para el pa\u00eds y por lo que creo que tiene un beneficio realmente estrat\u00e9gico\u201d. Aun as\u00ed, en La Vuelta de este a\u00f1o, la direcci\u00f3n del equipo asegura que no tienen vinculaci\u00f3n alguna con el Gobierno israel\u00ed.\n    <\/p>\n<p class=\"article-text\">\n        Desde entonces las acusaciones de sportwashing, el lavado de imagen a trav\u00e9s del deporte, se han multiplicado, especialmente a ra\u00edz del genocidio iniciado en Gaza como respuesta a los atentados de Ham\u00e1s, una operaci\u00f3n militar israel\u00ed de represalia en la que ya han sido asesinados a m\u00e1s de 63.000 palestinos. \u201cEstamos acostumbrados a escuchar noticias sobre como por ejemplo Arabia Saud\u00ed limpia su imagen a trav\u00e9s de la organizaci\u00f3n de grandes eventos deportivos como la Supercopa del f\u00fatbol espa\u00f1ola o atrayendo fichajes estrella como Cristiano Ronaldo, pero no est\u00e1bamos acostrumbrados a que un pa\u00eds como Israel lo hiciera. Que el equipo Israel-Premeir Tech pueda competir es una muestra m\u00e1s de este blanqueo deportivo que vende al exterior una imagen que poco tiene que ver con la realidad\u201d, explica Carlos de las Heras, de Amnist\u00eda Internacional.\n    <\/p>\n<p class=\"article-text\">\n        Este \u00faltimo a\u00f1o las protestas contra la participaci\u00f3n de este equipo se han intensificado. Tanto es as\u00ed que dos ciclistas ya han abandonado la estructura sin esperar a que finalice la temporada. Son adem\u00e1s dos de las estrellas del conjunto israel\u00ed, el canadiense Derek Gee y el dan\u00e9s Jakob Fulsang, quien se despidi\u00f3 de la escuadra se\u00f1alando que \u201ces m\u00e1s c\u00f3modo rodar sin el logo de Israel que con \u00e9l\u201d.\n    <\/p>\n<p class=\"article-text\">\n        Por el momento el equipo no est\u00e1 dispuesto a abandonar La Vuelta, pese a que la direcci\u00f3n de la prueba ya ha deslizado que la \u201c\u00fanica soluci\u00f3n\u201d para garantizar \u201cla seguridad\u201d de la carrera pasa por el abandono voluntario del Israel-Premier Tech. \u201cSi abandonamos aqu\u00ed sabemos que en cada carrera a partir de ahora ser\u00edamos el objetivo. Ser\u00eda el cierre del equipo. \u00bfQu\u00e9 hacemos con 180 familias que estamos trabajando?\u201d, ha apuntado \u00d3scar Guerrero, director deportivo del equipo. Adem\u00e1s, en un comunicado tras las protestas en Bilbao, el equipo asegur\u00f3 que la actitud de los manifestantes \u201cno fue solo peligrosa, sino contraproducente a su causa\u201d.\n    <\/p>\n<p>    <a href=\"https:\/\/www.eldiario.es\/euskadi\/concentraciones-palestina-bizkaia-esperan-vuelta-ciclista-seran-protestas-pacificas-contundentes_1_12574549.html\" data-mrf-recirculation=\"saber-mas-abajo\" data-dl-event=\"saber-mas-abajo\" rel=\"nofollow noopener\" target=\"_blank\"><\/p>\n<p class=\"know-more__title\">Varios detenidos en la masiva protesta contra Israel en La Vuelta que ha obligado a adelantar el final de la etapa en Bilbao\n<\/p>\n<p>            <img decoding=\"async\" class=\"lazy\" loading=\"lazy\" data-src=\"https:\/\/static.eldiario.es\/clip\/7bc4f3ce-64f3-49fb-8dcf-fa4e8c61491b_16-9-aspect-ratio_default_0.jpg\" src=\"data:image\/svg+xml,%3Csvg xmlns=\" http:=\"\" viewbox=\"0 0 880 495\" alt=\"Varios detenidos en la masiva protesta contra Israel en La Vuelta que ha obligado a adelantar el final de la etapa en Bilbao\"\/><\/p>\n<p>                        <\/a><\/p>\n<p class=\"article-text\">\n        La Uni\u00f3n Ciclista Internacional (UCI) por el momento tampoco ha tomado ninguna medida respecto a este equipo. De hecho, este mi\u00e9rcoles, emiti\u00f3 un comunicado en el que reafirm\u00f3 \u201csu compromiso con la neutralidad pol\u00edtica, la independencia y la autonom\u00eda del deporte, de conformidad con los principios fundacionales del Movimiento Ol\u00edmpico\u201d. La respuesta dista mucho de la que se dio en 2022, cuando Rusia invadi\u00f3 Ucrania. En el mundo del deporte, tambi\u00e9n en el ciclismo, los equipos rusos quedaron excluidos de las competiciones internacionales y la UCI conden\u00f3 \u201cen\u00e9rgicamente la agresi\u00f3n de los gobiernos ruso y bielorruso y su incumplimiento de la Tregua Ol\u00edmpica\u201d. A d\u00eda de hoy ciclistas como Aleksandr Vlasov siguen compitiendo, pero sin bandera, y ning\u00fan equipo de ese pa\u00eds ha sido invitado nunca m\u00e1s a ning\u00fan evento de primera l\u00ednea.\n    <\/p>\n","protected":false},"excerpt":{"rendered":"Hay una imagen que se ha repetido en las ocho etapas que La Vuelta lleva de recorrido por&hellip;\n","protected":false},"author":2,"featured_media":94800,"comment_status":"","ping_status":"","sticky":false,"template":"","format":"standard","meta":{"footnotes":""},"categories":[5],"tags":[4420,34235,17,18,313,622,25,24,13,14,11,74,19,20,14859,9,10,15,16,698,17656,9182,23,17765,12,21,22,34234],"class_list":{"0":"post-94799","1":"post","2":"type-post","3":"status-publish","4":"format-standard","5":"has-post-thumbnail","7":"category-titulares","8":"tag-amigo","9":"tag-blanquear","10":"tag-breaking-news","11":"tag-breakingnews","12":"tag-ciclismo","13":"tag-equipo","14":"tag-es","15":"tag-espana","16":"tag-featured-news","17":"tag-featurednews","18":"tag-headlines","19":"tag-israel","20":"tag-latest-news","21":"tag-latestnews","22":"tag-netanyahu","23":"tag-news","24":"tag-noticias","25":"tag-noticias-destacadas","26":"tag-noticiasdestacadas","27":"tag-pais","28":"tag-premier","29":"tag-propiedad","30":"tag-spain","31":"tag-tech","32":"tag-titulares","33":"tag-ultimas-noticias","34":"tag-ultimasnoticias","35":"tag-utiliza"},"share_on_mastodon":{"url":"","error":""},"_links":{"self":[{"href":"https:\/\/www.europesays.com\/es\/wp-json\/wp\/v2\/posts\/94799","targetHints":{"allow":["GET"]}}],"collection":[{"href":"https:\/\/www.europesays.com\/es\/wp-json\/wp\/v2\/posts"}],"about":[{"href":"https:\/\/www.europesays.com\/es\/wp-json\/wp\/v2\/types\/post"}],"author":[{"embeddable":true,"href":"https:\/\/www.europesays.com\/es\/wp-json\/wp\/v2\/users\/2"}],"replies":[{"embeddable":true,"href":"https:\/\/www.europesays.com\/es\/wp-json\/wp\/v2\/comments?post=94799"}],"version-history":[{"count":0,"href":"https:\/\/www.europesays.com\/es\/wp-json\/wp\/v2\/posts\/94799\/revisions"}],"wp:featuredmedia":[{"embeddable":true,"href":"https:\/\/www.europesays.com\/es\/wp-json\/wp\/v2\/media\/94800"}],"wp:attachment":[{"href":"https:\/\/www.europesays.com\/es\/wp-json\/wp\/v2\/media?parent=94799"}],"wp:term":[{"taxonomy":"category","embeddable":true,"href":"https:\/\/www.europesays.com\/es\/wp-json\/wp\/v2\/categories?post=94799"},{"taxonomy":"post_tag","embeddable":true,"href":"https:\/\/www.europesays.com\/es\/wp-json\/wp\/v2\/tags?post=94799"}],"curies":[{"name":"wp","href":"https:\/\/api.w.org\/{rel}","templated":true}]}}