{"id":94821,"date":"2025-09-05T09:40:07","date_gmt":"2025-09-05T09:40:07","guid":{"rendered":"https:\/\/www.europesays.com\/es\/94821\/"},"modified":"2025-09-05T09:40:07","modified_gmt":"2025-09-05T09:40:07","slug":"jorge-rey-fotografo-me-hubiera-gustado-ser-fotografo-de-guerra-pero-hace-falta-mucho-valor","status":"publish","type":"post","link":"https:\/\/www.europesays.com\/es\/94821\/","title":{"rendered":"Jorge Rey, Fot\u00f3grafo: \u00abMe hubiera gustado ser fot\u00f3grafo de guerra, pero hace falta mucho valor\u00bb"},"content":{"rendered":"<p><a class=\"v-mdl-ath__fig-a\" href=\"https:\/\/www.hoy.es\/autor\/cristina-nunez-35.html\" title=\"Cristina N\u00fa\u00f1ez\" rel=\"nofollow noopener\" target=\"_blank\"><br \/>\n<img decoding=\"async\" class=\"v-mdl-ath__img\" src=\"https:\/\/s1.ppllstatics.com\/comun\/img\/2014\/autor\/autor-35-foto-2.jpeg\" alt=\"Cristina N\u00fa\u00f1ez\"\/><br \/>\n<\/a><\/p>\n<p class=\"v-mdl-ath__p v-mdl-ath__p--6\">\nViernes, 5 de septiembre 2025, 08:11<\/p>\n<p class=\"v-p\">A <a href=\"https:\/\/www.hoy.es\/caceres\/fotografo-hoy-jorge-rey-expone-belleartes-imagenes-20250828074258-nt.html\" target=\"_self\" data-voc-vtm-id=\"in-text-traffic\" title=\"Jorge Rey Gonz\u00e1lez\" data-mrf-link=\"www.hoy.es\" rel=\"nofollow noopener\">Jorge Rey Gonz\u00e1lez<\/a> (C\u00e1ceres, 1976) la fotograf\u00eda le atrap\u00f3 desde que de peque\u00f1o jugaba con una c\u00e1mara en su casa. Varias d\u00e9cadas han pasado desde aquellos primeros &#8216;clics&#8217; titubeantes y Rey, t\u00e9cnico superior en imagen y sonido, es ahora un <strong>fot\u00f3grafo profesional<\/strong> con una larga carrera. Como fotoperiodista en HOY lleva 23 a\u00f1os. Desde este jueves puede verse en Belleartes una exposici\u00f3n retrospectiva sobre el universo musical dentro del <a href=\"https:\/\/www.hoy.es\/caceres\/festival-movietone-combina-musica-cine-septiembre-20250826074833-nt.html\" target=\"_self\" data-voc-vtm-id=\"in-text-traffic\" title=\"festival Movietone\" data-mrf-link=\"www.hoy.es\" rel=\"nofollow noopener\">festival Movietone<\/a>. En concreto, recoge una colecci\u00f3n de instant\u00e1neas de conciertos de artistas y grupos nacionales e internacionales celebrados en su mayor\u00eda en la ciudad de C\u00e1ceres. El Movietone es una cita que combina la proyecci\u00f3n de pel\u00edculas y documentales con conciertos, un mercado de m\u00fasica y otras actividades.<\/p>\n<p class=\"v-p\"><strong>\u2013\u00bfC\u00f3mo surge la idea de exponer en este festival?<\/strong><\/p>\n<p class=\"v-p\">\u2013Fue Jer\u00f3nimo Garc\u00eda, &#8216;Jero&#8217;, el que me propuso exponer fotograf\u00edas en el Movietone, el festival que dirige. Me pareci\u00f3 buena idea porque es una manera de fundir dos de mis grandes pasiones. <\/p>\n<p class=\"v-p\"><strong>\u2013\u00bfSon instant\u00e1neas recogidas trabajando como fot\u00f3grafo de prensa en HOY?<\/strong><\/p>\n<p class=\"v-p\">\u2013Son casi todas de trabajo, yo cuando voy a un concierto prefiero ir sin c\u00e1mara para disfrutarlo. <\/p>\n<p class=\"v-p\"><strong>\u2013\u00bfQu\u00e9 fotos de conciertos va a poder encontrar el p\u00fablico?<\/strong><\/p>\n<p class=\"v-p\">\u2013Son muy variadas. Hay, por ejemplo, una foto de Robe, de los Fleshtones, una banda estadounidense que actu\u00f3 en Boogaloo, de Marky Ramone en Aldana, de Prodigy en Extrem\u00fasika en el H\u00edpico en 2007, una de Bebe en el Metrorock, un festival de Madrid, Serrat y Sabina en el H\u00edpico&#8230;la fotograf\u00eda m\u00e1s reciente es la de Yeray Cort\u00e9s en el concierto del Pedrilla. La mayor\u00eda han sido hechas en los mismos locales y espacios, porque es cierto que en C\u00e1ceres no hay muchos sitios en donde tocar. <\/p>\n<p class=\"v-p\"><strong>\u2013\u00bfConocer el lugar facilita el hecho de hacer fotos?<\/strong><\/p>\n<p class=\"v-p\">\u2013Cada concierto es un mundo en funci\u00f3n de las luces. Seg\u00fan la composici\u00f3n que tengan las luces y los colores, aunque sea el mismo sitio, el ambiente cambia por completo. <\/p>\n<p class=\"v-p\"><strong>\u2013\u00bfQu\u00e9 es lo m\u00e1s complicado a la hora de hacer fotograf\u00edas en directo de conciertos?<\/strong><\/p>\n<p class=\"v-p\">\u2013Ahora se ha puesto de moda dejar a los fot\u00f3grafos de prensa hacer solamente tres canciones del concierto y luego te tienes que ir. Al principio ni el p\u00fablico ni el cantante ni el grupo est\u00e1n todav\u00eda &#8216;sudaos&#8217; por as\u00ed decirlo, no han calentado. Y claro, lo bonito es coger alg\u00fan gesto curioso, pero en las dos primeras canciones no suelen hacer nada fuera de lo com\u00fan. Recuerdo con mucha nostalgia el Extrem\u00fasika de \u00c1ngel Romero, en donde te daban v\u00eda libre para todo. Ahora no. Antes hab\u00eda m\u00e1s libertad. Tambi\u00e9n hay que lidiar con los escenarios, que a veces son muy altos y no es posible colocarse en un sitio donde puedas coger bien a la banda entera o al cantante. <\/p>\n<p class=\"v-p\"><strong>\u2013\u00bfEl ambiente musical tiene su lado turbio, ha llegado a ver ese lado oscuro?<\/strong><\/p>\n<p class=\"v-p\">\u2013S\u00ed, he visto situaciones un poco comprometedoras detr\u00e1s de los escenarios. <\/p>\n<p class=\"v-p\"><strong>\u00ad\u2013\u00bfHacer fotograf\u00edas de conciertos es lo que m\u00e1s le gusta de su profesi\u00f3n?<\/strong><\/p>\n<p class=\"v-p\">\u2013Me gusta en general el trabajo de fotoperiodista, porque vas a lugares y conoces cosas en las que si no no podr\u00edas estar. Pero s\u00ed, la m\u00fasica me apasiona.<\/p>\n<p>Vocaci\u00f3n<\/p>\n<p class=\"v-p\"><strong>\u2013\u00bfCu\u00e1ndo se dio cuenta de que quer\u00eda ser fot\u00f3grafo?<\/strong><\/p>\n<p class=\"v-p\">\u2013Desde chico, hab\u00eda una c\u00e1mara por casa y me gustaba. Pero tengo que decir que la fotograf\u00eda ha cambiado mucho. Antes con el carrete era mucho m\u00e1s m\u00e1gico el proceso y el revelado. Al peri\u00f3dico ya llegu\u00e9 con la fotograf\u00eda digital, pero me form\u00e9 revelando fotos en papel. <\/p>\n<p class=\"v-p\"><strong>\u2013\u00bfCree que lo digital est\u00e1 banalizando el hecho de hacerse una foto?<\/strong><\/p>\n<p class=\"v-p\">\u2013S\u00ed, y parece que cuesta encontrar el momento espont\u00e1neo, todo el mundo posa, ahora se hacen demasiadas fotograf\u00edas. <\/p>\n<p class=\"v-p\"><strong>\u2013\u00bfC\u00f3mo lleg\u00f3 al fotoperiodismo?<\/strong><\/p>\n<p class=\"v-p\">\u2013De siempre me llam\u00f3 la atenci\u00f3n la figura de los fot\u00f3grafos de prensa porque me gustan las revistas y leer los peri\u00f3dicos. Me atra\u00edan los grandes fot\u00f3grafos de guerra pero yo no hubiera podido serlo, hace falta mucho valor.<\/p>\n<p class=\"v-p\"><strong>\u2013\u00bfQu\u00e9 g\u00e9nero prefiere para hacer fotos: el reportaje, la entrevista&#8230;?<\/strong><\/p>\n<p class=\"v-p\">\u2013Me gustan las entrevistas cuando la persona que est\u00e1 respondiendo las preguntas se olvida de que estoy ah\u00ed, que es cuando se puede sacar alguna expresi\u00f3n, es m\u00e1s relajado. Tambi\u00e9n los temas sociales, aunque por mi car\u00e1cter me emociono. La pandemia tambi\u00e9n fue algo muy chocante, daba miedo ir por la calle.<\/p>\n<p class=\"v-p\"><strong>\u2013Muchas veces le toca hacer calle, y guardias&#8230;<\/strong><\/p>\n<p class=\"v-p\">\u2013S\u00ed, con las detenciones de los ladrones de Atrio, por ejemplo, horas esperando para ver solo un coche de la polic\u00eda pasar. Y eso pasa mucho, haga fr\u00edo o calor. Los fot\u00f3grafos estamos acostumbrados a estar en la calle y nos ve todo el mundo. Por eso nos conoce mucha gente.<\/p>\n<p>Comenta<\/p>\n<p>Reporta un error<\/p>\n","protected":false},"excerpt":{"rendered":"Viernes, 5 de septiembre 2025, 08:11 A Jorge Rey Gonz\u00e1lez (C\u00e1ceres, 1976) la fotograf\u00eda le atrap\u00f3 desde que&hellip;\n","protected":false},"author":2,"featured_media":94822,"comment_status":"","ping_status":"","sticky":false,"template":"","format":"standard","meta":{"footnotes":""},"categories":[173],"tags":[229,233,231,230,232,234,146,147,25,24,1998,6638,69,34250,23,2075],"class_list":{"0":"post-94821","1":"post","2":"type-post","3":"status-publish","4":"format-standard","5":"has-post-thumbnail","7":"category-arte-y-diseno","8":"tag-arte","9":"tag-arte-y-diseno","10":"tag-arts","11":"tag-arts-and-design","12":"tag-design","13":"tag-diseno","14":"tag-entertainment","15":"tag-entretenimiento","16":"tag-es","17":"tag-espana","18":"tag-falta","19":"tag-fotografo","20":"tag-guerra","21":"tag-gustado","22":"tag-spain","23":"tag-valor"},"share_on_mastodon":{"url":"","error":""},"_links":{"self":[{"href":"https:\/\/www.europesays.com\/es\/wp-json\/wp\/v2\/posts\/94821","targetHints":{"allow":["GET"]}}],"collection":[{"href":"https:\/\/www.europesays.com\/es\/wp-json\/wp\/v2\/posts"}],"about":[{"href":"https:\/\/www.europesays.com\/es\/wp-json\/wp\/v2\/types\/post"}],"author":[{"embeddable":true,"href":"https:\/\/www.europesays.com\/es\/wp-json\/wp\/v2\/users\/2"}],"replies":[{"embeddable":true,"href":"https:\/\/www.europesays.com\/es\/wp-json\/wp\/v2\/comments?post=94821"}],"version-history":[{"count":0,"href":"https:\/\/www.europesays.com\/es\/wp-json\/wp\/v2\/posts\/94821\/revisions"}],"wp:featuredmedia":[{"embeddable":true,"href":"https:\/\/www.europesays.com\/es\/wp-json\/wp\/v2\/media\/94822"}],"wp:attachment":[{"href":"https:\/\/www.europesays.com\/es\/wp-json\/wp\/v2\/media?parent=94821"}],"wp:term":[{"taxonomy":"category","embeddable":true,"href":"https:\/\/www.europesays.com\/es\/wp-json\/wp\/v2\/categories?post=94821"},{"taxonomy":"post_tag","embeddable":true,"href":"https:\/\/www.europesays.com\/es\/wp-json\/wp\/v2\/tags?post=94821"}],"curies":[{"name":"wp","href":"https:\/\/api.w.org\/{rel}","templated":true}]}}