{"id":94858,"date":"2025-09-05T10:09:11","date_gmt":"2025-09-05T10:09:11","guid":{"rendered":"https:\/\/www.europesays.com\/es\/94858\/"},"modified":"2025-09-05T10:09:11","modified_gmt":"2025-09-05T10:09:11","slug":"bastante-paraiso-xiii-rumbo-a-garrapinillos-sur-mer","status":"publish","type":"post","link":"https:\/\/www.europesays.com\/es\/94858\/","title":{"rendered":"Bastante para\u00edso XIII &#8211; Rumbo a Garrapinillos-sur-mer"},"content":{"rendered":"<p>\t\t\t\t\t<a data-redirect-url=\"https:\/\/letraslibres.com\/literatura\/bastante-paraiso-xiii-rumbo-a-garrapinillos-sur-mer\/05\/09\/2025\/\" data-display-label=\"1\" data-show-count=\"0\" data-bookmark-label=\"A\u00d1ADIR A FAVORITOS\" data-bookmarked-label=\"Favoritos\" data-loggedin=\"0\" data-type=\"post\" data-object_id=\"148687\" class=\"cbxwpbkmarktrig  cbxwpbkmarktrig-button-addto ld-ext-left\" title=\"Bookmark This\" href=\"#\">A\u00d1ADIR A FAVORITOS<\/a> Please login to bookmark<a class=\"cbxwpbkmarkguesttrig_close\" role=\"button\" title=\"Click to close bookmark panel\/modal\" href=\"#\"><br \/>\nClose<\/a>\t\t\t\t\t<\/p>\n<p>Nunca nos habr\u00edamos atrevido a llevarnos a los gatitos si no hubi\u00e9ramos descubierto a la madre muerta cerca del lago. No me atrev\u00ed a ir a verla, pero los ni\u00f1os y Barreiros y nuestra vecina dec\u00edan que estaba en una postura un poco rara. Eso y la aparici\u00f3n de otros gatos muertos y la disminuci\u00f3n evidente de la cantidad de gatos callejeros del pueblo hizo que los ni\u00f1os especularan con un envenenador de gatos. Les dije que ten\u00edamos que rodar un corto sobre eso, pero como otros proyectos del verano, no llegamos a hacerlo. Otras cosas que no hicimos: el ciclo de cine de verano en la terraza. Barajamos tres opciones: musicales, hermanas, ni\u00f1os perdidos\u2026\u00a0Mi hijo mediano me dijo que se pod\u00eda hacer un ciclo pero solo para muy mayores, de \u201cpotro\u201d, que incluir\u00eda Top gun y Flashdance. La verdad es que les pusimos esas pelis porque ten\u00edan aviones y baile, las pasiones de dos de nuestros hijos. Mi novio les dec\u00eda a los ni\u00f1os: nada de lo que se ve aqu\u00ed en cuanto a interacciones humanas est\u00e1 bien, mientras Maverick se sub\u00eda a la moto. Luego un amigo guionista me dijo que comparten productor y que tienen una fotograf\u00eda incre\u00edble. Fue un poco m\u00e1s lejos: son para tus hijos como para nosotros Casablanca. Cuando la vimos, no estaban nuestros padres apostillando nada, ya lo sab\u00edamos, porque lo ves como algo viejo. Mi teor\u00eda es que hay cosas que no pillas, por eso no record\u00e1bamos que fueran tan porno ninguna de las dos. Luego encontr\u00e9 el fragmento ese de Quentin Tarantino en una peli no suya explicando por qu\u00e9 Top gun es la mejor pel\u00edcula gay de la historia. Lo bueno es que tirando de esa, vimos Top secret y yo pensaba que quiz\u00e1 no les har\u00eda gracia pero se partieron de risa todo el rato.\u00a0<\/p>\n<p>El final de curso fue atropellado: se me amontonaron libros gord\u00edsimos por leer \u2013recuerdo pasear por la playa Lugares, de Perec (824 pp.) o \u00cdntima Atl\u00e1ntida, la estupenda biograf\u00eda de Rosa Chacel escrita por Anna Caball\u00e9 (568 p\u00e1ginas), a cuya lectura sigui\u00f3 la de los Diarios de Rosa Chacel (1112 p\u00e1ginas), editados por Elena Medel\u2013 con las exhibiciones de fin de curso de mis hijos, que inclu\u00edan, entre otras cosas, la fabricaci\u00f3n de un disfraz de p\u00e1jaro para mi hija peque\u00f1a, que acababa ciclo en junio y hubo graduaci\u00f3n, que yo me perd\u00ed y a la que su padre lleg\u00f3 de milagro porque se le hab\u00eda olvidado, y luego hubo comida de padres y luego playa y luego la fiesta de la escuela de m\u00fasica y luego la noche de San Juan y los fuegos artificiales que yo vi fugazmente desde mi calle porque los peque\u00f1os estaban dormidos y mi novio se hab\u00eda ido con la mayor a dar una vuelta. No hab\u00eda le\u00eddo los diarios de Chacel, pero me hab\u00eda asomado a ellos (adem\u00e1s de en la biograf\u00eda de Caball\u00e9) a trav\u00e9s de La novela luminosa de Mario Levrero. Habla de las dos primeras partes \u2013Alcanc\u00eda. Ida y Alcanc\u00eda. Vuelta, hubo una tercera despu\u00e9s de la muerte de Chacel, Alcanc\u00eda. Estaci\u00f3n Termini\u2013. \u00c9l lee la primera parte \u201cde un diario \u00edntimo (si as\u00ed se le puede llamar, porque do\u00f1a Rosa Chacel no devela mucho de su intimidad)\u201d. Le dan a Levrero el libro porque como \u00e9l, Chacel disfrut\u00f3 de una beca Guggenheim. Levrero: \u201cMe maravilla la cantidad de coincidencias que hay entre do\u00f1a Rosa y yo. Percepciones, sentires, idas, fobias, malestares muy parecidos. Debi\u00f3 de ser una vieja insoportable\u201d.\u00a0<\/p>\n<p>Vinieron un par de amigas a vernos y con las dos fui a correr, supongo que nos hacemos mayores todos. Y aunque al final no hicimos el cine de verano, como ten\u00eda que hacer un art\u00edculo sobre Jacques Demy y Agn\u00e8s Varda, vimos otra vez Las se\u00f1oritas de Rochefort. Para entonces ya hab\u00eda esquivado que mis hijos le pusieran Michi al gatito superviviente. Eleg\u00ed Tito, quiz\u00e1 porque hab\u00eda estado leyendo mucho a Dubravka Ugre\u0161i\u0107 sobre Yugoslavia, pero a ellos les dije que era Tito de gatito. El caso es que nosotros nos \u00edbamos a ir a ZGZ un mes y medio y no sab\u00edamos qu\u00e9 hacer con Tito. En casa de mis padres pod\u00edan matarlo los perros de mi madre, pero en nuestra casa no nos dejan tener animales, no encontr\u00e1bamos a nadie que nos lo cuidara esas semanas. Mi novio y yo discutimos porque nos hab\u00edamos metido en ese l\u00edo nosotros solos y ahora no sab\u00edamos qu\u00e9 hacer. Poco a poco se fue imponiendo como \u00fanica soluci\u00f3n llev\u00e1rnoslo a Garrapinillos-sur-mer. Mi madre dijo que ya lo meter\u00edamos en una habitaci\u00f3n o lo que fuera y que qu\u00e9 le \u00edbamos a hacer. A m\u00ed me agobiaba el viaje, pero el gato se port\u00f3 bien y no hubo accidentes fecales de ning\u00fan tipo. Lo dejamos en la habitaci\u00f3n de los ni\u00f1os y descubrimos que el mediano s\u00ed es al\u00e9rgico a los gatos. As\u00ed que lo instalamos en la habitaci\u00f3n de mi abuela, que estaba pasando el verano en su pueblo, Ejulve, y acud\u00edamos a jugar con \u00e9l, a darle de comer y beber, a limpiar el arenero (yo). Fue mi madre la que nos diagnostic\u00f3 la ti\u00f1a, nos la hab\u00eda contagiado el gato, claro. Y vimos que todos ten\u00edamos ronchas, menos mi novio: la que m\u00e1s, la peque\u00f1a, despu\u00e9s la mayor, el mediano y la que menos, yo (una).\u00a0<\/p>\n","protected":false},"excerpt":{"rendered":"A\u00d1ADIR A FAVORITOS Please login to bookmark Close Nunca nos habr\u00edamos atrevido a llevarnos a los gatitos si&hellip;\n","protected":false},"author":2,"featured_media":94859,"comment_status":"","ping_status":"","sticky":false,"template":"","format":"standard","meta":{"footnotes":""},"categories":[172],"tags":[34256,224,146,147,25,24,5283,225,23],"class_list":{"0":"post-94858","1":"post","2":"type-post","3":"status-publish","4":"format-standard","5":"has-post-thumbnail","7":"category-libros","8":"tag-bastante-paraiso","9":"tag-books","10":"tag-entertainment","11":"tag-entretenimiento","12":"tag-es","13":"tag-espana","14":"tag-gatos","15":"tag-libros","16":"tag-spain"},"share_on_mastodon":{"url":"","error":""},"_links":{"self":[{"href":"https:\/\/www.europesays.com\/es\/wp-json\/wp\/v2\/posts\/94858","targetHints":{"allow":["GET"]}}],"collection":[{"href":"https:\/\/www.europesays.com\/es\/wp-json\/wp\/v2\/posts"}],"about":[{"href":"https:\/\/www.europesays.com\/es\/wp-json\/wp\/v2\/types\/post"}],"author":[{"embeddable":true,"href":"https:\/\/www.europesays.com\/es\/wp-json\/wp\/v2\/users\/2"}],"replies":[{"embeddable":true,"href":"https:\/\/www.europesays.com\/es\/wp-json\/wp\/v2\/comments?post=94858"}],"version-history":[{"count":0,"href":"https:\/\/www.europesays.com\/es\/wp-json\/wp\/v2\/posts\/94858\/revisions"}],"wp:featuredmedia":[{"embeddable":true,"href":"https:\/\/www.europesays.com\/es\/wp-json\/wp\/v2\/media\/94859"}],"wp:attachment":[{"href":"https:\/\/www.europesays.com\/es\/wp-json\/wp\/v2\/media?parent=94858"}],"wp:term":[{"taxonomy":"category","embeddable":true,"href":"https:\/\/www.europesays.com\/es\/wp-json\/wp\/v2\/categories?post=94858"},{"taxonomy":"post_tag","embeddable":true,"href":"https:\/\/www.europesays.com\/es\/wp-json\/wp\/v2\/tags?post=94858"}],"curies":[{"name":"wp","href":"https:\/\/api.w.org\/{rel}","templated":true}]}}