{"id":94925,"date":"2025-09-05T10:57:09","date_gmt":"2025-09-05T10:57:09","guid":{"rendered":"https:\/\/www.europesays.com\/es\/94925\/"},"modified":"2025-09-05T10:57:09","modified_gmt":"2025-09-05T10:57:09","slug":"ryanair-se-burla-de-la-nueva-cancion-de-sergio-ramos-y-el-futbolista-les-lanza-este-palo-de-lo-mas-inesperado","status":"publish","type":"post","link":"https:\/\/www.europesays.com\/es\/94925\/","title":{"rendered":"Ryanair se burla de la nueva canci\u00f3n de Sergio Ramos y el futbolista les lanza este palo de lo m\u00e1s inesperado"},"content":{"rendered":"<p><b>El salto a la m\u00fasica del futbolista Sergio Ramos<\/b> es algo que no ha pasado desapercibido para nadie, siendo <a href=\"https:\/\/www.huffingtonpost.es\/https:\/\/www.huffingtonpost.es\/virales\/sergio-ramos-debuta-cantante-le-llueven-criticas-el-nombre-dice.html.html\" target=\"_blank\" rel=\"nofollow noopener\">uno de los temas estrellas durante estos d\u00edas<\/a> a causa del lanzamiento de su single Cibeles,\u00a0en el que habla de su exequipo, el Real Madrid.<\/p>\n<p>El debut del futbolista en la escena musical ha despertado miles de reacciones, entre ellas bromas, burlas y chistes, y una de las que se ha subido al carro de estos comentarios ha sido<b> la aerol\u00ednea de bajo coste Ryanair.<\/b><\/p>\n<p>La compa\u00f1\u00eda, conocida por <a href=\"https:\/\/www.huffingtonpost.es\/virales\/esto-dice-ryanair-sobre-concierto-coldplay-siempre-reyes-todas-polemicasbr.html\" target=\"_blank\" rel=\"nofollow noopener\">no perderse ni una sola pol\u00e9mica<\/a>, ha aprovechado el momento para citar la publicaci\u00f3n del futbolista en la que presentaba su nueva canci\u00f3n <b>para meterse con el futbolista.<\/b><\/p>\n<p><b>\u00abPetici\u00f3n para prohibir esta canci\u00f3n en nuestros aviones\u00bb<\/b>, es lo que ha tuiteado a trav\u00e9s de su cuenta de X, anteriormente conocida en Twitter, la aerol\u00ednea irlandesa @Ryanair_ES sin cortarse un pelo.<\/p>\n<p><b>\u00ab\u00bfPero hab\u00e9is puesto ya altavoces en vuestros aviones? Yo os dejo mi speaker si hace falta\u00bb<\/b>, ha respondido Ramos con chuler\u00eda, citando el tuit de Ryanair y consiguiendo m\u00e1s de 2,8 millones de visualizaciones y 27.000 &#8216;me gustas&#8217; con su contestaci\u00f3n.<\/p>\n<p><b>\u00abDe gala me vest\u00ed, sangre y sudor te di. Te disfrut\u00e9 y te sufr\u00ed. <\/b>Espero que te vaya bien, aunque sin ti me siento mal. Menos mal que yo me march\u00e9, porque no me trataste igual\u00bb, canta Ramos en una de las partes m\u00e1s compartidas de la canci\u00f3n.<\/p>\n<p><b>\u00abTe olvidaste de m\u00ed, me dejaste de lao&#8217;.<\/b> Sin poder decidir, eso es lo que m\u00e1s me duele. Y aunque todo fue as\u00ed, volver\u00eda encantao&#8217;. Una vez y hasta mil, t\u00fa lo sabe\u2019 Cibeles\u00bb, contin\u00faa la canci\u00f3n.<\/p>\n<p>\u00abComo que speaker que eres de Sevilla bro\u00bb; <b>\u00abTe cobran por la maleta una pasta, imagina por el speaker\u00bb<\/b>; \u00abLos altavoces ya los ten\u00edan, son los que usan para anunciar los 300 productos que te intentan vender en cada vuelo\u00bb, han comentado algunos usuarios.<\/p>\n","protected":false},"excerpt":{"rendered":"El salto a la m\u00fasica del futbolista Sergio Ramos es algo que no ha pasado desapercibido para nadie,&hellip;\n","protected":false},"author":2,"featured_media":94926,"comment_status":"","ping_status":"","sticky":false,"template":"","format":"standard","meta":{"footnotes":""},"categories":[268],"tags":[168,25,24,280,282,1538,24705,185,4478,6744,281,23,167,6052],"class_list":{"0":"post-94925","1":"post","2":"type-post","3":"status-publish","4":"format-standard","5":"has-post-thumbnail","7":"category-futbol","8":"tag-deportes","9":"tag-es","10":"tag-espana","11":"tag-football","12":"tag-futbol","13":"tag-futbolistas","14":"tag-humor","15":"tag-musica","16":"tag-ryanair","17":"tag-sergio-ramos","18":"tag-soccer","19":"tag-spain","20":"tag-sports","21":"tag-twitter"},"share_on_mastodon":{"url":"","error":""},"_links":{"self":[{"href":"https:\/\/www.europesays.com\/es\/wp-json\/wp\/v2\/posts\/94925","targetHints":{"allow":["GET"]}}],"collection":[{"href":"https:\/\/www.europesays.com\/es\/wp-json\/wp\/v2\/posts"}],"about":[{"href":"https:\/\/www.europesays.com\/es\/wp-json\/wp\/v2\/types\/post"}],"author":[{"embeddable":true,"href":"https:\/\/www.europesays.com\/es\/wp-json\/wp\/v2\/users\/2"}],"replies":[{"embeddable":true,"href":"https:\/\/www.europesays.com\/es\/wp-json\/wp\/v2\/comments?post=94925"}],"version-history":[{"count":0,"href":"https:\/\/www.europesays.com\/es\/wp-json\/wp\/v2\/posts\/94925\/revisions"}],"wp:featuredmedia":[{"embeddable":true,"href":"https:\/\/www.europesays.com\/es\/wp-json\/wp\/v2\/media\/94926"}],"wp:attachment":[{"href":"https:\/\/www.europesays.com\/es\/wp-json\/wp\/v2\/media?parent=94925"}],"wp:term":[{"taxonomy":"category","embeddable":true,"href":"https:\/\/www.europesays.com\/es\/wp-json\/wp\/v2\/categories?post=94925"},{"taxonomy":"post_tag","embeddable":true,"href":"https:\/\/www.europesays.com\/es\/wp-json\/wp\/v2\/tags?post=94925"}],"curies":[{"name":"wp","href":"https:\/\/api.w.org\/{rel}","templated":true}]}}