{"id":95492,"date":"2025-09-05T17:07:08","date_gmt":"2025-09-05T17:07:08","guid":{"rendered":"https:\/\/www.europesays.com\/es\/95492\/"},"modified":"2025-09-05T17:07:08","modified_gmt":"2025-09-05T17:07:08","slug":"jorge-javier-vazquez-y-su-cambio-fisico-protagonistas-del-estreno-de-supervivientes-all-stars-lo-he-vuelto-a-conseguir-la-voz-de-galicia","status":"publish","type":"post","link":"https:\/\/www.europesays.com\/es\/95492\/","title":{"rendered":"Jorge Javier V\u00e1zquez y su cambio f\u00edsico, protagonistas del estreno de \u00abSupervivientes All Stars\u00bb: \u00abLo he vuelto a conseguir\u00bb &#8211; La Voz de Galicia"},"content":{"rendered":"<ol>\n<li><a href=\"https:\/\/news.google.com\/rss\/articles\/CBMimgJBVV95cUxPdGZTTlk1UkZaOEo4THdmbFlvQkhnbThUeTdGOXNycG1wb1B1eFpRVnI4aVZ3TDVjWGF1N08zUGoxZl9pYzNLQ0EtcTZyU3pPeVZCMnNXdFdEQmRfV0h0bnBuSUVNMm8xVEpkWWxqMlRSOHNYeEYwNzBpLUw1Y2Mtd2tCWHAtVGlvVk1tWERhRGVfVjZPejhIV21DbTFZNk9jblAtWEd1R2o0bkEwbzJZOW1iTHJXTVhmejhTWVN3TmI3NjZFQVdaYmR1eEdUWF9BV3ZoaUk1SW43aUlSbHdrZm4yQ1dFaG1RZ0FCN3AwbGFKUEtuX2lkSy1nR3FQZXF2eGN1TlZOVjNCQXRJSUFidG16dmFzbkNmTmfSAbYCQVVfeXFMTjNzV0tYLWZNbDlMbVBvWkZIWklxUW92RGt0X0tySjdBN05Wbmdra0F2S1UyY2lNamhFTll4MHJtWk1LYzl3VUo3aXdFV0dacWhKcDFIN29zSU1VZTk2Mzd6M3BoT2tDcnNhQ1ZVS0hvdFYwN0M4SHprRV9kS2hKa2lmV0VTc0Z3Vm0zaXlZNVdFTmVYR0xyVm9jYkFSdHhWTVhpZGQwZ3ZIN2o1S2Y3eVpLMG1RXzBOQ0R5TDlGRUpuUWZ5UmhvcU1hSEpmSTZfOE9CaGhONXk1TDRBazcxczN6djRqLVQyOVhfaTRHU1ZQeldoQ0ItZ2JlbGlNYW9xU09YLXpxUEJFRlZmOVgxZ0xsNWdXZTdnRFptVnRmOGIwMTBCdHNWVkduYldXenIzZ1l3Z3YtUQ?oc=5\" target=\"_blank\" rel=\"nofollow noopener\">Jorge Javier V\u00e1zquez y su cambio f\u00edsico, protagonistas del estreno de \u00abSupervivientes All Stars\u00bb: \u00abLo he vuelto a conseguir\u00bb<\/a>&nbsp;&nbsp;La Voz de Galicia<\/li>\n<li><a href=\"https:\/\/news.google.com\/rss\/articles\/CBMigAFBVV95cUxNOWdzQi1VWklEVEdjRmxVSXZObDQ2OXJyRERXYm1vLS1RWjdDcFJ3Z3RoTG9pZGJaaEczbWVXaXNNR3UtaF85dm44bWxRc0luaGltdHVLVkhUSE9oYk1iN1FRVTRtQ0RSTEF4bW5qTk5QbHdyYUhKU0NvZkE4YUZxctIBgAFBVV95cUxOTmZrNndIVmJLSFc0dzRDbUhwUkl0Nk9wNDFVOFFqcEtjQnFOM2s4TFU5ckwzdmNIWXVQakxsY2dOcGphWVlpRmpRT0ljcHhWVHJZMzdEaG1RUnA0UlRjZ0NvSko5ZUVvZFRGbmlPWkNXcTRYNEJoQmpsMHJlcTBSRA?oc=5\" target=\"_blank\" rel=\"nofollow noopener\">La nueva cara de Jorge Javier V\u00e1zquez: \u00bfLifting, masculinizaci\u00f3n facial o un c\u00f3ctel entre George Michael y Jos\u00e9 Manuel Parada?<\/a>&nbsp;&nbsp;El Mundo<\/li>\n<li><a href=\"https:\/\/news.google.com\/rss\/articles\/CBMiwAFBVV95cUxNSEM5UmVjOEI0X29WeVBFOGVGOVM2NHlxQVlYRmtqdmY1MEFIWS1wMnhMa25hckZTZjNlSGxyR1B4enpmTFY4aUFGRHVNTFFVYlRodE9ib2pEMVVMbHJXWV9rdk52RFFwdGpKY3FMU3RNT3l6MFEyS0hpNFhKZFUxc0RpNFpYclU5d3BJb2Z5OV9mQkRrQkJJcWhHWHlqQTNrbU9iRkxzSzRocXBwOXdKdkxvSUpGdWtnM0k1cS1hakTSAcYBQVVfeXFMUFY1MF9NWHZIbDF4X014b0NVdldOWW41M3dIVTg4cDBHNk9NTkUwcjRIdkxqR0dqR1FqX25obVNtLUFNX0h6ZzZwYWFFSFZGdjdnaFVuZUkxamFDMm5JNm01eFZfWDJ5U2VySmN2Y3VDVW5udnFFNWlDRTFVcVJVeW00RjFncjJIVTQ3Nzc0aV9UU3RsWGdfZlE1SjA5NEQ0UF8xeU9XZ1lwLWhpR2RjMkJsQ0JLNDdJTTN0ZWpqbENTV1E5OTRR?oc=5\" target=\"_blank\" rel=\"nofollow noopener\">Jorge Javier arrebata todo el protagonismo al estreno de &#8216;Supervivientes All Stars&#8217;: la audiencia reacciona a su nueva cara<\/a>&nbsp;&nbsp;El Confidencial<\/li>\n<li><a href=\"https:\/\/news.google.com\/rss\/articles\/CBMiogFBVV95cUxNSDA5TTVZQl9EZ3ZTWERSTWtCU09QTU00V0RGdjREYkhEcHFmNVJHVXpmbDNUZ2U4OXhRQlMxeHVlVk5feDZ1R2FhT1ViWDdYeU12cmtvNmZXZm96VUZSVFY0TmJEWWo3WXQ1Y0JPenYyNEpYMFI2OFZvbG1MQkVPMGFHNFBWX2JoaWZSSFV4UmI1UkY2WC1TR2ZFYXpZdW1FX2c?oc=5\" target=\"_blank\" rel=\"nofollow noopener\">Jorge Javier se toma con humor las reacciones despu\u00e9s de someterse a un cambio f\u00edsico<\/a>&nbsp;&nbsp;ABC<\/li>\n<li><a href=\"https:\/\/news.google.com\/rss\/articles\/CBMiwgFBVV95cUxOYkNEZ1MtaEpGWXlYUElxV3BWcnp6U3JNdDE0X2gtd09RZUw1eGJJeV9NUnlMam85S0RlMEQ4QXBTaVE4cHhWLW9yUVV1TmNFQkV1bjdWa0Jma2dxOV9WMFNWTmNJd1JMV2pEV0ZBQUkyLXdCOXRwT3Z3djFKZ3Bka1dnelljVDYwTXBMVU9oNnZFVms4cE1UdzNHVGl5VFZ0blE4Y3ZDVmEtenoyMlhzcFhCV0RTRnFEVmxKT0R3QjRPUQ?oc=5\" target=\"_blank\" rel=\"nofollow noopener\">Jorge Javier V\u00e1zquez reaparece en &#8216;Supervivientes All Stars&#8217; con &#8216;nuevo rostro&#8217;<\/a>&nbsp;&nbsp;El Norte de Castilla<\/li>\n<\/ol>\n","protected":false},"excerpt":{"rendered":"Jorge Javier V\u00e1zquez y su cambio f\u00edsico, protagonistas del estreno de \u00abSupervivientes All Stars\u00bb: \u00abLo he vuelto a&hellip;\n","protected":false},"author":2,"featured_media":95493,"comment_status":"","ping_status":"","sticky":false,"template":"","format":"standard","meta":{"footnotes":""},"categories":[174],"tags":[255,146,147,25,24,256,25559,4536,6063,23],"class_list":{"0":"post-95492","1":"post","2":"type-post","3":"status-publish","4":"format-standard","5":"has-post-thumbnail","7":"category-famosos","8":"tag-celebrities","9":"tag-entertainment","10":"tag-entretenimiento","11":"tag-es","12":"tag-espana","13":"tag-famosos","14":"tag-honduras","15":"tag-instagram","16":"tag-jorge-javier-vazquez","17":"tag-spain"},"share_on_mastodon":{"url":"","error":""},"_links":{"self":[{"href":"https:\/\/www.europesays.com\/es\/wp-json\/wp\/v2\/posts\/95492","targetHints":{"allow":["GET"]}}],"collection":[{"href":"https:\/\/www.europesays.com\/es\/wp-json\/wp\/v2\/posts"}],"about":[{"href":"https:\/\/www.europesays.com\/es\/wp-json\/wp\/v2\/types\/post"}],"author":[{"embeddable":true,"href":"https:\/\/www.europesays.com\/es\/wp-json\/wp\/v2\/users\/2"}],"replies":[{"embeddable":true,"href":"https:\/\/www.europesays.com\/es\/wp-json\/wp\/v2\/comments?post=95492"}],"version-history":[{"count":0,"href":"https:\/\/www.europesays.com\/es\/wp-json\/wp\/v2\/posts\/95492\/revisions"}],"wp:featuredmedia":[{"embeddable":true,"href":"https:\/\/www.europesays.com\/es\/wp-json\/wp\/v2\/media\/95493"}],"wp:attachment":[{"href":"https:\/\/www.europesays.com\/es\/wp-json\/wp\/v2\/media?parent=95492"}],"wp:term":[{"taxonomy":"category","embeddable":true,"href":"https:\/\/www.europesays.com\/es\/wp-json\/wp\/v2\/categories?post=95492"},{"taxonomy":"post_tag","embeddable":true,"href":"https:\/\/www.europesays.com\/es\/wp-json\/wp\/v2\/tags?post=95492"}],"curies":[{"name":"wp","href":"https:\/\/api.w.org\/{rel}","templated":true}]}}