{"id":9551,"date":"2025-07-28T14:41:08","date_gmt":"2025-07-28T14:41:08","guid":{"rendered":"https:\/\/www.europesays.com\/es\/9551\/"},"modified":"2025-07-28T14:41:08","modified_gmt":"2025-07-28T14:41:08","slug":"que-tiene-que-ver-la-nueva-pelicula-de-los-cuatro-fantasticos-con-zaragoza","status":"publish","type":"post","link":"https:\/\/www.europesays.com\/es\/9551\/","title":{"rendered":"\u00bfQu\u00e9 tiene que ver la nueva pel\u00edcula de &#8216;Los cuatro fant\u00e1sticos&#8217; con Zaragoza?"},"content":{"rendered":"<p class=\"paragraph\">Es una curiosidad y est\u00e1 cogida por los pelos, pero lo cierto es que &#8216;Los cuatro fant\u00e1sticos&#8217; que se acaba de estrenar en los cines tiene un v\u00ednculo con Zaragoza. Mientras muchos espectadores se fijan en<a href=\"https:\/\/www.heraldo.es\/noticias\/ocio-y-cultura\/2025\/07\/24\/los-4-fantasticos-primeros-pasos-domina-la-cartelera-1842035.html\" title=\"&#039;Los 4 fant\u00e1sticos: primeros pasos&#039; domina la cartelera\" rel=\"nofollow noopener\" target=\"_blank\"> el desempe\u00f1o de Vanessa Kirby como la Mujer Invisible o de\u00a0Pedro Pascal en el papel de\u00a0Reed Richards<\/a>, al especialista en c\u00f3mics<b>\u00a0Juan Luis G. Isasi <\/b>no le ha pasado desapercibido un detalle.\u00a0<\/p>\n<p class=\"paragraph\">\u00abEn la pel\u00edcula\u00a0sale nombrado <b>el personaje Diablo, que es un villano cuyas ra\u00edces est\u00e1n en Zaragoza. <\/b>Es de los pocos\u00a0personajes Marvel que son espa\u00f1oles y, adem\u00e1s, de Zaragoza\u00bb, explica\u00a0Isasi, que cuenta esta y otras curiosidades del universo se los superh\u00e9roes en sus redes sociales <a href=\"https:\/\/www.heraldo.es\/noticias\/aragon\/2023\/08\/27\/lord-isasi-al-que-no-le-guste-el-comic-es-porque-aun-no-ha-encontrado-el-suyo-1673814.html\" title=\"Lord Isasi: &quot;Al que no le guste el c\u00f3mic es porque a\u00fan no ha encontrado el suyo&quot;\" rel=\"nofollow noopener\" target=\"_blank\">(como \u2018lordisasi\u2019 tiene perfil en Instagram, Twitter y TikTok, donde re\u00fane a cerca de 10.000 seguidores).<\/a><\/p>\n<p class=\"paragraph\">Pero, \u00bfqui\u00e9n es este singular Diablo?\u00a0<b>\u00abEs un alquimista del siglo IX, como tal no envejec\u00eda y lo que se sabe de su estirpe es que\u00a0naci\u00f3 en Saraqusta\u00bb<\/b>, comenta Isasi, gran conocedor de los mundos de Marvel y DC a trav\u00e9s de su colecci\u00f3n de m\u00e1s de 11.000 c\u00f3mics que forman su biblioteca.<\/p>\n<p>            <img decoding=\"async\" loading=\"lazy\" width=\"990\" height=\"556\" alt=\"El Diablo, uno de los villanos m\u00e1s extra\u00f1os de Marvel.\" src=\"https:\/\/imagenes.heraldo.es\/files\/image_990_556\/uploads\/imagenes\/2025\/07\/28\/el-diablo-uno-de-los-villanos-mas-extranos-de-marvel.jpeg\" data-full-src=\"https:\/\/www.europesays.com\/es\/wp-content\/uploads\/2025\/07\/el-diablo-uno-de-los-villanos-mas-extranos-de-marvel.jpeg\"\/><\/p>\n<p>        El Diablo, uno de los villanos m\u00e1s extra\u00f1os de Marvel.<\/p>\n<p class=\"paragraph\">\u00abAl final de la pel\u00edcula, en las escenas postcr\u00e9ditos, hacen una especie de cabecera animada de una serie que se emite en el mundo de &#8216;Los cuatro fant\u00e1sticos&#8217; y <b>all\u00ed s\u00ed figura el Diablo.<\/b> Aunque no aparece en el metraje principal, su versi\u00f3n animada s\u00ed sale al final del todo de refil\u00f3n, de forma velada\u00bb, explica Isasi, que tiene &#8216;experiencia&#8217; en lo que a desvelar v\u00ednculos de los grandes autores de c\u00f3mic con Arag\u00f3n se refiere. Y<b>a en su d\u00eda identific\u00f3\u00a0La Aljafer\u00eda en una historia de &#8216;Ojo de halc\u00f3n&#8217;, aquella dibujada por\u00a0David L\u00f3pez, <\/b>y ha contado tambi\u00e9n otras\u00a0localizaciones espa\u00f1olas \u00abpoco habituales\u00bb.\u00a0<\/p>\n<p class=\"paragraph\">\u00abEn uno de los \u00faltimos\u00a0\u2018Superman\u2019 americanos presenta una ONU alternativa y aparece con un mapa de Europa en el que sale Espa\u00f1a y Euskal Herria independiente. Eso no es casual ni se ve en Google. Hice un tuit coment\u00e1ndolo y se viraliz\u00f3. Sali\u00f3 en \u2018La Vanguardia\u2019, \u201820 Minutos\u2019 y hasta me llam\u00f3 Julia Otero\u00bb, explica Isasi.<\/p>\n<p class=\"paragraph\">Respecto a &#8216;Los cuatro fant\u00e1sticos&#8217;, el experto zaragozano traza el origen &#8216;a nivel c\u00f3mic&#8217; del citado Diablo: \u00abAunque no es un personaje muy conocido, como fue uno de los primeros villanos, s\u00ed lo utiliz\u00f3 John Byrne, cuando hizo su versi\u00f3n en los a\u00f1os 80. Adem\u00e1s, <b>Rafa Mar\u00edn y Carlos Pacheco fueron los primeros espa\u00f1oles que hicieron un c\u00f3mic Marvel,<\/b> en los a\u00f1os 2.000, y en su primer n\u00famero tambi\u00e9n echaron mano del Diablo por ser de la tierra\u00bb.<\/p>\n","protected":false},"excerpt":{"rendered":"Es una curiosidad y est\u00e1 cogida por los pelos, pero lo cierto es que &#8216;Los cuatro fant\u00e1sticos&#8217; que&hellip;\n","protected":false},"author":2,"featured_media":9552,"comment_status":"","ping_status":"","sticky":false,"template":"","format":"standard","meta":{"footnotes":""},"categories":[169],"tags":[177,954,146,147,25,24,2628,176,175,795,1257,23,491],"class_list":{"0":"post-9551","1":"post","2":"type-post","3":"status-publish","4":"format-standard","5":"has-post-thumbnail","7":"category-cine","8":"tag-cine","9":"tag-cuatro","10":"tag-entertainment","11":"tag-entretenimiento","12":"tag-es","13":"tag-espana","14":"tag-fantasticos","15":"tag-film","16":"tag-movies","17":"tag-nueva","18":"tag-pelicula","19":"tag-spain","20":"tag-zaragoza"},"share_on_mastodon":{"url":"","error":""},"_links":{"self":[{"href":"https:\/\/www.europesays.com\/es\/wp-json\/wp\/v2\/posts\/9551","targetHints":{"allow":["GET"]}}],"collection":[{"href":"https:\/\/www.europesays.com\/es\/wp-json\/wp\/v2\/posts"}],"about":[{"href":"https:\/\/www.europesays.com\/es\/wp-json\/wp\/v2\/types\/post"}],"author":[{"embeddable":true,"href":"https:\/\/www.europesays.com\/es\/wp-json\/wp\/v2\/users\/2"}],"replies":[{"embeddable":true,"href":"https:\/\/www.europesays.com\/es\/wp-json\/wp\/v2\/comments?post=9551"}],"version-history":[{"count":0,"href":"https:\/\/www.europesays.com\/es\/wp-json\/wp\/v2\/posts\/9551\/revisions"}],"wp:featuredmedia":[{"embeddable":true,"href":"https:\/\/www.europesays.com\/es\/wp-json\/wp\/v2\/media\/9552"}],"wp:attachment":[{"href":"https:\/\/www.europesays.com\/es\/wp-json\/wp\/v2\/media?parent=9551"}],"wp:term":[{"taxonomy":"category","embeddable":true,"href":"https:\/\/www.europesays.com\/es\/wp-json\/wp\/v2\/categories?post=9551"},{"taxonomy":"post_tag","embeddable":true,"href":"https:\/\/www.europesays.com\/es\/wp-json\/wp\/v2\/tags?post=9551"}],"curies":[{"name":"wp","href":"https:\/\/api.w.org\/{rel}","templated":true}]}}