{"id":95514,"date":"2025-09-05T17:21:14","date_gmt":"2025-09-05T17:21:14","guid":{"rendered":"https:\/\/www.europesays.com\/es\/95514\/"},"modified":"2025-09-05T17:21:14","modified_gmt":"2025-09-05T17:21:14","slug":"ultimo-ensayo-antes-de-la-hora-de-la-verdad","status":"publish","type":"post","link":"https:\/\/www.europesays.com\/es\/95514\/","title":{"rendered":"\u00daltimo ensayo antes de la hora de la verdad"},"content":{"rendered":"<p>El Bar\u00e7a ha cerrado la \u00faltima semana de preparaci\u00f3n antes del inicio de la Champions y la Liga con un partido de entrenamiento. Los jugadores del primer equipo, acompa\u00f1ados de algunos j\u00f3venes del Bar\u00e7a Atl\u00e8tic, han afinado, en una simulaci\u00f3n a tiempo completo, detalles de cara al estreno europeo del pr\u00f3ximo jueves, ante el GOG y el Palau.<\/p>\n<p>Cabe recordar que la Liga Nexus Energ\u00eda Asobal comienza esta temporada m\u00e1s tarde que la competici\u00f3n europea y, por tanto, este fin de semana, posterior a la Supercopa Ib\u00e9rica, no hay ning\u00fan compromiso oficial.<\/p>\n<p>El partido de entrenamiento ya ha contado con la presencia de Jonathan Carlsbogard, reincorporado el mi\u00e9rcoles a la disciplina del grupo. El Bar\u00e7a Atl\u00e8tic ha aportado a 8 jugadores a la sesi\u00f3n: Filip Saric, Manuel Ortega, Adri\u00e1n Sola, Oriol San Felipe, Quim Rocas, Hanes Nilsson, Miguel Mart\u00edn y Anselmo Collado.<\/p>\n<p>Semana de debut a la vista<\/p>\n<p>El Bar\u00e7a afrontar\u00e1 la pr\u00f3xima semana su debut tanto en la Machineseeker EHF Champions League como en la Liga Nexus Energ\u00eda Asobal.<\/p>\n<p>El primero de los compromisos ser\u00e1 el jueves 11 de septiembre, a las 20.45h en el Palau, contra el GOG dan\u00e9s. El partido inaugurar\u00e1 el Grupo B de la Champions 2025\/26 para los azulgranas, contra un rival retornado a la m\u00e1xima competici\u00f3n continental despu\u00e9s de un a\u00f1o de ausencia.<\/p>\n<p>El s\u00e1bado ser\u00e1 el turno del debut en la Liga Nexus Energ\u00eda Asobal. El Bar\u00e7a se estrenar\u00e1 en la cancha del EON Alicante, reci\u00e9n ascendido, a las 19h.<\/p>\n<p>\n            Anterior<\/p>\n<p>            label.aria.chevronleft\n        <\/p>\n<p>\n            Siguiente<\/p>\n<p>            label.aria.chevronright\n        <\/p>\n<p>\u00a0<\/p>\n","protected":false},"excerpt":{"rendered":"El Bar\u00e7a ha cerrado la \u00faltima semana de preparaci\u00f3n antes del inicio de la Champions y la Liga&hellip;\n","protected":false},"author":2,"featured_media":95515,"comment_status":"","ping_status":"","sticky":false,"template":"","format":"standard","meta":{"footnotes":""},"categories":[278],"tags":[376,168,25,24,375,23,167,2288],"class_list":{"0":"post-95514","1":"post","2":"type-post","3":"status-publish","4":"format-standard","5":"has-post-thumbnail","7":"category-balonmano","8":"tag-balonmano","9":"tag-deportes","10":"tag-es","11":"tag-espana","12":"tag-handball","13":"tag-spain","14":"tag-sports","15":"tag-text"},"share_on_mastodon":{"url":"","error":""},"_links":{"self":[{"href":"https:\/\/www.europesays.com\/es\/wp-json\/wp\/v2\/posts\/95514","targetHints":{"allow":["GET"]}}],"collection":[{"href":"https:\/\/www.europesays.com\/es\/wp-json\/wp\/v2\/posts"}],"about":[{"href":"https:\/\/www.europesays.com\/es\/wp-json\/wp\/v2\/types\/post"}],"author":[{"embeddable":true,"href":"https:\/\/www.europesays.com\/es\/wp-json\/wp\/v2\/users\/2"}],"replies":[{"embeddable":true,"href":"https:\/\/www.europesays.com\/es\/wp-json\/wp\/v2\/comments?post=95514"}],"version-history":[{"count":0,"href":"https:\/\/www.europesays.com\/es\/wp-json\/wp\/v2\/posts\/95514\/revisions"}],"wp:featuredmedia":[{"embeddable":true,"href":"https:\/\/www.europesays.com\/es\/wp-json\/wp\/v2\/media\/95515"}],"wp:attachment":[{"href":"https:\/\/www.europesays.com\/es\/wp-json\/wp\/v2\/media?parent=95514"}],"wp:term":[{"taxonomy":"category","embeddable":true,"href":"https:\/\/www.europesays.com\/es\/wp-json\/wp\/v2\/categories?post=95514"},{"taxonomy":"post_tag","embeddable":true,"href":"https:\/\/www.europesays.com\/es\/wp-json\/wp\/v2\/tags?post=95514"}],"curies":[{"name":"wp","href":"https:\/\/api.w.org\/{rel}","templated":true}]}}