{"id":95539,"date":"2025-09-05T17:34:12","date_gmt":"2025-09-05T17:34:12","guid":{"rendered":"https:\/\/www.europesays.com\/es\/95539\/"},"modified":"2025-09-05T17:34:12","modified_gmt":"2025-09-05T17:34:12","slug":"taylor-swift-se-postula-como-reina-del-otono-discografico-a-la-espera-de-beyonce-y-rosalia","status":"publish","type":"post","link":"https:\/\/www.europesays.com\/es\/95539\/","title":{"rendered":"Taylor Swift se postula como reina del oto\u00f1o discogr\u00e1fico a la espera de Beyonc\u00e9 y Rosal\u00eda"},"content":{"rendered":"<p>\n        A la espera de noticias m\u00e1s concretas por parte de Rosal\u00eda y de Beyonc\u00e9<strong>, el tramo final de 2025 dejar\u00e1 la senda discogr\u00e1fica despejada para un nuevo reinado de <\/strong><a href=\"https:\/\/www.noticiasdenavarra.com\/corazon\/2025\/08\/26\/taylor-swift-anuncia-compromiso-travis-10015909.html\" title=\"Taylor Swift\" target=\"_blank\" class=\"link copy\" rel=\"nofollow noopener\"><strong>Taylor Swift<\/strong><\/a><strong> <\/strong>sin perjuicio para otras novedades a cargo de, entre otros, <strong>Fito <\/strong><strong>&amp; Fitipaldis, Pablo Albor\u00e1n, Manolo Garc\u00eda o, en breve, Ed Sheeran.<\/strong>\n<\/p>\n<p class=\"article-body__text \">\n        Septiembre ha llegado con ganas y, sin previo aviso, ha regalado este viernes<a href=\"https:\/\/www.noticiasdenavarra.com\/gente\/2025\/06\/16\/justin-bieber-publica-preocupante-tras-ultima-bronca-9768060.html\" title=\"&#039;Swag II&#039; de Justin Bieber, la segunda parte del extenso \u00e1lbum\" target=\"_blank\" class=\"link copy\" rel=\"nofollow noopener\"> &#8216;Swag II&#8217; de Justin Bieber, la segunda parte del extenso \u00e1lbum<\/a> que lanz\u00f3 hace solo dos meses y que puso fin a muchos a\u00f1os de sequ\u00eda discogr\u00e1fica.\n<\/p>\n<p>            <a href=\"https:\/\/www.noticiasdenavarra.com\/cultura\/musica\/2024\/12\/13\/taylor-swift-convierte-cantante-premios-9045858.html\" title=\"Taylor Swift se convierte en la cantante con m\u00e1s premios Billboard de la historia\" class=\"new__media\" rel=\"nofollow noopener\" target=\"_blank\"><\/p>\n<p>                <img alt=\"Taylor Swift se convierte en la cantante con m\u00e1s premios Billboard de la historia\" data-src=\"https:\/\/www.europesays.com\/es\/wp-content\/uploads\/2025\/09\/8cdd34f0-4cfd-4db0-94fb-0068509b5930_16-9-aspect-ratio_default_0_x932y557.jpg\" class=\"lozad\"\/><\/p>\n<p>        <\/a><\/p>\n<p>        <a href=\"https:\/\/www.noticiasdenavarra.com\/cultura\/musica\/2024\/12\/13\/taylor-swift-convierte-cantante-premios-9045858.html\" title=\"Taylor Swift se convierte en la cantante con m\u00e1s premios Billboard de la historia\" class=\"new__headline\" rel=\"nofollow noopener\" target=\"_blank\"><br \/>\n            Taylor Swift se convierte en la cantante con m\u00e1s premios Billboard de la historia<br \/>\n        <\/a><\/p>\n<p class=\"article-body__text \">\n        Esta jornada tambi\u00e9n ha tra\u00eddo &#8216;Who Is The Sky?&#8217; de David Byrne, &#8216;Antidepressants&#8217; de Suede, &#8216;Joni&#8217;s Jazz&#8217; de Joni Mitchell o &#8216;International&#8217; de Saint Etienne, as\u00ed como &#8216;Mayo Season&#8217;, el estreno en formato LP del exconcursante de OT \u00c1lvaro Mayo.\n<\/p>\n<p class=\"article-body__text \">\n        <strong>Ed Sheeran, que hasta hace solo unos a\u00f1os paralizaba el mercado con cada lanzamiento, presentar\u00e1 &#8216;Play&#8217; este 12 de septiembre, <\/strong>mismo d\u00eda que la exintegrante de Little Mix Jade lanzar\u00e1 su debut en solitario (&#8216;That&#8217;s Showbiz Baby!&#8217;) y llegar\u00e1n trabajos de Twenty One Pilots (&#8216;Breach&#8217;), Parcels (&#8216;LOVED&#8217;) y Sophie Ellis-Bextor (&#8216;Perimenopop&#8217;). En el Estado, se publicar\u00e1 &#8216;1973&#8217; de Quique Gonz\u00e1lez.\n<\/p>\n<p class=\"article-body__text \">\n        Aunque <strong>Cardi B ha sido m\u00e1s noticia estos d\u00edas por su medi\u00e1tico juicio <\/strong>que por cuestiones musicales, despu\u00e9s de siete a\u00f1os de espera desde el aplaudido &#8216;Invasion of Privacy&#8217;, el 19 de septiembre lanzar\u00e1 por fin &#8216;Am I The Drama?&#8217;.\n<\/p>\n<p class=\"article-body__text \">\n        Ese mismo d\u00eda, Nine Inch Nails publicar\u00e1 la banda sonora de la pel\u00edcula &#8216;Tron: Ares&#8217; y Omara Portuondo, a sus 94 a\u00f1os, &#8216;Eterna Omara&#8217;. Por su parte, la joven L<strong>ola Young intentar\u00e1 demostrar con &#8216;I&#8217;m Only F**king Myself&#8217; que su \u00e9xito con \u00abhits\u00bb como &#8216;Messy&#8217; no es flor de un d\u00eda.<\/strong>\n<\/p>\n<p class=\"article-body__text \">\n        Los amantes de <strong>Loquillo <\/strong>podr\u00e1n disfrutar de reinterpretaciones de su repertorio junto a colegas y amigos en &#8216;Corazones legendarios&#8217; el 26 de septiembre. M\u00e1s rock en diversas variantes y latitudes llegar\u00e1 con Biffy Clyro (&#8216;Futique&#8217;) y con los discos en solitario del l\u00edder de <strong>Wilco<\/strong>, Jeff Tweedy (\u00bbTwiligh Override&#8217;), y de The Cure, Robert Plant (&#8216;Saving Grace&#8217;).\n<\/p>\n<p class=\"article-body__text \">\n        En la misma jornada,<strong> Doja Cat publica &#8216;Vie&#8217; y, con su \u00absoul\u00bb elegante, la joven Olivia Dean podr\u00eda dar un gran salto con &#8216;The Art Of Loving&#8217;. Pero, sobre todo, se vivir\u00e1 la vuelta de Mariah Carey y no con su ic\u00f3nico disco navide\u00f1o de todos los a\u00f1os, sino con &#8216;Here For It All&#8217;, su primer trabajo con temas in\u00e9ditos desde 2018.<\/strong>\n<\/p>\n<p class=\"article-body__text \">\n        El 3 de octubre se celebrar\u00e1 el lanzamiento de &#8216;The Life Of A Showgirl&#8217; de Taylor Swift, un retorno por todo lo alto al pop r\u00edtmico de la mano de los productores Max Martin y Shellback, tras haberse hecho ya en las semanas previas con muchos titulares por su pr\u00f3xima boda y a falta de confirmar si, como todo apunta, ser\u00e1 la protagonista musical de la pr\u00f3xima Superbowl.\n<\/p>\n<p>            <a href=\"https:\/\/www.noticiasdenavarra.com\/television\/2024\/01\/31\/benidorm-fest-2024-primeros-finalistas-7808977.html\" title=\"Miss Caffeina, entre los primeros finalistas del Benidorm Fest 2024\" class=\"new__media\" rel=\"nofollow noopener\" target=\"_blank\"><\/p>\n<p>                <img alt=\"Miss Caffeina, entre los primeros finalistas del Benidorm Fest 2024\" data-src=\"https:\/\/www.europesays.com\/es\/wp-content\/uploads\/2025\/09\/abb50133-058a-489a-9068-2f89da17ea54_16-9-aspect-ratio_default_0.jpg\" class=\"lozad\"\/><\/p>\n<p>        <\/a><\/p>\n<p>        <a href=\"https:\/\/www.noticiasdenavarra.com\/television\/2024\/01\/31\/benidorm-fest-2024-primeros-finalistas-7808977.html\" title=\"Miss Caffeina, entre los primeros finalistas del Benidorm Fest 2024\" class=\"new__headline\" rel=\"nofollow noopener\" target=\"_blank\"><br \/>\n            Miss Caffeina, entre los primeros finalistas del Benidorm Fest 2024<br \/>\n        <\/a><\/p>\n<p class=\"article-body__text \">\n        El 17 de octubre ver\u00e1 c\u00f3mo se lanza &#8216;Buenasuerte&#8217; de <strong>Miss Caffeina tras su par\u00f3n, as\u00ed como &#8216;Vendr\u00e1n suaves lluvias&#8217; de Silvana Estrada<\/strong> y, por primera vez en vinilo, el hist\u00f3rico &#8216;Pedr\u00e1&#8217; de Extremoduro. Tambi\u00e9n ese d\u00eda, &#8216;All Is Love And Pain In The Mouse Parade&#8217; de los islandeses Of Monsters And Men y &#8216;Duets Special&#8217; de Chrissie Hynde, al margen de The Pretenders.\n<\/p>\n<p>  Iconos y novedades <\/p>\n<p class=\"article-body__text \">\n        Aunque Bon Jovi relanzar\u00e1 su disco &#8216;Forever (Legendary Edition)&#8217; con invitados como Bruce Sprignsteen el 24 de octubre, <strong>ser\u00e1 noticia especialmente la llegada de &#8216;El monte de los aullidos&#8217; de Fito &amp; Fitipaldis<\/strong>, cuatro a\u00f1os despu\u00e9s de su \u00faltimo trabajo y con nueva gira que ha agotado entradas a un ritmo vertiginoso.\n<\/p>\n<p class=\"article-body__text \">\n        El mes concluir\u00e1 con lo nuevo de <strong>Manolo Garc\u00eda, &#8216;Drapaires Poligoneros&#8217;, y con otro disco esperado, &#8216;Everybody Scream&#8217; de Florence + The Machine, en el que ha apostado por la experimentaci\u00f3n.<\/strong>\n<\/p>\n<p class=\"article-body__text \">\n        Aunque EFE tiene confirmaci\u00f3n de <strong>la salida de &#8216;Km 0&#8217; de Pablo Albor\u00e1n con una mezcolanza de estilos en noviembre<\/strong>, cuando igualmente llegar\u00e1 el navide\u00f1o &#8216;El \u00e1rbol de la alegr\u00eda&#8217; de Miguel Poveda, las fechas y posibles lanzamientos se vuelven m\u00e1s difusos a partir de entonces.\n<\/p>\n<p class=\"article-body__text \">\n        Se esperan novedades de<strong> Demi Lovato, Lizzo, Robbie Williams y Gorillaz, entre otros. <\/strong>Rihanna, que en febrero habl\u00f3 por \u00faltima vez de su noveno disco para decir que ser\u00eda algo completamente \u00abinesperado, no ha vuelto a dar se\u00f1ales m\u00e1s que para celebrar esta misma semana el aniversario de sus 20 a\u00f1os en la m\u00fasica.\n<\/p>\n<p>            <a href=\"https:\/\/www.noticiasdenavarra.com\/cultura\/musica\/2024\/12\/04\/artista-cancion-escuchada-spotify-2024-9012415.html\" title=\"Estos son el artista y la canci\u00f3n m\u00e1s escuchada de Spotify en 2024: solo una mujer escala al &#039;Top10&#039;\" class=\"new__media\" rel=\"nofollow noopener\" target=\"_blank\"><\/p>\n<p>                <img alt=\"Estos son el artista y la canci\u00f3n m\u00e1s escuchada de Spotify en 2024: solo una mujer escala al 'Top10'\" data-src=\"https:\/\/www.europesays.com\/es\/wp-content\/uploads\/2025\/09\/5358d95f-9dd6-42ac-b77b-44ac39e74663_16-9-aspect-ratio_default_0.jpg\" class=\"lozad\"\/><\/p>\n<p>        <\/a><\/p>\n<p>        <a href=\"https:\/\/www.noticiasdenavarra.com\/cultura\/musica\/2024\/12\/04\/artista-cancion-escuchada-spotify-2024-9012415.html\" title=\"Estos son el artista y la canci\u00f3n m\u00e1s escuchada de Spotify en 2024: solo una mujer escala al &#039;Top10&#039;\" class=\"new__headline\" rel=\"nofollow noopener\" target=\"_blank\"><br \/>\n            Estos son el artista y la canci\u00f3n m\u00e1s escuchada de Spotify en 2024: solo una mujer escala al &#8216;Top10&#8217;<br \/>\n        <\/a><\/p>\n<p class=\"article-body__text \">\n        Tras su salto a la m\u00fasica electr\u00f3nica y al country en sus dos trabajos previos<strong>, los seguidores de Beyonc\u00e9 est\u00e1n convencidos de que el final de la trilog\u00eda o &#8216;Act III&#8217; est\u00e1 cerca y que ser\u00e1 un \u00e1lbum rock por gui\u00f1os recientes, sobre todo el de un spot publicitario en el que cambiaba su caballo por una moto.<\/strong>\n<\/p>\n<p class=\"article-body__text \">\n        Del mismo modo, se esperan noticias inminentes de Rosal\u00eda tras el \u00e9xito de &#8216;Motomami&#8217; (2022). \u00bfLos indicios? Un aparente fallo de edici\u00f3n en una entrevista para Elle, en la que en un primer momento se informaba de que su cuarto disco estar\u00eda listo en noviembre, y una serie de s\u00edmbolos y pistas en sus redes, con abundancia de cruces, que remiten a que podr\u00eda girar en torno a la espiritualidad.<\/p>\n","protected":false},"excerpt":{"rendered":"A la espera de noticias m\u00e1s concretas por parte de Rosal\u00eda y de Beyonc\u00e9, el tramo final de&hellip;\n","protected":false},"author":2,"featured_media":95540,"comment_status":"","ping_status":"","sticky":false,"template":"","format":"standard","meta":{"footnotes":""},"categories":[170],"tags":[146,147,25,24,184,185,12190,34415,10717,23,20130,9274],"class_list":{"0":"post-95539","1":"post","2":"type-post","3":"status-publish","4":"format-standard","5":"has-post-thumbnail","7":"category-musica","8":"tag-entertainment","9":"tag-entretenimiento","10":"tag-es","11":"tag-espana","12":"tag-music","13":"tag-musica","14":"tag-otono","15":"tag-postula","16":"tag-reina","17":"tag-spain","18":"tag-swift","19":"tag-taylor"},"share_on_mastodon":{"url":"","error":""},"_links":{"self":[{"href":"https:\/\/www.europesays.com\/es\/wp-json\/wp\/v2\/posts\/95539","targetHints":{"allow":["GET"]}}],"collection":[{"href":"https:\/\/www.europesays.com\/es\/wp-json\/wp\/v2\/posts"}],"about":[{"href":"https:\/\/www.europesays.com\/es\/wp-json\/wp\/v2\/types\/post"}],"author":[{"embeddable":true,"href":"https:\/\/www.europesays.com\/es\/wp-json\/wp\/v2\/users\/2"}],"replies":[{"embeddable":true,"href":"https:\/\/www.europesays.com\/es\/wp-json\/wp\/v2\/comments?post=95539"}],"version-history":[{"count":0,"href":"https:\/\/www.europesays.com\/es\/wp-json\/wp\/v2\/posts\/95539\/revisions"}],"wp:featuredmedia":[{"embeddable":true,"href":"https:\/\/www.europesays.com\/es\/wp-json\/wp\/v2\/media\/95540"}],"wp:attachment":[{"href":"https:\/\/www.europesays.com\/es\/wp-json\/wp\/v2\/media?parent=95539"}],"wp:term":[{"taxonomy":"category","embeddable":true,"href":"https:\/\/www.europesays.com\/es\/wp-json\/wp\/v2\/categories?post=95539"},{"taxonomy":"post_tag","embeddable":true,"href":"https:\/\/www.europesays.com\/es\/wp-json\/wp\/v2\/tags?post=95539"}],"curies":[{"name":"wp","href":"https:\/\/api.w.org\/{rel}","templated":true}]}}