{"id":95549,"date":"2025-09-05T17:40:06","date_gmt":"2025-09-05T17:40:06","guid":{"rendered":"https:\/\/www.europesays.com\/es\/95549\/"},"modified":"2025-09-05T17:40:06","modified_gmt":"2025-09-05T17:40:06","slug":"tesla-propone-un-incentivo-record-para-elon-musk-que-podria-convertirlo-en-el-primer-billonario","status":"publish","type":"post","link":"https:\/\/www.europesays.com\/es\/95549\/","title":{"rendered":"Tesla propone un incentivo r\u00e9cord para Elon Musk que podr\u00eda convertirlo en el primer billonario"},"content":{"rendered":"<p class=\"article-text\">\n        La junta directiva de Tesla present\u00f3 este viernes un paquete salarial para Elon Musk, director ejecutivo de la compa\u00f1\u00eda, que podr\u00eda alcanzar los 900.000 millones de d\u00f3lares si cumple diversos objetivos y as\u00ed convertirlo en el primer \u201cbillonario\u201d del mundo, informa la agencia EFE. Se trata de un bonus salarial sin precedentes en el mundo empresarial estadounidense, <a href=\"https:\/\/www.bloomberg.com\/news\/articles\/2025-09-05\/tsla-tesla-offers-unprecedented-1-trillion-pay-package-to-elon-musk?srnd=homepage-europe\" data-mrf-recirculation=\"links-noticia\" class=\"link\" target=\"_blank\" rel=\"nofollow noopener\">destaca Bloomberg<\/a>.\n    <\/p>\n<p>    <a href=\"https:\/\/www.eldiario.es\/economia\/elon-musk-recupera-trono-rico-mundo-donald-trump-dobla-fortuna-forbes_1_12182912.html\" data-mrf-recirculation=\"saber-mas\" data-dl-event=\"saber-mas\" rel=\"nofollow noopener\" target=\"_blank\"><\/p>\n<p class=\"know-more__title\">Elon Musk recupera el trono como el m\u00e1s rico del mundo y Donald Trump dobla su fortuna, seg\u00fan &#8216;Forbes&#8217;<\/p>\n<p>            <img decoding=\"async\" class=\"lazy\" loading=\"lazy\" data-src=\"https:\/\/static.eldiario.es\/clip\/515f6ac3-9246-44d5-afc0-51111cf2974d_16-9-aspect-ratio_default_0_x982y21.jpg\" src=\"data:image\/svg+xml,%3Csvg xmlns=\" http:=\"\" viewbox=\"0 0 880 495\" alt=\"Elon Musk recupera el trono como el m\u00e1s rico del mundo y Donald Trump dobla su fortuna, seg\u00fan 'Forbes'\"\/><\/p>\n<p>                        <\/a><\/p>\n<p class=\"article-text\">\n        Seg\u00fan un documento presentado ante el regulador burs\u00e1til, <a href=\"https:\/\/www.eldiario.es\/economia\/elon-musk-recupera-trono-rico-mundo-donald-trump-dobla-fortuna-forbes_1_12182912.html\" data-mrf-recirculation=\"links-noticia\" class=\"link\" rel=\"nofollow noopener\" target=\"_blank\">Musk, que ya es la persona m\u00e1s rica del planeta<\/a>, para cobrar el valor total del paquete tendr\u00eda que multiplicar por ocho \u2013a 8,5 billones de d\u00f3lares\u2013 el valor burs\u00e1til de Tesla durante la pr\u00f3xima d\u00e9cada, ahora en 1,1 billones de d\u00f3lares.\n    <\/p>\n<p class=\"article-text\">\n        Otra condici\u00f3n para que el magnate pueda sumar los 900.000 millones de d\u00f3lares a su fortuna (valorada ahora en 400.000 millones de d\u00f3lares, seg\u00fan Forbes) consiste en que permanezca en Tesla al menos diez a\u00f1os.\n    <\/p>\n<p class=\"article-text\">\n        Adem\u00e1s, tendr\u00eda que cumplir varios objetivos operativos, como supervisar el despliegue comercial de un mill\u00f3n de taxis aut\u00f3nomos y robots humanoides, y multiplicar por m\u00e1s de 24 las ganancias.\n    <\/p>\n<p>    M\u00e1s poder en la multinacional<\/p>\n<p class=\"article-text\">\n        Seg\u00fan Bloomberg, las acciones adicionales que Musk podr\u00eda recibir elevar\u00edan su participaci\u00f3n en el fabricante de veh\u00edculos el\u00e9ctricos hasta al menos el 25%, una cifra que Musk hab\u00eda declarado p\u00fablicamente que quer\u00eda.\n    <\/p>\n<p class=\"article-text\">\n        Las propuestas, incluido el acuerdo de compensaci\u00f3n, ser\u00e1n sometidas a votaci\u00f3n por los inversores en la junta anual prevista para el 6 de noviembre.\n    <\/p>\n<p class=\"article-text\">\n        El plan anunciado este viernes por la compa\u00f1\u00eda de autom\u00f3viles no impone restricciones sobre el tiempo que Musk dedique a otras empresas, ni a eventuales actividades pol\u00edticas. Hay que recordar que Elon Musk es el fundador de SpaceX, una compa\u00f1\u00eda de cohetes, y de xAI, una empresa de inteligencia artificial propietaria de la red social X.\n    <\/p>\n<p class=\"article-text\">\n        Tambi\u00e9n ha estado muy involucrado en la pol\u00edtica de Estados Unidos, con <a href=\"https:\/\/www.eldiario.es\/tecnologia\/divorcio-no-traumatico-elon-musk-sacado-alianza-donald-trump_1_12368553.html\" data-mrf-recirculation=\"links-noticia\" class=\"link\" rel=\"nofollow noopener\" target=\"_blank\">su fulgurante carrera junto al actual presidente Donald Trump<\/a>, que finaliz\u00f3 recientemente, y que muchos consumidores de sus veh\u00edculos el\u00e9ctricos no vieron con buenos ojos. <a href=\"https:\/\/www.eldiario.es\/internacional\/elon-musk-firmar-trump-megaley-fiscal-hoy-crea-partido-america_1_12442283.html\" data-mrf-recirculation=\"links-noticia\" class=\"link\" rel=\"nofollow noopener\" target=\"_blank\">Musk incluso ha coqueteado con la idea de crear un nuevo partido pol\u00edtico<\/a>.\n    <\/p>\n<p class=\"article-text\">\n        En 2024, un tribunal de Delaware anul\u00f3 el paquete de compensaci\u00f3n de Musk de 2018, valorado en m\u00e1s de 50.000 millones de d\u00f3lares, alegando que el proceso de aprobaci\u00f3n de la junta directiva de Tesla fue defectuoso e injusto para los accionistas. Mientras Tesla recurre esa decisi\u00f3n, el consejo de administraci\u00f3n busca otras formas de compensar a su director ejecutivo, como <a href=\"https:\/\/www.eldiario.es\/economia\/tesla-da-elon-musk-acciones-valoradas-25-000-millones-retenerlo-importante_1_12513733.html\" data-mrf-recirculation=\"links-noticia\" class=\"link\" rel=\"nofollow noopener\" target=\"_blank\">la reciente concesi\u00f3n provisional de acciones por valor de unos 30 000 millones de d\u00f3lares<\/a>, recuerda Bloomberg.\n    <\/p>\n<p>    <a href=\"https:\/\/www.eldiario.es\/economia\/tesla-da-elon-musk-acciones-valoradas-25-000-millones-retenerlo-importante_1_12513733.html\" data-mrf-recirculation=\"saber-mas-abajo\" data-dl-event=\"saber-mas-abajo\" rel=\"nofollow noopener\" target=\"_blank\"><\/p>\n<p class=\"know-more__title\">Tesla da a Elon Musk acciones valoradas en 30.000 millones de d\u00f3lares porque retenerlo \u201ces m\u00e1s importante que nunca\u201d\n<\/p>\n<p>            <img decoding=\"async\" class=\"lazy\" loading=\"lazy\" data-src=\"https:\/\/static.eldiario.es\/clip\/cbe5ff9a-3891-4039-b950-aa655a51185a_16-9-aspect-ratio_default_0.jpg\" src=\"data:image\/svg+xml,%3Csvg xmlns=\" http:=\"\" viewbox=\"0 0 880 495\" alt=\"Tesla da a Elon Musk acciones valoradas en 30.000 millones de d\u00f3lares porque retenerlo &quot;es m\u00e1s importante que nunca&quot;\"\/><\/p>\n<p>                        <\/a><\/p>\n<p class=\"article-text\">\n        Las acciones de Tesla sub\u00edan hoy m\u00e1s del 2% en la preapertura burs\u00e1til, destaca la agencia de noticias.\n    <\/p>\n","protected":false},"excerpt":{"rendered":"La junta directiva de Tesla present\u00f3 este viernes un paquete salarial para Elon Musk, director ejecutivo de la&hellip;\n","protected":false},"author":2,"featured_media":95550,"comment_status":"","ping_status":"","sticky":false,"template":"","format":"standard","meta":{"footnotes":""},"categories":[80],"tags":[34418,82,34417,95,94,14156,25,24,34416,14157,977,918,4722,23,12336],"class_list":{"0":"post-95549","1":"post","2":"type-post","3":"status-publish","4":"format-standard","5":"has-post-thumbnail","7":"category-economia","8":"tag-billonario","9":"tag-business","10":"tag-convertirlo","11":"tag-economia","12":"tag-economy","13":"tag-elon","14":"tag-es","15":"tag-espana","16":"tag-incentivo","17":"tag-musk","18":"tag-primer","19":"tag-propone","20":"tag-record","21":"tag-spain","22":"tag-tesla"},"share_on_mastodon":{"url":"","error":""},"_links":{"self":[{"href":"https:\/\/www.europesays.com\/es\/wp-json\/wp\/v2\/posts\/95549","targetHints":{"allow":["GET"]}}],"collection":[{"href":"https:\/\/www.europesays.com\/es\/wp-json\/wp\/v2\/posts"}],"about":[{"href":"https:\/\/www.europesays.com\/es\/wp-json\/wp\/v2\/types\/post"}],"author":[{"embeddable":true,"href":"https:\/\/www.europesays.com\/es\/wp-json\/wp\/v2\/users\/2"}],"replies":[{"embeddable":true,"href":"https:\/\/www.europesays.com\/es\/wp-json\/wp\/v2\/comments?post=95549"}],"version-history":[{"count":0,"href":"https:\/\/www.europesays.com\/es\/wp-json\/wp\/v2\/posts\/95549\/revisions"}],"wp:featuredmedia":[{"embeddable":true,"href":"https:\/\/www.europesays.com\/es\/wp-json\/wp\/v2\/media\/95550"}],"wp:attachment":[{"href":"https:\/\/www.europesays.com\/es\/wp-json\/wp\/v2\/media?parent=95549"}],"wp:term":[{"taxonomy":"category","embeddable":true,"href":"https:\/\/www.europesays.com\/es\/wp-json\/wp\/v2\/categories?post=95549"},{"taxonomy":"post_tag","embeddable":true,"href":"https:\/\/www.europesays.com\/es\/wp-json\/wp\/v2\/tags?post=95549"}],"curies":[{"name":"wp","href":"https:\/\/api.w.org\/{rel}","templated":true}]}}