{"id":95593,"date":"2025-09-05T18:05:13","date_gmt":"2025-09-05T18:05:13","guid":{"rendered":"https:\/\/www.europesays.com\/es\/95593\/"},"modified":"2025-09-05T18:05:13","modified_gmt":"2025-09-05T18:05:13","slug":"ingresa-en-prision-el-acusado-de-asesinar-a-una-cuidadora-en-o-porrino-aunque-ira-a-un-modulo-terapeutico-la-voz-de-galicia","status":"publish","type":"post","link":"https:\/\/www.europesays.com\/es\/95593\/","title":{"rendered":"Ingresa en prisi\u00f3n el acusado de asesinar a una cuidadora en O Porri\u00f1o aunque ir\u00e1 a un m\u00f3dulo terap\u00e9utico &#8211; La Voz de Galicia"},"content":{"rendered":"<ol>\n<li><a href=\"https:\/\/news.google.com\/rss\/articles\/CBMi6wFBVV95cUxPZWE3NFdkbEdMNGJUb2FjTXl3a2lERjJVWFdJZGY3QzFPSWMxSlZBTGNYUDBnNThNaGRUS1lCYklGRzZkbUgzRnRIMXlhdWhzNXNlNXBPbVFOZHJVYWVXOTR6dlh3SjBCeUpvODVpN1liMVByeWpFR2NFQVBMZUl1LUNFN0xLVjhWNnkzV3FNZUFyQmlFTFFOS3J1enRxZk1ONElkdTlzU1FQUjBreUVvaGVESGRaNjFzdTdtUkw4YmJ5NnFnX0tOazlJWUJIbHBQT2M3ZjZxOHdod2gtTmpZLTlYVl9QT0J2ODlR0gGHAkFVX3lxTFBJSjNVeVo4TU1HNWl0ZlBVckNQdG5sNHFMRzNlUzl4cFphQl9ZZjQwSEVncjVSd0hndHhhU2R4SElSakw1aHJOWWZoRHRoN3d6QzZNOWY0MGhueHlzQWhtYTZNM0dMMmI5LWt4WmJHM2F5WnhEeHRBbGR6VmdWTm1uX3NLcmtCVUp6REdPenI2dHFVMnFjS25GLUxOb1FnWWlFZ0RLTjk0TzRiT1BYVE9MWExySmlmakJEaF9nN2ViSjh5ZXhQYi1ub09lVkRZblFWZjlaRXBIZ0h5ZnBTbHlwTUVocU9BUUVZV1JTU0c0dlk0VDdONlhSWkprZHdFMENHNkpBTGk0?oc=5\" target=\"_blank\" rel=\"nofollow noopener\">Ingresa en prisi\u00f3n el acusado de asesinar a una cuidadora en O Porri\u00f1o aunque ir\u00e1 a un m\u00f3dulo terap\u00e9utico<\/a>&nbsp;&nbsp;La Voz de Galicia<\/li>\n<li><a href=\"https:\/\/news.google.com\/rss\/articles\/CBMivwFBVV95cUxOT3ZldUhKcnVrYlNlaFhYSHFfdllaSkxfekp1TlVzZWE0QWIwWXhfMnlGMTQyWi0tRU5PZWR3eWZLRTNSdWE0OGQ2VjVwdzktQUttbnh1dHZBN3E0SjlOelRTUVByR04tQjFDQlNiRWZJYk5GUXFZeF9sWVZGRHR3N3R4M3UyV2JnTEJCZWM4ZkZyalNNTVY5WG1TbXlhS0NOTU5qQTBIeVNyZWZ5aEx5XzBTbVdCNmxic01aek5uVdIBywFBVV95cUxQSEwyQW9oSzVHbW1FS0tNbG9jWlQ3RHVLb1NBRHozYTJqWHBlSGpaTjA0UHdMZFUwUlZJVjBaRm93dm5TWkFtVko3ZHZXcEREd180cHppSzdYT294RVlESmViNjA5ZExZdGVrUUNZOUdpTXZjSUFxcnpmUGNWTm41WGdIYmhzenRlTnhIQlRsNXpVNWRSeklTUWhOa3FOSEZDRE9zT1pWcEg5cTN1ajJNbUI1ZjVXUVRfTGRmVkFoZTA4YV8xQ29WWkJwTQ?oc=5\" target=\"_blank\" rel=\"nofollow noopener\">El asesino de Teresa, la auxiliar dom\u00e9stica de O Porri\u00f1o, a prisi\u00f3n: ir\u00e1 a un m\u00f3dulo terap\u00e9utico<\/a>&nbsp;&nbsp;Telecinco<\/li>\n<li><a href=\"https:\/\/news.google.com\/rss\/articles\/CBMiqgFBVV95cUxQQy1BVWRfVUpRTjFwVEplcE1ocWJWMncySFFWQ2JTNzhFRjdnSzVSeXBFaXNGakJ5YW00NG4xejdQblltWVh5Yk9NTjVSTU1JcnJCcEV4MXhBVVZKYlhNLTlzNnlyaWo1OEVpeGd3MUp5c195d2tHRXBWMGNkbnZDTTlPXzFZMWZUTWZRdWZVd0xLNzhfUGdHWjRwSlJnNEo5ZHZrc3hmZWJwd9IBrwFBVV95cUxOZndGT0M1bG04bnBZaVNRR291azlFU2pUQ1JiLWpEam93Qm8zQnF5S1p4a1ItQ25fdWpiUFFqQi12S3VLUjgyZl8zT0ZGS1pnOUVEQ0tvOGxUaGg4M2tyTGJEMVlSZGoycVVfcW13Y2djTFpsZVFjTlVBMnlKZExNN0VSdzVLQmlHMGxzVVFYWUt2TU9YeUppMTV3MVdSVFZfbmtqTzJSdUczSFhDaGxJ?oc=5\" target=\"_blank\" rel=\"nofollow noopener\">Prisi\u00f3n sin fianza para el investigado por la muerte de la trabajadora de ayuda a domicilio en O Porri\u00f1o<\/a>&nbsp;&nbsp;Faro de Vigo<\/li>\n<li><a href=\"https:\/\/news.google.com\/rss\/articles\/CBMizgFBVV95cUxPNDJ0Y2ppOW9BZnQteVJ6c21NU3hQR1laODcwbnBGUTBMcFlTUDBTVldlMDZYTHJLbHBfQnFkZ3M5d3Rvb1RTRzFEaHZZeUE5Wjk1ZkhRTmhKdlRIZFlDcXg0RzFfaVkzZjJrSkd3LTM2SmdNdWhrTHEzZ2xHZ21qTldGVHZoOVpuRnlXNkdlSUhRZXdRUXRtdVV1ZUVRZEhYUWRocS04UjV1aXQ5NndRWnNncGFyNDM2Rm1PQUtDRGQyRUdMXzgxMGRlczZFdw?oc=5\" target=\"_blank\" rel=\"nofollow noopener\">A prisi\u00f3n el acusado de asesinar a la trabajadora del SAF de O Porri\u00f1o (Pontevedra)<\/a>&nbsp;&nbsp;El Espa\u00f1ol<\/li>\n<li><a href=\"https:\/\/news.google.com\/rss\/articles\/CBMi-AFBVV95cUxPNEdIUnRub2NhbEM5T3AyaHBwVWg5bmpJSm14bVpZaW0xYVQtWkZKRVkxNG1TM05tQkpydTBEM192WGxzMXAtU3NsazB6cDZVTWFFU094WVcxbkpJR0Y0bHl4VDk5akVSdkUyLXI2LTFKaGFQdW1GU2NUQkRKdEtZbXRpb1ZTLWdhOVJoZnh4d1ozeUo5Y1RnQVo5TXY0cUVHbDAyWC1reTA1dldJR1V0VFZRRWhMUUlCOHJ1VHNHejJ0VjFpckpua1ZlbGN5VXlyS2FUbl9WREhDbzZ1ak95Y0dfd3pLNDJsbl9jV3lhX2hvcTBvRkpFbdIBkwJBVV95cUxQUl9wX3N3emJlSm9wdk1iRmJKYVdsYnZ4MllwTEpiMTJ4Tkxxd3M2NTRWQ0pxM2hvYUFtSjJqcS1kb1hZanFucnRIMEtyVDBnazBxdEtaTGZBTXdPM2ZoYUcxYW9BZVpOdHNYaVBKemxCdEwwU2lBZEg0WHpWVTRoRFpSdV81aWdZbHhYcnVWRlQ0UTBjV0FLSXJmZkhja18yeWF6NnJacnYwcDRia3RXMUFzMWI3eERHSHN3dy1VdTBCdU9QRDRRZEphMGVxbFNpUmh0eXFsRHNRUFRiMVN3Rzc5V1FUN19nVmFwaWJQLS1rclBtQzhLUDZXak9nQ0UwVUEwb3FTczdVaV9KaWVxcFhYVQ?oc=5\" target=\"_blank\" rel=\"nofollow noopener\">Prisi\u00f3n para el hombre detenido en julio por matar a una trabajadora de ayuda a domicilio de O Porri\u00f1o (Pontevedra)<\/a>&nbsp;&nbsp;Infobae<\/li>\n<\/ol>\n","protected":false},"excerpt":{"rendered":"Ingresa en prisi\u00f3n el acusado de asesinar a una cuidadora en O Porri\u00f1o aunque ir\u00e1 a un m\u00f3dulo&hellip;\n","protected":false},"author":2,"featured_media":12281,"comment_status":"","ping_status":"","sticky":false,"template":"","format":"standard","meta":{"footnotes":""},"categories":[8],"tags":[17,18,25,24,13,14,11,19,20,7874,9,10,15,16,10238,23,12,21,22,3518],"class_list":{"0":"post-95593","1":"post","2":"type-post","3":"status-publish","4":"format-standard","5":"has-post-thumbnail","7":"category-espana","8":"tag-breaking-news","9":"tag-breakingnews","10":"tag-es","11":"tag-espana","12":"tag-featured-news","13":"tag-featurednews","14":"tag-headlines","15":"tag-latest-news","16":"tag-latestnews","17":"tag-mos","18":"tag-news","19":"tag-noticias","20":"tag-noticias-destacadas","21":"tag-noticiasdestacadas","22":"tag-o-porrino","23":"tag-spain","24":"tag-titulares","25":"tag-ultimas-noticias","26":"tag-ultimasnoticias","27":"tag-vigo-ciudad"},"share_on_mastodon":{"url":"","error":""},"_links":{"self":[{"href":"https:\/\/www.europesays.com\/es\/wp-json\/wp\/v2\/posts\/95593","targetHints":{"allow":["GET"]}}],"collection":[{"href":"https:\/\/www.europesays.com\/es\/wp-json\/wp\/v2\/posts"}],"about":[{"href":"https:\/\/www.europesays.com\/es\/wp-json\/wp\/v2\/types\/post"}],"author":[{"embeddable":true,"href":"https:\/\/www.europesays.com\/es\/wp-json\/wp\/v2\/users\/2"}],"replies":[{"embeddable":true,"href":"https:\/\/www.europesays.com\/es\/wp-json\/wp\/v2\/comments?post=95593"}],"version-history":[{"count":0,"href":"https:\/\/www.europesays.com\/es\/wp-json\/wp\/v2\/posts\/95593\/revisions"}],"wp:featuredmedia":[{"embeddable":true,"href":"https:\/\/www.europesays.com\/es\/wp-json\/wp\/v2\/media\/12281"}],"wp:attachment":[{"href":"https:\/\/www.europesays.com\/es\/wp-json\/wp\/v2\/media?parent=95593"}],"wp:term":[{"taxonomy":"category","embeddable":true,"href":"https:\/\/www.europesays.com\/es\/wp-json\/wp\/v2\/categories?post=95593"},{"taxonomy":"post_tag","embeddable":true,"href":"https:\/\/www.europesays.com\/es\/wp-json\/wp\/v2\/tags?post=95593"}],"curies":[{"name":"wp","href":"https:\/\/api.w.org\/{rel}","templated":true}]}}