{"id":95598,"date":"2025-09-05T18:08:08","date_gmt":"2025-09-05T18:08:08","guid":{"rendered":"https:\/\/www.europesays.com\/es\/95598\/"},"modified":"2025-09-05T18:08:08","modified_gmt":"2025-09-05T18:08:08","slug":"toreria-de-tomas-bastos-oreja-del-tercero-en-villaseca-de-la-sagra","status":"publish","type":"post","link":"https:\/\/www.europesays.com\/es\/95598\/","title":{"rendered":"Torer\u00eda de Tom\u00e1s Bastos, oreja del tercero en Villaseca de la Sagra"},"content":{"rendered":"<p>La cuarta novillada del <strong>Alfarero de Oro<\/strong> comenz\u00f3 con una muy dispuesta actuaci\u00f3n de <strong>Gonzalo Capdevila<\/strong>, que recibi\u00f3 al serio novillo -un toro en realidad &#8211; de <strong>Conde de Mayalde<\/strong> a porta gayola, y por momentos impregn\u00f3 de gusto fases de toreo por derechazos a embestidas algo protestonas. Mat\u00f3 con contundencia al segundo intento.<\/p>\n<p>El intenso castigo al segundo en el peto del picador, despu\u00e9s de derribarlo en el primer encuentro, diluy\u00f3 su \u00edmpetu llegando al \u00faltimo tercio menguado de fuerza y defendi\u00e9ndose un tanto. <strong>Javier Zulueta<\/strong> anduvo pulcro sin poder alcanzar mayores citas, atasc\u00e1ndose con la espada y escuchando un aviso. Antes <strong>Tom\u00e1s<\/strong> <strong>Bastos<\/strong> dej\u00f3 dos ver\u00f3nicas y media de altura en el quite correspondiente.<\/p>\n<p><strong>Antonio Prieto<\/strong> ejecut\u00f3 un magn\u00edfico primer puyazo al tercero, dando paso a dos grandes quites, uno de <strong>Gonzalo Capdevila<\/strong> y otro del matador titular, <strong>Tom\u00e1s Bastos<\/strong>, ambos a la ver\u00f3nica y a c\u00e1mara lenta. Con la muleta <strong>Bastos<\/strong> llen\u00f3 el escenario con torer\u00eda y firmeza, hilvanando fases de toreo limpio y deletreado, sobre todo al natural, con varios destellos deslumbrantes alargando la embestida del noble utrero de <strong>Mayalde<\/strong>. Y como mat\u00f3 a la primera, de estocada entera aunque algo trasera y ca\u00edda, y a sus manos fue una oreja. El novillo fue ovacionado en el arrastre.<\/p>\n<p><strong>Villaseca de la Sagra (Toledo)<\/strong>, viernes 5 de septiembre de 2025. Novillos de <strong>Conde de Mayalde<\/strong>. <strong>Gonzalo<\/strong> <strong>Capdevila<\/strong>, que sustituye a <strong>Mart\u00edn<\/strong> <strong>Morilla<\/strong>, ovaci\u00f3n con saludos; <strong>Javier<\/strong> <strong>Zulueta<\/strong>, silencio tras aviso; <strong>Tom\u00e1s<\/strong> <strong>Bastos<\/strong>, oreja. <strong>Entrada<\/strong>: M\u00e1s de media plaza.<\/p>\n","protected":false},"excerpt":{"rendered":"La cuarta novillada del Alfarero de Oro comenz\u00f3 con una muy dispuesta actuaci\u00f3n de Gonzalo Capdevila, que recibi\u00f3&hellip;\n","protected":false},"author":2,"featured_media":95599,"comment_status":"","ping_status":"","sticky":false,"template":"","format":"standard","meta":{"footnotes":""},"categories":[277],"tags":[45,21501,373,21502,168,25,24,34425,19178,23,167,34426,374,9519],"class_list":{"0":"post-95598","1":"post","2":"type-post","3":"status-publish","4":"format-standard","5":"has-post-thumbnail","7":"category-toreo","8":"tag-45","9":"tag-alfarero-de-oro","10":"tag-bullfighting","11":"tag-conde-de-mayalde","12":"tag-deportes","13":"tag-es","14":"tag-espana","15":"tag-gonzalo-capdevila","16":"tag-javier-zulueta","17":"tag-spain","18":"tag-sports","19":"tag-tomas-bastos","20":"tag-toreo","21":"tag-villaseca-de-la-sagra"},"share_on_mastodon":{"url":"","error":""},"_links":{"self":[{"href":"https:\/\/www.europesays.com\/es\/wp-json\/wp\/v2\/posts\/95598","targetHints":{"allow":["GET"]}}],"collection":[{"href":"https:\/\/www.europesays.com\/es\/wp-json\/wp\/v2\/posts"}],"about":[{"href":"https:\/\/www.europesays.com\/es\/wp-json\/wp\/v2\/types\/post"}],"author":[{"embeddable":true,"href":"https:\/\/www.europesays.com\/es\/wp-json\/wp\/v2\/users\/2"}],"replies":[{"embeddable":true,"href":"https:\/\/www.europesays.com\/es\/wp-json\/wp\/v2\/comments?post=95598"}],"version-history":[{"count":0,"href":"https:\/\/www.europesays.com\/es\/wp-json\/wp\/v2\/posts\/95598\/revisions"}],"wp:featuredmedia":[{"embeddable":true,"href":"https:\/\/www.europesays.com\/es\/wp-json\/wp\/v2\/media\/95599"}],"wp:attachment":[{"href":"https:\/\/www.europesays.com\/es\/wp-json\/wp\/v2\/media?parent=95598"}],"wp:term":[{"taxonomy":"category","embeddable":true,"href":"https:\/\/www.europesays.com\/es\/wp-json\/wp\/v2\/categories?post=95598"},{"taxonomy":"post_tag","embeddable":true,"href":"https:\/\/www.europesays.com\/es\/wp-json\/wp\/v2\/tags?post=95598"}],"curies":[{"name":"wp","href":"https:\/\/api.w.org\/{rel}","templated":true}]}}