{"id":95681,"date":"2025-09-05T18:57:07","date_gmt":"2025-09-05T18:57:07","guid":{"rendered":"https:\/\/www.europesays.com\/es\/95681\/"},"modified":"2025-09-05T18:57:07","modified_gmt":"2025-09-05T18:57:07","slug":"de-las-mujeres-no-saben-restar-a-hare-todo-lo-posible-para-darle-una-paliza","status":"publish","type":"post","link":"https:\/\/www.europesays.com\/es\/95681\/","title":{"rendered":"de \u00ablas mujeres no saben restar\u00bb a \u00abhar\u00e9 todo lo posible para darle una paliza\u00bb"},"content":{"rendered":"<p class=\"c-paragraph\">En enero de 2026, los tenistas<b> <a href=\"https:\/\/www.20minutos.es\/tags\/deportes\/nick-kyrgios.html\" title=\"Nick Kyrgios\" rel=\"nofollow noopener\" target=\"_blank\">Nick Kyrgios<\/a> y <a href=\"https:\/\/www.20minutos.es\/tags\/deportes\/aryna-sabalenka.html\" title=\"Aryna Sabalenka\" rel=\"nofollow noopener\" target=\"_blank\">Aryna Sabalenka<\/a> se enfrentar\u00e1n en una nueva edici\u00f3n de la Batalla de los Sexos<\/b>, un encuentro que se celebr\u00f3 por primera vez en 1973 entre Billie Jean King y Bobby Riggs, con victoria para la estadounidense.<\/p>\n<p class=\"c-paragraph\">Desde que se anunci\u00f3 hace unos d\u00edas este enfrentamiento, los dos protagonistas<b> est\u00e1n manteniendo una peque\u00f1a guerra<\/b> con cruce de declaraciones que arranc\u00f3 con unas dura palabras de Kyrgios.<\/p>\n<p class=\"c-paragraph\">\u00abVoy a intentar ganar y no me va a ganar. <b>Represento a los hombres, aunque pienso que ella cree lo contrario<\/b>. Me mojo: 6-2&#8243;, arranc\u00f3 dici\u00e9ndole a Aleksandr Bublik, a quien luego asegur\u00f3 que<b> \u00ablas mujeres no saben restar\u00bb<\/b>.<\/p>\n<p class=\"c-paragraph\">Adem\u00e1s, brome\u00f3 que \u00abAryna est\u00e1 en su mejor momento y eso\u00bb le pone \u00abde los nervios. Y dijo creer que si perdiera \u00e9l, \u00abInternet se volver\u00eda loco\u00bb. \u00abEstar\u00e9 bien, me esforzar\u00e9,\u00a0<b><b>no quiero que ella gane<\/b><\/b>, eso seguro\u00bb, termin\u00f3 diciendo.<\/p>\n<p class=\"c-paragraph\">Tras estas declaraciones lleg\u00f3 la respuesta de Sabalenka. \u00abEs una idea genial, espectacular. <b>Ser\u00e1 divertido, sobre todo contra alguien como Nick<\/b>\u00ab, arranc\u00f3 diciendo.\u00a0<\/p>\n<p class=\"c-paragraph\">Y le advirti\u00f3: \u00abComo dijo en otra entrevista, creo de verdad que voy a ganar y que <b>definitivamente saldr\u00e9 a pelear y har\u00e9 todo lo posible para darle una paliza<\/b>\u00ab.<\/p>\n","protected":false},"excerpt":{"rendered":"En enero de 2026, los tenistas Nick Kyrgios y Aryna Sabalenka se enfrentar\u00e1n en una nueva edici\u00f3n de&hellip;\n","protected":false},"author":2,"featured_media":95682,"comment_status":"","ping_status":"","sticky":false,"template":"","format":"standard","meta":{"footnotes":""},"categories":[274],"tags":[4095,168,25,24,69,32796,6044,34439,23,167,327,326],"class_list":{"0":"post-95681","1":"post","2":"type-post","3":"status-publish","4":"format-standard","5":"has-post-thumbnail","7":"category-tenis","8":"tag-batalla","9":"tag-deportes","10":"tag-es","11":"tag-espana","12":"tag-guerra","13":"tag-kyrgios","14":"tag-sabalenka","15":"tag-sexos","16":"tag-spain","17":"tag-sports","18":"tag-tenis","19":"tag-tennis"},"share_on_mastodon":{"url":"","error":""},"_links":{"self":[{"href":"https:\/\/www.europesays.com\/es\/wp-json\/wp\/v2\/posts\/95681","targetHints":{"allow":["GET"]}}],"collection":[{"href":"https:\/\/www.europesays.com\/es\/wp-json\/wp\/v2\/posts"}],"about":[{"href":"https:\/\/www.europesays.com\/es\/wp-json\/wp\/v2\/types\/post"}],"author":[{"embeddable":true,"href":"https:\/\/www.europesays.com\/es\/wp-json\/wp\/v2\/users\/2"}],"replies":[{"embeddable":true,"href":"https:\/\/www.europesays.com\/es\/wp-json\/wp\/v2\/comments?post=95681"}],"version-history":[{"count":0,"href":"https:\/\/www.europesays.com\/es\/wp-json\/wp\/v2\/posts\/95681\/revisions"}],"wp:featuredmedia":[{"embeddable":true,"href":"https:\/\/www.europesays.com\/es\/wp-json\/wp\/v2\/media\/95682"}],"wp:attachment":[{"href":"https:\/\/www.europesays.com\/es\/wp-json\/wp\/v2\/media?parent=95681"}],"wp:term":[{"taxonomy":"category","embeddable":true,"href":"https:\/\/www.europesays.com\/es\/wp-json\/wp\/v2\/categories?post=95681"},{"taxonomy":"post_tag","embeddable":true,"href":"https:\/\/www.europesays.com\/es\/wp-json\/wp\/v2\/tags?post=95681"}],"curies":[{"name":"wp","href":"https:\/\/api.w.org\/{rel}","templated":true}]}}