{"id":95695,"date":"2025-09-05T19:07:13","date_gmt":"2025-09-05T19:07:13","guid":{"rendered":"https:\/\/www.europesays.com\/es\/95695\/"},"modified":"2025-09-05T19:07:13","modified_gmt":"2025-09-05T19:07:13","slug":"harry-potter-vuelve-y-su-nuevo-protagonista-habla-por-primera-vez-de-su-fichaje-fue-surrealista","status":"publish","type":"post","link":"https:\/\/www.europesays.com\/es\/95695\/","title":{"rendered":"&#8216;Harry Potter&#8217; vuelve y su nuevo protagonista habla por primera vez de su fichaje: \u201cFue surrealista\u201d"},"content":{"rendered":"<p id=\"eOkHpy_JqO\" data-wc=\"122\">\u00a1Expelliarmus! El universo m\u00e1gico de <strong>Harry Potte<\/strong>r vuelve a abrir sus puertas. M\u00e1s de dos d\u00e9cadas despu\u00e9s del estreno de la primera pel\u00edcula y con toda una generaci\u00f3n marcada por las aventuras del joven mago, la historia regresa con una ambiciosa serie producida por <strong>HBO<\/strong> que promete conquistar a una nueva audiencia&#8230; y volver a emocionar a los fans de siempre. Poco a poco se van desvelando detalles del proyecto; uno de los m\u00e1s esperados era saber qui\u00e9n tomar\u00eda el relevo de <strong>Daniel Radcliffe<\/strong> para meterse esta vez en la piel del ni\u00f1o que vivi\u00f3. Tras disiparse esa inc\u00f3gnita, <a class=\"hm-link\" href=\"https:\/\/www.hola.com\/actualidad\/20250528834565\/los-protagonistas-de-harry-potter-en-la-serie-de-hbo-estos-son-los-nuevos-harry-hermione-y-ron\/\" data-mrf-recirculation=\"article-body-link\" rel=\"nofollow noopener\" target=\"_blank\">Dominic McLaughlin, el joven actor elegido<\/a>, ha hablado por primera vez sobre c\u00f3mo est\u00e1 viviendo esta experiencia que cambiar\u00e1 su vida para siempre.<\/p>\n<p> <img src=\"https:\/\/www.europesays.com\/es\/wp-content\/uploads\/2025\/09\/e66b59a09741-harry-potter-daniel-radcliffe-dominic-mclaughlin-hbo-warner-bros.jpg\"   width=\"757\" height=\"1024\" loading=\"lazy\" decoding=\"async\" alt=\"Dominic McLaughlin dar\u00e1 vida al joven mago Harry Potter\" fetchpriority=\"auto\" class=\"image ho-image\"\/>\u00a9 HBO<\/p>\n<p id=\"exkt21WP_-\" data-wc=\"146\">Meterse en la piel de un personaje tan ic\u00f3nico no es tarea sencilla. Sabe que todos los ojos est\u00e1n puestos en \u00e9l, pero lejos de asustarse, McLaughlin est\u00e1 emocionado con la aventura que ha comenzado como el aprendiz de mago m\u00e1s famoso del mundo del espect\u00e1culo. Para \u00e9l, este papel va mucho m\u00e1s all\u00e1 de un trabajo que va a cambiarle la vida, si no que representa la materializaci\u00f3n de un deseo que ha tenido desde que tiene uso de raz\u00f3n. En plena promoci\u00f3n de <strong>Grow\u00a0<\/strong>\u2014la pel\u00edcula en la que, curiosamente, comparte pantalla con<strong>\u00a0Nick Frost,<\/strong> quien dar\u00e1 vida a <strong>Hagrid\u00a0<\/strong>en la serie\u2014, Dominic ha desvelado qu\u00e9 sinti\u00f3 la primera vez que se enfund\u00f3 el uniforme de <strong>Hogwarts:<\/strong> \u201c<strong>Fue un poco surrealista, la verdad, porque he sido un gran fan de Harry Potter desde que era peque\u00f1o<\/strong>\u201d, confesaba en una entrevista con BBC News.<\/p>\n<p> <img src=\"https:\/\/www.europesays.com\/es\/wp-content\/uploads\/2025\/09\/a81e0e14d75c-harry-potter6877f441c87d1.jpg\"   width=\"768\" height=\"1024\" loading=\"lazy\" decoding=\"async\" alt=\"Dominic McLaughlin es el nuevo 'Harry Potter'\" fetchpriority=\"auto\" class=\"image ho-image\"\/>\u00a9 HBO Max<\/p>\n<p id=\"eY1Z0wmSK-\" data-wc=\"67\">A sus 11 a\u00f1os, verse ataviado con la t\u00fanica, las ic\u00f3nicas gafas redondas y la cicatriz en la frente que identifica al personaje le hizo sentir que estaba haciendo realidad un sue\u00f1o que siempre lo ha acompa\u00f1ado. \u201c<strong>Era como el papel so\u00f1ado, por supuesto, as\u00ed que estoy encantado de poder interpretarlo<\/strong>\u201d, a\u00f1ad\u00eda sin poder ocultar su alegr\u00eda, dejando claro lo especial que es para \u00e9l este proyecto. \u00a0<\/p>\n<p> <img src=\"https:\/\/www.europesays.com\/es\/wp-content\/uploads\/2025\/09\/80dd6ea1a9dc-dear-mr-potter-miss-granger-and-mr-weasley-we-are-pleased-to-inform-you-tha.jpg\"   width=\"1024\" height=\"682\" loading=\"lazy\" decoding=\"async\" alt=\"Protagonistas de la nueva serie de Harry Potter en HBO \" fetchpriority=\"auto\" class=\"image ho-image\"\/>\u00a9 @hbo<\/p>\n<p id=\"e8OspegsCI\" data-wc=\"114\">La serie de Harry Potter,\u00a0que promete ser una representaci\u00f3n fiel de los libros de <strong>J.K. Rowling\u00a0<\/strong>y est\u00e1 previsto que dure 10 a\u00f1os, se encuentra actualmente en pleno rodaje en los estudios que <strong>Warner Bros\u00a0<\/strong>tiene en <strong>Leavesden, Londres<\/strong>, y se espera que contin\u00fae hasta la primavera de 2026. Junto a McLaughlin estar\u00e1n <strong>Arabella Stanton<\/strong> como la inteligente y valiente<strong>\u00a0Hermione Granger\u00a0<\/strong>\u2014el personaje que inmortaliz\u00f3 <strong>Emma Watson<\/strong>\u2014, y <strong>Alastair Stout\u00a0<\/strong>como el leal y divertid<strong>o Ron Weasley,<\/strong> papel que populariz\u00f3 <strong>Rupert Grint,<\/strong> completando as\u00ed el tr\u00edo m\u00e1gico. Los tres j\u00f3venes actores han sido elegidos entre m\u00e1s de 30.000 aspirantes para continuar el legado de una saga que marc\u00f3 a toda una generaci\u00f3n. \u00a0<\/p>\n<p> <img src=\"https:\/\/www.europesays.com\/es\/wp-content\/uploads\/2025\/09\/d09492566082-nickfrost-hagrid-hbo.jpg\"   width=\"683\" height=\"1024\" loading=\"lazy\" decoding=\"async\" alt=\"Nick Frost caracterizado como el entra\u00f1able Rubeus Hagrid\" fetchpriority=\"auto\" class=\"image ho-image\"\/>\u00a9 HBO<\/p>\n<p> <img src=\"https:\/\/www.europesays.com\/es\/wp-content\/uploads\/2025\/09\/c9857b43183e-hermanos-weasley-nueva-serie-harry-potter.jpg\"   width=\"823\" height=\"1024\" loading=\"lazy\" decoding=\"async\" alt=\"Los nuevos hermanos Weasley de la serie de 'Harry Potter' de HBO\" fetchpriority=\"auto\" class=\"image ho-image\"\/>\u00a9 HBO Max<\/p>\n<p id=\"eDXgpVWLYme\" data-wc=\"113\">Para adentrarse en este mundo de fantas\u00eda, que busca ofrecer una versi\u00f3n m\u00e1s detallada de la historia \u2014desarrollando personajes secundarios, subtramas omitidas y momentos clave de los libros\u2014, la serie cuenta con <a class=\"hm-link\" href=\"https:\/\/www.hola.com\/actualidad\/20250616838032\/quien-es-quien-en-la-serie-de-harry-potter-hbo-desvela-el-reparto-que-tanta-polemica-ha-suscitado\/\" data-mrf-recirculation=\"article-body-link\" rel=\"nofollow noopener\" target=\"_blank\">un elenco de aut\u00e9ntico lujo<\/a>. <strong>John Lithgow<\/strong> ser\u00e1 el carism\u00e1tico <strong>Albus Dumbledore<\/strong>, mientras que <strong>Janet McTeer y Paapa Essiedu\u00a0<\/strong>interpretar\u00e1n a los inolvidables profesores Minerva<strong>\u00a0McGonagall y Severus Snape.<\/strong> El entra\u00f1able <strong>Hagrid<\/strong> estar\u00e1 en manos de<strong>\u00a0Nick Frost,\u00a0<\/strong>mientras que<strong>\u00a0Luke Thallon<\/strong> se meter\u00e1 en la piel del enigm\u00e1tico <strong>Quirinus Quirrell\u00a0<\/strong>y <strong>Paul Whitehouse<\/strong> en la del <strong>vigilante Argus Filch.<\/strong> Adem\u00e1s, <strong>Tristan Harland, Gabriel Harland, Ruari Spooner\u00a0<\/strong>y<strong>\u00a0Gracie Cochrane<\/strong> dar\u00e1n vida a <strong>l<\/strong><strong>os hermanos Weasley: Fred, George, Percy y Ginny.<\/strong><\/p>\n<p> <img src=\"https:\/\/www.europesays.com\/es\/wp-content\/uploads\/2025\/09\/112a4f1f847f-warwicdavisfiliusflitwick-hbo.jpg\"   width=\"823\" height=\"1024\" loading=\"lazy\" decoding=\"async\" alt=\"Warwick Davis vuelve como el Profesor Filius Flitwick en la serie de HBO\" fetchpriority=\"auto\" class=\"image ho-image\"\/>\u00a9 HBO<\/p>\n<p id=\"eQBmgXFwcE\" data-wc=\"131\">Coincidiendo con <strong>Back to Hogwarts,\u00a0<\/strong>un evento global que cada 1 de septiembre re\u00fane a seguidores de todas las edades para celebrar el regreso al ic\u00f3nico Colegio Hogwarts de Magia y Hechicer\u00eda, HBO ten\u00eda reservada una sorpresa y este lunes ha hecho un anuncio que ha hecho las delicias de sus fans: <strong>Warwick Davis<\/strong> regresa al universo de Harry Potter como el profesor <strong>Filius Flitwick.<\/strong> El actor, que ya interpret\u00f3 a este entra\u00f1able personaje en la saga original, se une a la nueva serie aportando un toque de nostalgia y continuidad en medio de un reparto renovado que busca revitalizar el universo creado por J.K. Rowling, pero manteniendo la esencia que conquist\u00f3 a millones de lectores y espectadores en todo el mundo. Sin duda, la magia est\u00e1 m\u00e1s viva que nunca.<\/p>\n<p>El colegio Hogwarts de Magia y Hechicer\u00eda muy pronto volver\u00e1 a abrir sus puertas con una nueva serie. Daniel Radcliffe, Emma Watson y Rupert Grint dieron vida a los alumnos m\u00e1s famosos de Hogwarts en las pel\u00edculas que llevaron a la pantalla los libros de J.K. Rowling. Han pasado casi 25 a\u00f1os desde que se pusieron ante las c\u00e1maras por primera vez. \u00bfC\u00f3mo han cambiado sus vidas desde entonces? Te contamos en este v\u00eddeo<\/p>\n","protected":false},"excerpt":{"rendered":"\u00a1Expelliarmus! El universo m\u00e1gico de Harry Potter vuelve a abrir sus puertas. M\u00e1s de dos d\u00e9cadas despu\u00e9s del&hellip;\n","protected":false},"author":2,"featured_media":95696,"comment_status":"","ping_status":"","sticky":false,"template":"","format":"standard","meta":{"footnotes":""},"categories":[169],"tags":[517,177,7065,146,147,25,24,176,3999,11943,175,23,807],"class_list":{"0":"post-95695","1":"post","2":"type-post","3":"status-publish","4":"format-standard","5":"has-post-thumbnail","7":"category-cine","8":"tag-actualidad","9":"tag-cine","10":"tag-el-buscador-de-series","11":"tag-entertainment","12":"tag-entretenimiento","13":"tag-es","14":"tag-espana","15":"tag-film","16":"tag-harry-potter","17":"tag-hbo","18":"tag-movies","19":"tag-spain","20":"tag-television"},"share_on_mastodon":{"url":"","error":""},"_links":{"self":[{"href":"https:\/\/www.europesays.com\/es\/wp-json\/wp\/v2\/posts\/95695","targetHints":{"allow":["GET"]}}],"collection":[{"href":"https:\/\/www.europesays.com\/es\/wp-json\/wp\/v2\/posts"}],"about":[{"href":"https:\/\/www.europesays.com\/es\/wp-json\/wp\/v2\/types\/post"}],"author":[{"embeddable":true,"href":"https:\/\/www.europesays.com\/es\/wp-json\/wp\/v2\/users\/2"}],"replies":[{"embeddable":true,"href":"https:\/\/www.europesays.com\/es\/wp-json\/wp\/v2\/comments?post=95695"}],"version-history":[{"count":0,"href":"https:\/\/www.europesays.com\/es\/wp-json\/wp\/v2\/posts\/95695\/revisions"}],"wp:featuredmedia":[{"embeddable":true,"href":"https:\/\/www.europesays.com\/es\/wp-json\/wp\/v2\/media\/95696"}],"wp:attachment":[{"href":"https:\/\/www.europesays.com\/es\/wp-json\/wp\/v2\/media?parent=95695"}],"wp:term":[{"taxonomy":"category","embeddable":true,"href":"https:\/\/www.europesays.com\/es\/wp-json\/wp\/v2\/categories?post=95695"},{"taxonomy":"post_tag","embeddable":true,"href":"https:\/\/www.europesays.com\/es\/wp-json\/wp\/v2\/tags?post=95695"}],"curies":[{"name":"wp","href":"https:\/\/api.w.org\/{rel}","templated":true}]}}